{"id":5434,"date":"2010-12-28T19:15:36","date_gmt":"2010-12-28T22:15:36","guid":{"rendered":"http:\/\/www.r2cpress.com.br\/v1\/?p=5434"},"modified":"2010-12-28T19:15:36","modified_gmt":"2010-12-28T22:15:36","slug":"a-coluna-do-jonildo-5","status":"publish","type":"post","link":"https:\/\/www.r2cpress.com.br\/v1\/2010\/12\/28\/a-coluna-do-jonildo-5\/","title":{"rendered":"A Coluna do Jonildo"},"content":{"rendered":"<p><img align = \"left\" src = \"http:\/\/www.r2cpress.com.br\/v1\/wp-content\/uploads\/jonildo-gl%C3%B3ria.jpg\"\/><strong>Sangue novo<\/strong><\/p>\n<p>O empres\u00e1rio Nilton Cruz ser\u00e1 presidente da Associa\u00e7\u00e3o Comercial de Ilh\u00e9us. A elei\u00e7\u00e3o com chapa \u00fanica ocorre em janeiro. Nilton Cruz foi escolhido por sua lideran\u00e7a empresarial, com livre tr\u00e2nsito nos governos estadual e federal<\/p>\n<p>Nilton Cruz foi diretor\u2013presidente da Sudic, autarquia vinculada \u00e0 Secretaria da Ind\u00fastria, Com\u00e9rcio e Minera\u00e7\u00e3o. Durante o per\u00edodo em que esteve \u00e0 frente da Sudic, Nilton Cruz implementou uma s\u00e9rie de projetos voltados parta o desenvolvimento da Bahia.<\/p>\n<p>A Associa\u00e7\u00e3o Comercial se prepara para comemorar o seu centen\u00e1rio de funda\u00e7\u00e3o e assim, definir os seus novos rumos.<\/p>\n<p><strong>Ilh\u00e9us est\u00e1 bem<\/strong><\/p>\n<p><!--more--><\/p>\n<p>O Banco do Brasil, prestando o servi\u00e7o que sempre presta, ficou sem funcionar mais de uma semana.<\/p>\n<p>Nenhuma nota, nenhuma informa\u00e7\u00e3o.<\/p>\n<p>Numa mal escrita e lac\u00f4nica nota afixada nas suas paredes indicavam alternativas para opera\u00e7\u00f5es: Na UESC, estava sem funcionar; na Prefeitura, sem dinheiro e s\u00f3 das 8 as 18;  no Aeroporto, n\u00e3o tinha dinheiro; na rodovi\u00e1ria, n\u00e3o funcionava; na agencia do Malhado, sem dinheiro; e por ai vai.<\/p>\n<p>Na cidade os \u00f3rg\u00e3os que deveriam estar berrando na defesa dos interesses locais, um sil\u00eancio ensurdecedor.<\/p>\n<p>Os consumidores, sem op\u00e7\u00e3o preferiam ir a Itabuna, sacavam o que lhe era necess\u00e1rio e faziam suas compras sem a barulheira infernal dos carros de som daqui.<\/p>\n<p>Preju\u00edzo para o com\u00e9rcio?<\/p>\n<p>Acho que n\u00e3o.<\/p>\n<p><strong>Lixo dom\u00e9stico<\/strong><\/p>\n<p>A Professora Bel Lopes, da Academia Temperado no Tempo, leu na Folha, gostou e come\u00e7ou a divulgar:<\/p>\n<p>\u201cOs consumidores que n\u00e3o separarem o lixo seco do \u00famido estar\u00e3o sujeitos a multas, segundo decreto publicado na quinta-feira no Di\u00e1rio Oficial. O texto regulamenta a Pol\u00edtica Nacional de Res\u00edduos S\u00f3lidos, que trata da destina\u00e7\u00e3o adequada do lixo no Pa\u00eds.<\/p>\n<p>Entre outras medidas, o decreto prev\u00ea penalidades para aqueles que n\u00e3o cumprirem as obriga\u00e7\u00f5es estabelecidas na coleta seletiva e nos sistemas de log\u00edstica reversa, pelo qual aparelhos eletroeletr\u00f4nicos, pilhas e pneus ter\u00e3o de retornar aos fabricantes. A puni\u00e7\u00e3o pode vir em forma de advert\u00eancia e, em caso de reincid\u00eancia, multas de R$ 50 a R$ 500 que poder\u00e3o ser convertidas em &#8220;servi\u00e7os de preserva\u00e7\u00e3o, melhoria e recupera\u00e7\u00e3o da qualidade do meio ambiente&#8221;.<\/p>\n<p>Tamb\u00e9m est\u00e3o previstas multas entre R$ 5 mil e R$ 50 milh\u00f5es para infra\u00e7\u00f5es ambientais, como o lan\u00e7amento de res\u00edduos s\u00f3lidos em praias. Para a importa\u00e7\u00e3o de res\u00edduos perigosos, os valores chegam a R$ 10 milh\u00f5es.<\/p>\n<p>Sancionada em agosto pelo presidente Lula, a lei prev\u00ea a substitui\u00e7\u00e3o dos lix\u00f5es por aterros sanit\u00e1rios; a cria\u00e7\u00e3o de planos municipais, estaduais e federal para a gest\u00e3o dos res\u00edduos; e o incentivo a linhas de financiamento de cooperativas, que devem auxiliar a coleta seletiva e a log\u00edstica reversa de produtos.<\/p>\n<p>A fiscaliza\u00e7\u00e3o dever\u00e1 ser feita por \u00f3rg\u00e3os municipais.><\/p>\n<p>A lei representa uma revolu\u00e7\u00e3o na forma como a sociedade lida com o lixo, avalia o secret\u00e1rio de Recursos H\u00eddricos e Ambiente Urbano do Minist\u00e9rio do Meio Ambiente (MMA), Silvano Silv\u00e9rio. &#8220;Ela depende do consumidor, pois tudo parte dele para que o ritual ocorra. O texto responsabiliza de forma compartilhada toda a cadeia produtiva.<\/p>\n<p>Para o presidente da Associa\u00e7\u00e3o Brasileira de Empresas de Tratamento de Res\u00edduos (Abetre), Di\u00f3genes Del Bel, o sucesso da lei ser\u00e1 determinado pelas iniciativas do governo e do setor. &#8220;\u00c9 dif\u00edcil penalizar o consumidor, \u00e9 uma quest\u00e3o difusa. Uma preocupa\u00e7\u00e3o que temos \u00e9 a defini\u00e7\u00e3o de metas de log\u00edstica reversa.&#8221;<\/p>\n<p>Outros pontos<\/p>\n<p>Responsabilidade compartilhada<\/p>\n<p>Fabricantes, importadores, distribuidores, comerciantes, consumidores e titulares dos servi\u00e7os p\u00fablicos de limpeza e manejo de res\u00edduos s\u00f3lidos s\u00e3o considerados respons\u00e1veis pelo ciclo de vida dos produtos.<\/p>\n<p>Redu\u00e7\u00e3o do lixo<\/p>\n<p>Geradores de res\u00edduos s\u00f3lidos ter\u00e3o de adotar medidas para reduzir a quantidade produzida.<\/p>\n<p>Cronograma<\/p>\n<p>Presidido pelo Minist\u00e9rio do Meio Ambiente, um comit\u00ea deve fixar cronogramas para a implanta\u00e7\u00e3o dos sistemas de log\u00edstica reversa.\u201d<\/p>\n<p><strong>Felicidade<\/strong><\/p>\n<p>Jabes Ribeiro \u00e9 s\u00f3 sorrisos o amigo e deputado federal e presidente do PP, M\u00e1rio Negromonte  desembarca no Minist\u00e9rio das Cidades no governo Dilma.<\/p>\n<p>No pr\u00f3ximo ano nos encontramos.<\/p>\n<p>Felicidades para todos<\/p>\n<p>&#8212;<br \/>\njonildogloria@gmail.com<\/p>\n","protected":false},"excerpt":{"rendered":"<p>Sangue novo O empres\u00e1rio Nilton Cruz ser\u00e1 presidente da Associa\u00e7\u00e3o Comercial de Ilh\u00e9us. A elei\u00e7\u00e3o com chapa \u00fanica ocorre em janeiro. Nilton Cruz foi escolhido por sua lideran\u00e7a empresarial, com livre tr\u00e2nsito nos governos estadual e federal Nilton Cruz foi diretor\u2013presidente da Sudic, autarquia vinculada \u00e0 Secretaria da Ind\u00fastria, Com\u00e9rcio e Minera\u00e7\u00e3o. Durante o per\u00edodo [&hellip;]<\/p>\n","protected":false},"author":2,"featured_media":0,"comment_status":"open","ping_status":"open","sticky":false,"template":"","format":"standard","meta":{"_links_to":"","_links_to_target":""},"categories":[10],"tags":[],"_links":{"self":[{"href":"https:\/\/www.r2cpress.com.br\/v1\/wp-json\/wp\/v2\/posts\/5434"}],"collection":[{"href":"https:\/\/www.r2cpress.com.br\/v1\/wp-json\/wp\/v2\/posts"}],"about":[{"href":"https:\/\/www.r2cpress.com.br\/v1\/wp-json\/wp\/v2\/types\/post"}],"author":[{"embeddable":true,"href":"https:\/\/www.r2cpress.com.br\/v1\/wp-json\/wp\/v2\/users\/2"}],"replies":[{"embeddable":true,"href":"https:\/\/www.r2cpress.com.br\/v1\/wp-json\/wp\/v2\/comments?post=5434"}],"version-history":[{"count":2,"href":"https:\/\/www.r2cpress.com.br\/v1\/wp-json\/wp\/v2\/posts\/5434\/revisions"}],"predecessor-version":[{"id":5436,"href":"https:\/\/www.r2cpress.com.br\/v1\/wp-json\/wp\/v2\/posts\/5434\/revisions\/5436"}],"wp:attachment":[{"href":"https:\/\/www.r2cpress.com.br\/v1\/wp-json\/wp\/v2\/media?parent=5434"}],"wp:term":[{"taxonomy":"category","embeddable":true,"href":"https:\/\/www.r2cpress.com.br\/v1\/wp-json\/wp\/v2\/categories?post=5434"},{"taxonomy":"post_tag","embeddable":true,"href":"https:\/\/www.r2cpress.com.br\/v1\/wp-json\/wp\/v2\/tags?post=5434"}],"curies":[{"name":"wp","href":"https:\/\/api.w.org\/{rel}","templated":true}]}}