{"id":54496,"date":"2012-11-28T13:06:03","date_gmt":"2012-11-28T16:06:03","guid":{"rendered":"http:\/\/www.r2cpress.com.br\/v1\/?p=54496"},"modified":"2012-11-28T15:10:20","modified_gmt":"2012-11-28T18:10:20","slug":"prefeitura-municipal-de-ilheus-383","status":"publish","type":"post","link":"https:\/\/www.r2cpress.com.br\/v1\/2012\/11\/28\/prefeitura-municipal-de-ilheus-383\/","title":{"rendered":"Prefeitura  Municipal de Ilh\u00e9us"},"content":{"rendered":"<p><center><a href=\"http:\/\/www.r2cpress.com.br\/v1\/wp-content\/uploads\/MONT-CAPA-04-F_.jpg\"><img loading=\"lazy\" src=\"http:\/\/www.r2cpress.com.br\/v1\/wp-content\/uploads\/MONT-CAPA-04-F_.jpg\" alt=\"\" title=\"MONT CAPA 04 F_\" width=\"550\" height=\"426\" class=\"aligncenter size-full wp-image-54497\" srcset=\"https:\/\/www.r2cpress.com.br\/v1\/wp-content\/uploads\/MONT-CAPA-04-F_.jpg 550w, https:\/\/www.r2cpress.com.br\/v1\/wp-content\/uploads\/MONT-CAPA-04-F_-300x232.jpg 300w\" sizes=\"(max-width: 550px) 100vw, 550px\" \/><\/a><br \/>\nPrefeito destaca investimentos  do Governo do Estado em Ilh\u00e9us<br \/>\nPrefeitura e Caixa concluem nesta quinta-feira sorteio do \u201cMinha Casa\u201d<br \/>\nIlh\u00e9us sediar\u00e1 I Semin\u00e1rio de Apresenta\u00e7\u00e3o da Aten\u00e7\u00e3o Domiciliar do Sul da Bahia<\/center><\/p>\n<p><!--more--><\/p>\n<p>***<\/p>\n<p><strong>Prefeito destaca investimentos  do Governo do Estado em Ilh\u00e9us<\/strong><\/p>\n<p>O governador da Bahia, Jaques Wagner, estar\u00e1 em Ilh\u00e9us nesta quinta-feira (29) para inaugurar importantes obras para a cidade e ainda anunciar\u00e1 servi\u00e7os de infraestrutura que v\u00e3o proporcionar um novo ciclo de desenvolvimento na regi\u00e3o. Na lista de inaugura\u00e7\u00f5es est\u00e1 o Departamento de Pol\u00edcia T\u00e9cnica (DPT) e o Terminal Pesqueiro. Jaques Wagner tamb\u00e9m anunciar\u00e1 o in\u00edcio da constru\u00e7\u00e3o da nova ponte Centro-Pontal, a duplica\u00e7\u00e3o da BR-415, a manuten\u00e7\u00e3o e amplia\u00e7\u00e3o do Porto de Ilh\u00e9us e a implanta\u00e7\u00e3o do Complexo Intermodal Porto Sul.<br \/>\nPara o prefeito de Ilh\u00e9us, Newton Lima, todos esses investimentos confirmam o compromisso do Governo do Estado com a cidade, realizando obras e a\u00e7\u00f5es que ser\u00e3o fundamentais para o desenvolvimento da regi\u00e3o e que v\u00e3o garantir mais conforto, seguran\u00e7a e comodidade para os ilheenses e turistas, al\u00e9m da gera\u00e7\u00e3o de emprego e renda. Um dos servi\u00e7os destacados pelo prefeito \u00e9 o in\u00edcio da constru\u00e7\u00e3o da nova ponte, uma obra que Jaques Wagner prometeu que come\u00e7aria antes do final desse ano. Newton Lima tamb\u00e9m citou a inaugura\u00e7\u00e3o do DPT, a luta pela implanta\u00e7\u00e3o do Porto Sul e o Terminal Pesqueiro, obras que ser\u00e3o fundamentais para a gera\u00e7\u00e3o de mais emprego e renda para toda a regi\u00e3o.<br \/>\nSomente no Terminal Pesqueiro de Ilh\u00e9us foram investidos recursos na ordem de R$ 10 milh\u00f5es, que v\u00e3o beneficiar cerca de 20 mil pescadores que vivem da pesca artesanal na cidade. Na avalia\u00e7\u00e3o do governador, esse investimento vai ajudar o povo que vive da pesca, com embarca\u00e7\u00f5es de pequeno e m\u00e9dio porte que v\u00e3o melhorar a forma de comercializar o pescado, fruto do seu trabalho. De acordo com o governador, a Bahia \u00e9 o terceiro maior produtor de pescados do Brasil, perdendo apenas para Santa Catarina e para o Par\u00e1, da\u00ed a necessidade de se investir cada vez mais na infraestrutura da pesca.<br \/>\nOutra importante inaugura\u00e7\u00e3o ser\u00e1 o Departamento de Pol\u00edcia T\u00e9cnica, constru\u00eddo em uma \u00e1rea de 355,96 metros quadrados no centro da cidade, correspondendo a um investimento de constru\u00e7\u00e3o de R$ 680.000,00, que somados \u00e0s aquisi\u00e7\u00f5es de equipamentos t\u00e9cnicos e de inform\u00e1tica atingem um investimento total de um milh\u00e3o de reais. Al\u00e9m das amplas instala\u00e7\u00f5es f\u00edsicas, a nova unidade recebeu tamb\u00e9m viaturas, sendo um carro para transporte de cad\u00e1veres (rabec\u00e3o) e uma caminhonete tipo pick-up, que estar\u00e3o dispon\u00edveis para os mais diversos servi\u00e7os de per\u00edcias criminais. Na \u00e1rea de recursos humanos, o DPT de Ilh\u00e9us vai contar com cinco peritos criminais, cinco peritos t\u00e9cnicos, quatro peritos m\u00e9dicos legistas, dois servidores administrativos, tr\u00eas auxiliares de servi\u00e7os gerais.<br \/>\nHomenagem \u2013 Logo ap\u00f3s as inaugura\u00e7\u00f5es, Jaques Wagner participar\u00e1, junto com o prefeito Newton Lima, da solenidade em comemora\u00e7\u00e3o ao centen\u00e1rio da Associa\u00e7\u00e3o Comercial de Ilh\u00e9us (ACI), onde ser\u00e3o homenageados pelos investimentos na cidade. Durante a solenidade, o presidente da ACI, Nilton Cruz, adiantou que vai solicitar ao governador que interceda junto \u00e0 Codeba para que sejam realizadas obras de moderniza\u00e7\u00e3o do Porto do Malhado, em Ilh\u00e9us, como a conclus\u00e3o da retro\u00e1rea e o aumento da profundidade do cais de atraca\u00e7\u00e3o para 12 metros.<\/p>\n<p><strong>Prefeitura e Caixa concluem nesta quinta-feira sorteio do \u201cMinha Casa\u201d<\/strong><\/p>\n<p>Iniciado na \u00faltima ter\u00e7a-feira (27), o sorteio das unidades do Programa \u201cMinha Casa, Minha Vida\u201d em Ilh\u00e9us vai at\u00e9 esta quinta-feira (29), no Gin\u00e1sio de Esportes Herval Soledade. No total, ser\u00e3o 1.300 casas, distribu\u00eddas em tr\u00eas condom\u00ednios: os residenciais Morada das Brisas, com 496 unidades habitacionais; o Morada das \u00c1guas I e II, com 488, e o Morada do Porto, com 292 unidades. E nesta quinta-feira (29), ser\u00e3o sorteadas 496 unidades do Residencial Morada das Brisas. A lista com a rela\u00e7\u00e3o dos beneficiados de cada dia j\u00e1 est\u00e1 afixada no pr\u00f3prio Gin\u00e1sio de Esportes e tamb\u00e9m na sede da Secretaria de Assist\u00eancia Social e Trabalho (Sast), na avenida Itabuna.<br \/>\nPara o sorteio, o prefeito Newton Lima, a Sast e a Caixa Econ\u00f4mica Federal est\u00e3o convocando todos os beneficiados com as unidades para comparecerem ao Gin\u00e1sio de Esportes, munidos de documentos de identifica\u00e7\u00e3o com foto. O n\u00e3o comparecimento para o sorteio nestas datas implicar\u00e1 na autom\u00e1tica exclus\u00e3o do programa Minha Casa, Minha Vida. A data da entrega das chaves das casas aos beneficiados e a assinatura dos contratos de posse tamb\u00e9m j\u00e1 est\u00e1 definida. Ser\u00e1 nos dias 19 e 20 de dezembro. Os primeiros 24 im\u00f3veis sorteados beneficiaram Portadores de Necessidades Especiais (PNE), que receber\u00e3o im\u00f3veis totalmente adaptados.<br \/>\nAs 1.300 unidades do Minha Casa, Minha Vida em Ilh\u00e9us est\u00e3o localizadas em uma \u00e1rea privilegiada situada no bairro do Banco da Vit\u00f3ria. As casas ser\u00e3o entregues completas, com piso em cer\u00e2mica, boxe no banheiro, portas, janelas e demais itens de acabamento. No ato da entrega, o respons\u00e1vel por cada uma das unidades receber\u00e1 ainda um kit de metais, composto por torneiras, ma\u00e7anetas, entre outros itens. Al\u00e9m da infraestrutura completa, os novos moradores ter\u00e3o acesso a diversos servi\u00e7os, como sa\u00fade e transporte e muitos espa\u00e7os de lazer, como campo de futebol, pra\u00e7as e parque infantil, entre outros equipamentos.<br \/>\nNa parte externa est\u00e3o sendo constru\u00eddos uma creche, Posto de Sa\u00fade da Fam\u00edlia (PSF), m\u00f3dulo policial, quatro parques infantis, duas quadras poliesportivas, quiosques e uma ciclovia que ter\u00e1 1,2 quil\u00f4metro. Tudo isso sem contar que 24 im\u00f3veis est\u00e3o sendo totalmente adaptados para atender pessoas com defici\u00eancia. O prefeito de Ilh\u00e9us, Newton Lima acompanhou cada etapa da implanta\u00e7\u00e3o do programa na cidade e destacou a import\u00e2ncia do Minha Casa Minha Vida para as fam\u00edlias que n\u00e3o tinham onde morar ou que viviam em condi\u00e7\u00f5es de mis\u00e9ria e que agora passar\u00e3o a dispor de um im\u00f3vel pr\u00f3prio e em excelentes condi\u00e7\u00f5es, com toda uma infraestrutura para uma melhor qualidade de vida.<\/p>\n<p><strong>Ilh\u00e9us sediar\u00e1 I Semin\u00e1rio de Apresenta\u00e7\u00e3o da Aten\u00e7\u00e3o Domiciliar do Sul da Bahia<\/strong><\/p>\n<p>O audit\u00f3rio do Hotel Barravento, no bairro do Malhado, ser\u00e1 palco do I Semin\u00e1rio de Apresenta\u00e7\u00e3o da Aten\u00e7\u00e3o Domiciliar do Sul da Bahia \u2013 Ilh\u00e9us, evento que ser\u00e1 promovido pela secretaria municipal da Sa\u00fade, nos pr\u00f3ximos dias 6 e 7 de dezembro. Para o semin\u00e1rio, est\u00e3o sendo convidados trabalhadores e gestores do Sistema de Atendimento Domiciliar (SAD) de Ilh\u00e9us, da Aten\u00e7\u00e3o B\u00e1sica e da Secretaria do Estado da Bahia, al\u00e9m de representantes de diversos outros segmentos. Um dos objetivos da iniciativa \u00e9 apresentar o Programa \u201cMelhor em Casa\u201d, trabalho desenvolvido pelo Governo Federal e que se encontra em fase de implanta\u00e7\u00e3o no munic\u00edpio de Ilh\u00e9us.<br \/>\nCom o Programa \u201cMelhor em Casa\u201d, pessoas com necessidade de reabilita\u00e7\u00e3o motora, idosos, pacientes cr\u00f4nicos sem agravamento ou em situa\u00e7\u00e3o p\u00f3s-cir\u00fargica, por exemplo, passar\u00e3o a ter assist\u00eancia multiprofissional gratuita em seus lares. O atendimento ser\u00e1 feito por equipes multidisciplinares, formadas prioritariamente por m\u00e9dicos, enfermeiros, t\u00e9cnicos em enfermagem e fisioterapeuta. Outros profissionais (fonoaudi\u00f3logos, nutricionistas, odont\u00f3logos, psic\u00f3logos e farmac\u00eauticos) poder\u00e3o compor as equipes de apoio. Cada equipe poder\u00e1 atender, em m\u00e9dia, 60 pacientes, simultaneamente. O programa tamb\u00e9m ajudar\u00e1 a reduzir as filas nos hospitais de emerg\u00eancia, j\u00e1 que a assist\u00eancia, quando houver a indica\u00e7\u00e3o m\u00e9dica, passar\u00e1 a ser feita na pr\u00f3pria resid\u00eancia do paciente, desde que haja o consentimento da fam\u00edlia.<br \/>\nEntre os benef\u00edcios listados pelo Minist\u00e9rio da Sa\u00fade, encontram-se a melhoria e a amplia\u00e7\u00e3o da assist\u00eancia no SUS a pacientes com agravamentos de sa\u00fade, que possam receber atendimento humanizado em casa e, consequentemente, perto da fam\u00edlia. Estudos encomendados pelo governo federal afirmam que o bem-estar, o carinho e a aten\u00e7\u00e3o familiar, aliados \u00e0 adequada assist\u00eancia em sa\u00fade, s\u00e3o elementos importantes para a recupera\u00e7\u00e3o de doen\u00e7as. Ancorado nessa realidade, o Minist\u00e9rio da Sa\u00fade quer que, atrav\u00e9s do Programa \u201cMelhor em Casa\u201d, pacientes submetidos a cirurgias e que necessitam de recupera\u00e7\u00e3o sejam atendidos em casa, estrat\u00e9gia que tamb\u00e9m ser\u00e1 importante para diminuir os freq\u00fcentes riscos de contamina\u00e7\u00e3o e infec\u00e7\u00e3o.<\/p>\n<p>Segundo o Governo Federal, o \u201cMelhor em Casa\u201d representar\u00e1 avan\u00e7os para a gest\u00e3o de todo o sistema p\u00fablico de sa\u00fade, j\u00e1 que ajudar\u00e1 a desocupar os leitos hospitalares, proporcionando um melhor atendimento e regula\u00e7\u00e3o dos servi\u00e7os de urg\u00eancia dos hospitais. Segundo t\u00e9cnicos federais, estima-se (estimativa do Departamento de Aten\u00e7\u00e3o B\u00e1sica e da Coordena\u00e7\u00e3o Geral de Gest\u00e3o Hospitalar) que com a implanta\u00e7\u00e3o da Aten\u00e7\u00e3o Domiciliar venha a ser obtida uma economia de at\u00e9 80% nos custos         de um paciente, quando comparado ao mesmo paciente internado em um hospital.<\/p>\n<p>Funcionamento \u2013 O \u201cMelhor em Casa\u201d \u00e9 executado em parceria com estados e munic\u00edpios.  O programa est\u00e1 articulado com as Redes de Aten\u00e7\u00e3o \u00e0 Sa\u00fade (Sa\u00fade Mais Perto de Voc\u00ea e Sa\u00fade Toda Hora), lan\u00e7adas pelo governo federal para ampliar a assist\u00eancia, respectivamente, na Aten\u00e7\u00e3o B\u00e1sica e nos casos de urg\u00eancia e emerg\u00eancia no SUS. As equipes do \u201cMelhor em Casa\u201d atuar\u00e3o de maneira integrada com os servi\u00e7os da Aten\u00e7\u00e3o B\u00e1sica, Unidades com Salas de Estabiliza\u00e7\u00e3o, Upas, Samu 192 e com as unidades hospitalares. Diferentemente do que ocorre na maioria dos projetos de aten\u00e7\u00e3o domiciliar j\u00e1 existente, as equipes do \u201cMelhor em Casa\u201d atuar\u00e3o vinculadas a uma central de regula\u00e7\u00e3o controlada pela secretaria de sa\u00fade dos munic\u00edpios ou estados e n\u00e3o a um hospital. Assim, ao ser acionada, a central ter\u00e1 a oportunidade de selecionar a equipe do local onde o paciente mora visando \u00e0 presta\u00e7\u00e3o da assist\u00eancia.<\/p>\n<p>A abertura solene do I Semin\u00e1rio de Apresenta\u00e7\u00e3o da Aten\u00e7\u00e3o Domiciliar do Sul da Bahia \u2013 Ilh\u00e9us acontecer\u00e1 por volta das 8h30min, com o pronunciamento de autoridades locais, estaduais e federais. Na sequ\u00eancia, t\u00e9cnicos do Minist\u00e9rio da Sa\u00fade estar\u00e3o realizando uma pequena mostra do programa \u201cMelhor em Casa\u201d. Depois de um r\u00e1pido lanche, apresenta\u00e7\u00e3o da experi\u00eancia do SAD de Ilh\u00e9us diante da nova proposta de atua\u00e7\u00e3o com o \u201cMelhor em Casa\u201d. Na parte da tarde, a partir das 14 horas, in\u00edcio das oficinas e, a partir das 16 horas, realiza\u00e7\u00e3o das plen\u00e1rias. No dia 7, a partir das 9 horas, apresenta\u00e7\u00e3o da experi\u00eancia do SAD de Eun\u00e1polis, seguida de uma rodada de debates e apresenta\u00e7\u00e3o de questionamentos. Por volta das 10 horas, visita aos Servi\u00e7os de Aten\u00e7\u00e3o Domiciliar do munic\u00edpio de Ilh\u00e9us e, encerrando, \u00e0s 11 horas, discuss\u00e3o envolvendo os profissionais do SAD, munic\u00edpio, estado e FESF sobre            as perspectivas e desafios para o Servi\u00e7o de Aten\u00e7\u00e3o Domiciliar no ano de 2013.<\/p>\n","protected":false},"excerpt":{"rendered":"<p>Prefeito destaca investimentos do Governo do Estado em Ilh\u00e9us Prefeitura e Caixa concluem nesta quinta-feira sorteio do \u201cMinha Casa\u201d Ilh\u00e9us sediar\u00e1 I Semin\u00e1rio de Apresenta\u00e7\u00e3o da Aten\u00e7\u00e3o Domiciliar do Sul da Bahia<\/p>\n","protected":false},"author":2,"featured_media":0,"comment_status":"open","ping_status":"open","sticky":false,"template":"","format":"standard","meta":{"_links_to":"","_links_to_target":""},"categories":[23],"tags":[],"_links":{"self":[{"href":"https:\/\/www.r2cpress.com.br\/v1\/wp-json\/wp\/v2\/posts\/54496"}],"collection":[{"href":"https:\/\/www.r2cpress.com.br\/v1\/wp-json\/wp\/v2\/posts"}],"about":[{"href":"https:\/\/www.r2cpress.com.br\/v1\/wp-json\/wp\/v2\/types\/post"}],"author":[{"embeddable":true,"href":"https:\/\/www.r2cpress.com.br\/v1\/wp-json\/wp\/v2\/users\/2"}],"replies":[{"embeddable":true,"href":"https:\/\/www.r2cpress.com.br\/v1\/wp-json\/wp\/v2\/comments?post=54496"}],"version-history":[{"count":4,"href":"https:\/\/www.r2cpress.com.br\/v1\/wp-json\/wp\/v2\/posts\/54496\/revisions"}],"predecessor-version":[{"id":54504,"href":"https:\/\/www.r2cpress.com.br\/v1\/wp-json\/wp\/v2\/posts\/54496\/revisions\/54504"}],"wp:attachment":[{"href":"https:\/\/www.r2cpress.com.br\/v1\/wp-json\/wp\/v2\/media?parent=54496"}],"wp:term":[{"taxonomy":"category","embeddable":true,"href":"https:\/\/www.r2cpress.com.br\/v1\/wp-json\/wp\/v2\/categories?post=54496"},{"taxonomy":"post_tag","embeddable":true,"href":"https:\/\/www.r2cpress.com.br\/v1\/wp-json\/wp\/v2\/tags?post=54496"}],"curies":[{"name":"wp","href":"https:\/\/api.w.org\/{rel}","templated":true}]}}