{"id":54511,"date":"2012-11-28T18:22:19","date_gmt":"2012-11-28T21:22:19","guid":{"rendered":"http:\/\/www.r2cpress.com.br\/v1\/?p=54511"},"modified":"2012-11-28T18:22:19","modified_gmt":"2012-11-28T21:22:19","slug":"tem-tempo","status":"publish","type":"post","link":"https:\/\/www.r2cpress.com.br\/v1\/2012\/11\/28\/tem-tempo\/","title":{"rendered":"TEM TEMPO"},"content":{"rendered":"<p><img loading=\"lazy\" alt=\"\" src=\"http:\/\/www.r2cpress.com.br\/v1\/wp-content\/uploads\/zecarlos-r2cpress_reduzida.jpg\" class=\"alignright\" width=\"300\" height=\"207\" \/>Como acredito em Papai Noel, tamb\u00e9m acredito que ainda tempo do nosso alcaide inventar qualquer desculpa para n\u00e3o comparecer ao banquete de anivers\u00e1rio da centen\u00e1ria senhora Associa\u00e7\u00e3o Comercial de Ilh\u00e9us.<br \/>\nSubstituto n\u00e3o falta, inclusive temos um servidor p\u00fablico preparado para qualquer tipo de evento e que com certeza n\u00e3o ser\u00e1 motivo de rejei\u00e7\u00e3o por parte do povo, pois se trata de uma pessoa com livre acesso e sem nenhum rabo de palha que possa lhe atrapalhar o acesso ao pal\u00e1cio da ACI.<br \/>\nDesnecess\u00e1rio citar o nome do servidor, basta que nos lembremos de quem ficou no palanque no dia da comemora\u00e7\u00e3o ao 7 de Setembro.<br \/>\nN\u00e3o ser\u00e1 necess\u00e1rio que o dito servidor fa\u00e7a discurso de agradecimento, apenas receba das m\u00e3os do presidente da entidade a devida e merecida comenda e com um simples aperto de m\u00e3os encerre o protocolo e na sa\u00edda amasse o diploma e jogue no lix\u00e3o que fica em frente ao antigo Col\u00e9gio Afonso de Carvalho.<br \/>\nSuficientemente correto este gesto que aliviar\u00e1 a alma do povo.<br \/>\nH\u00e1 de se convir que numa festa de 100 anos a nostalgia vai rolar solta, afinal de contas s\u00e3o anos de exist\u00eancia na vida da cidade e que merece ser comemorado com todas as pompas.<br \/>\nS\u00f3 que a idade da senhora n\u00e3o permite exageros, principalmente em se levando em considera\u00e7\u00e3o o grave sintoma, melhor dizendo doen\u00e7a que lhe acomete no momento (esquecimento, n\u00e3o sabe o que est\u00e1 fazendo, pensa que est\u00e1 no s\u00e9culo passado, coisas desse tipo que s\u00f3 os inc\u00f4modos da doen\u00e7a podem explicar).<br \/>\nA cidade est\u00e1 em alvoro\u00e7o, o galego travestido de Papai Noel, atrelado ao tren\u00f3 e suas renas, dever\u00e1 descer dos c\u00e9us trazendo mil presentes para os ilheenses, ser\u00e1 recebido por alguns insistentes militantes do partid\u00e3o (aqueles mesmos que n\u00e3o sabem de nada do que est\u00e1 acontecendo em nosso pa\u00eds).<br \/>\nQuem pensa que a pra\u00e7a dos dois poderes estar\u00e1 livre para os convidados da festa est\u00e1 enganado, com certeza este local que abriga de um lado o Pal\u00e1cio Paranagu\u00e1 e do outro o Pal\u00e1cio do Povo, ser\u00e1 tomado por felizes servidores p\u00fablicos, os nossos barnab\u00e9s, gritando e cobrando por sal\u00e1rios atrasados e algumas coisitas mais.<br \/>\nEspera-se inclusive que o espa\u00e7o seja limpo da sujeira existente, s\u00f3 n\u00e3o se sabe quem ir\u00e1 realizar a dita limpeza.<br \/>\nQuem viver ver\u00e1! Esta hil\u00e1ria festa ser\u00e1 um dia vista no ba\u00fa da vida da cidade, com as fotos dos principais personagens (infelizmente a cores) e ser\u00e1 revista por quem ainda estiver com vida e sa\u00fade.<br \/>\nDe minha parte e longe do palco principal, jamais esquecerei esta festa de arromba:<br \/>\n<b> Veja quem chegou de repente, o galego com mil presentes para os ilheenses, enquanto os convidados se amontoavam nos sal\u00f5es, l\u00e1 fora o corre corre do povo a bradar e vaiar, hey! hey! que onda, que festa de arromba!<\/b><br \/>\nVamos \u00e0 festa! O desvario dos homens insensatos nos leva a conviver com este tipo de homenagem e com a certeza que o dever n\u00e3o foi cumprido, mas sim, com uma id\u00e9ia maluca e sem prop\u00f3sito.<\/p>\n<p><b>Z\u00c9CARLOS JUNIOR<\/b><\/p>\n","protected":false},"excerpt":{"rendered":"<p>Como acredito em Papai Noel, tamb\u00e9m acredito que ainda tempo do nosso alcaide inventar qualquer desculpa para n\u00e3o comparecer ao banquete de anivers\u00e1rio da centen\u00e1ria senhora Associa\u00e7\u00e3o Comercial de Ilh\u00e9us. Substituto n\u00e3o falta, inclusive temos um servidor p\u00fablico preparado para qualquer tipo de evento e que com certeza n\u00e3o ser\u00e1 motivo de rejei\u00e7\u00e3o por parte [&hellip;]<\/p>\n","protected":false},"author":2,"featured_media":0,"comment_status":"open","ping_status":"open","sticky":false,"template":"","format":"standard","meta":{"_links_to":"","_links_to_target":""},"categories":[10],"tags":[],"_links":{"self":[{"href":"https:\/\/www.r2cpress.com.br\/v1\/wp-json\/wp\/v2\/posts\/54511"}],"collection":[{"href":"https:\/\/www.r2cpress.com.br\/v1\/wp-json\/wp\/v2\/posts"}],"about":[{"href":"https:\/\/www.r2cpress.com.br\/v1\/wp-json\/wp\/v2\/types\/post"}],"author":[{"embeddable":true,"href":"https:\/\/www.r2cpress.com.br\/v1\/wp-json\/wp\/v2\/users\/2"}],"replies":[{"embeddable":true,"href":"https:\/\/www.r2cpress.com.br\/v1\/wp-json\/wp\/v2\/comments?post=54511"}],"version-history":[{"count":2,"href":"https:\/\/www.r2cpress.com.br\/v1\/wp-json\/wp\/v2\/posts\/54511\/revisions"}],"predecessor-version":[{"id":54513,"href":"https:\/\/www.r2cpress.com.br\/v1\/wp-json\/wp\/v2\/posts\/54511\/revisions\/54513"}],"wp:attachment":[{"href":"https:\/\/www.r2cpress.com.br\/v1\/wp-json\/wp\/v2\/media?parent=54511"}],"wp:term":[{"taxonomy":"category","embeddable":true,"href":"https:\/\/www.r2cpress.com.br\/v1\/wp-json\/wp\/v2\/categories?post=54511"},{"taxonomy":"post_tag","embeddable":true,"href":"https:\/\/www.r2cpress.com.br\/v1\/wp-json\/wp\/v2\/tags?post=54511"}],"curies":[{"name":"wp","href":"https:\/\/api.w.org\/{rel}","templated":true}]}}