{"id":54570,"date":"2012-11-29T13:15:04","date_gmt":"2012-11-29T16:15:04","guid":{"rendered":"http:\/\/www.r2cpress.com.br\/v1\/?p=54570"},"modified":"2012-11-29T13:15:04","modified_gmt":"2012-11-29T16:15:04","slug":"jabes-reivindica-a-car-investimentos-para-o-interior-de-ilheus","status":"publish","type":"post","link":"https:\/\/www.r2cpress.com.br\/v1\/2012\/11\/29\/jabes-reivindica-a-car-investimentos-para-o-interior-de-ilheus\/","title":{"rendered":"Jabes reivindica \u00e0 CAR investimentos para o interior de Ilh\u00e9us"},"content":{"rendered":"<p>O prefeito eleito de Ilh\u00e9us, Jabes Ribeiro (PP), reuniu-se esta semana, em Salvador, com o diretor-executivo da Companhia de A\u00e7\u00f5es Regionais (CAR), Jos\u00e9 Vivaldo Mendon\u00e7a Filho, garantindo apoio do governo estadual para obras e programas direcionados aos distritos, vilas e povoados do munic\u00edpio. Entre eles, a revitaliza\u00e7\u00e3o da ind\u00fastria de beneficiamento de leite do Santo Ant\u00f4nio, constru\u00e7\u00e3o e reforma de pontes e a melhoria das estradas vicinais.<br \/>\n<div id=\"attachment_54571\" style=\"width: 560px\" class=\"wp-caption aligncenter\"><a href=\"http:\/\/www.r2cpress.com.br\/v1\/wp-content\/uploads\/Jabes-em-reuni\u00e3o-com-diretor-executivo-da-CAR-Vivaldo-Mendon\u00e7a-Filho-2.jpg\"><img aria-describedby=\"caption-attachment-54571\" loading=\"lazy\" src=\"http:\/\/www.r2cpress.com.br\/v1\/wp-content\/uploads\/Jabes-em-reuni\u00e3o-com-diretor-executivo-da-CAR-Vivaldo-Mendon\u00e7a-Filho-2.jpg\" alt=\"\" title=\"Jabes em reuni\u00e3o com diretor-executivo da CAR, Vivaldo Mendon\u00e7a Filho (2)\" width=\"550\" height=\"326\" class=\"size-full wp-image-54571\" srcset=\"https:\/\/www.r2cpress.com.br\/v1\/wp-content\/uploads\/Jabes-em-reuni\u00e3o-com-diretor-executivo-da-CAR-Vivaldo-Mendon\u00e7a-Filho-2.jpg 550w, https:\/\/www.r2cpress.com.br\/v1\/wp-content\/uploads\/Jabes-em-reuni\u00e3o-com-diretor-executivo-da-CAR-Vivaldo-Mendon\u00e7a-Filho-2-300x177.jpg 300w\" sizes=\"(max-width: 550px) 100vw, 550px\" \/><\/a><p id=\"caption-attachment-54571\" class=\"wp-caption-text\">Jabes em reuni\u00e3o com diretor-executivo da CAR, Vivaldo Mendon\u00e7a Filho<\/p><\/div><br \/>\nA cria\u00e7\u00e3o de uma unidade de beneficiamento de produtos agr\u00edcolas na \u00e1rea do antigo matadouro municipal, no Banco da Vit\u00f3ria, foi outro tema do encontro. Jabes considera esta iniciativa importante para o fortalecimento da agricultura familiar de toda a regi\u00e3o. \u201cA ideia \u00e9 melhorar a capacidade de comercializa\u00e7\u00e3o dos pequenos produtores, que podem se tornar os principais fornecedores para a merenda escolar da rede municipal de educa\u00e7\u00e3o\u201d, justifica.<br \/>\nJabes e Vivaldo Mendon\u00e7a conversaram ainda sobre a requalifica\u00e7\u00e3o das centrais de abastecimento do Malhado e da Urbis, investimento que o prefeito eleito aponta como essencial \u00e0 melhoria da qualidade de vida dos ilheenses. A CAR \u00e9 um \u00f3rg\u00e3o ligado \u00e0 Secretaria de Desenvolvimento e Integra\u00e7\u00e3o Regional da Bahia, dirigida pelo engenheiro agr\u00f4nomo Wilson Alves de Brito Filho, do partido de Jabes, o PP.<\/p>\n","protected":false},"excerpt":{"rendered":"<p>O prefeito eleito de Ilh\u00e9us, Jabes Ribeiro (PP), reuniu-se esta semana, em Salvador, com o diretor-executivo da Companhia de A\u00e7\u00f5es Regionais (CAR), Jos\u00e9 Vivaldo Mendon\u00e7a Filho, garantindo apoio do governo estadual para obras e programas direcionados aos distritos, vilas e povoados do munic\u00edpio. Entre eles, a revitaliza\u00e7\u00e3o da ind\u00fastria de beneficiamento de leite do Santo [&hellip;]<\/p>\n","protected":false},"author":2,"featured_media":0,"comment_status":"open","ping_status":"open","sticky":false,"template":"","format":"standard","meta":{"_links_to":"","_links_to_target":""},"categories":[22],"tags":[],"_links":{"self":[{"href":"https:\/\/www.r2cpress.com.br\/v1\/wp-json\/wp\/v2\/posts\/54570"}],"collection":[{"href":"https:\/\/www.r2cpress.com.br\/v1\/wp-json\/wp\/v2\/posts"}],"about":[{"href":"https:\/\/www.r2cpress.com.br\/v1\/wp-json\/wp\/v2\/types\/post"}],"author":[{"embeddable":true,"href":"https:\/\/www.r2cpress.com.br\/v1\/wp-json\/wp\/v2\/users\/2"}],"replies":[{"embeddable":true,"href":"https:\/\/www.r2cpress.com.br\/v1\/wp-json\/wp\/v2\/comments?post=54570"}],"version-history":[{"count":3,"href":"https:\/\/www.r2cpress.com.br\/v1\/wp-json\/wp\/v2\/posts\/54570\/revisions"}],"predecessor-version":[{"id":54574,"href":"https:\/\/www.r2cpress.com.br\/v1\/wp-json\/wp\/v2\/posts\/54570\/revisions\/54574"}],"wp:attachment":[{"href":"https:\/\/www.r2cpress.com.br\/v1\/wp-json\/wp\/v2\/media?parent=54570"}],"wp:term":[{"taxonomy":"category","embeddable":true,"href":"https:\/\/www.r2cpress.com.br\/v1\/wp-json\/wp\/v2\/categories?post=54570"},{"taxonomy":"post_tag","embeddable":true,"href":"https:\/\/www.r2cpress.com.br\/v1\/wp-json\/wp\/v2\/tags?post=54570"}],"curies":[{"name":"wp","href":"https:\/\/api.w.org\/{rel}","templated":true}]}}