{"id":5459,"date":"2010-12-29T07:26:35","date_gmt":"2010-12-29T10:26:35","guid":{"rendered":"http:\/\/www.r2cpress.com.br\/v1\/?p=5459"},"modified":"2010-12-29T07:26:35","modified_gmt":"2010-12-29T10:26:35","slug":"medicos-estancam-sangramento-abdominal-de-alencar","status":"publish","type":"post","link":"https:\/\/www.r2cpress.com.br\/v1\/2010\/12\/29\/medicos-estancam-sangramento-abdominal-de-alencar\/","title":{"rendered":"M\u00e9dicos estancam sangramento abdominal de Alencar"},"content":{"rendered":"<p>O vice-presidente Jos\u00e9 Alencar foi submetido nesta ter\u00e7a-feira, 28, a uma arteriografia, que durou quatro horas e acabou por volta das 20h30. O trabalho consistiu na busca de uma pequena art\u00e9ria que eventualmente nutria o tumor em sangramento. Segundo cirurgi\u00e3o Raul Cutait, o tumor fica no abdome, &#8220;grudado e invadindo o intestino delgado&#8221;.<\/p>\n<p>&#8220;O vice-presidente n\u00e3o teve mais sangramento intenso como aquele que levou \u00e0 cirurgia, mas nesses dias todos persistia um certo grau de sangramento que come\u00e7ou a criar problemas cl\u00ednicos. Ent\u00e3o, optou-se hoje (ter\u00e7a-feira) pela angiografia&#8221;, disse. &#8220;O doutor Carnevalle (o m\u00e9dico intervencionista Francisco Carnevalle) conseguiu fechar a art\u00e9ria e esperamos que o tumor pare de sangrar.&#8221;<\/p>\n<p><!--more--><\/p>\n<p>Na avalia\u00e7\u00e3o de Cutait, o procedimento foi &#8220;bem resolvido&#8221;. &#8220;O vice-presidente est\u00e1 bem&#8221;, disse o cirurgi\u00e3o. Ao ser indagado sobre o fato de o procedimento ter durado tantas horas, justificou: &#8220;Porque \u00e9 dif\u00edcil pra burro fazer isso.&#8221;<\/p>\n<p>O m\u00e9dico Francisco Carnevalle explicou como foi a interven\u00e7\u00e3o. &#8220;Foram realizadas duas etapas, uma arteriografia diagn\u00f3stica, que \u00e9 o estudo dos vasos que nutriam o tumor, e um cateterismo superseletivo com um cateter de 1 mil\u00edmetro de di\u00e2metro at\u00e9 o tumor. Chegando ao tumor e identificamos o foco que vinha sangrando. O sangramento era muito pequeno, no entanto foi diagnosticado e tratado atrav\u00e9s da t\u00e9cnica de emboliza\u00e7\u00e3o&#8221;, afirmou.<\/p>\n<p>Carnevalle explicou que a emboliza\u00e7\u00e3o \u00e9 a inje\u00e7\u00e3o de microesferas de acr\u00edlico, revestidas por col\u00e1geno, com o objetivo de fechar mecanicamente os vasos comprometidos. &#8220;As microesferas s\u00e3o muito pequeninas, como gr\u00e3o de a\u00e7\u00facar&#8221;, disse. Essas microesferas, conforme o m\u00e9dico, foram colocadas no vaso respons\u00e1vel pelo gotejamento do tumor localizado no intestino e respons\u00e1vel pelo sangramento.<\/p>\n<p>Ao serem indagados sobre a possibilidade de Jos\u00e9 Alencar comparecer \u00e0 posse da presidente eleita Dilma Rousseff no s\u00e1bado, em Bras\u00edlia, os m\u00e9dicos explicaram que ser\u00e3o necess\u00e1rias de 48 horas a 72 horas para avaliar a evolu\u00e7\u00e3o do estado do paciente e verificar se eventualmente n\u00e3o ocorrer\u00e1 nenhuma complica\u00e7\u00e3o, como novos sangramentos. Segundo os m\u00e9dicos, Alencar est\u00e1 reagindo bem ao procedimento realizado.<\/p>\n<p>&#8212;<br \/>\nNo <a href = \"http:\/\/atarde.com.br\/politica\/noticia.jsf?id=5667234\" target = \"target = \"_news\"><b>A TARDE ON LINE<\/b><\/a><\/p>\n","protected":false},"excerpt":{"rendered":"<p>O vice-presidente Jos\u00e9 Alencar foi submetido nesta ter\u00e7a-feira, 28, a uma arteriografia, que durou quatro horas e acabou por volta das 20h30. O trabalho consistiu na busca de uma pequena art\u00e9ria que eventualmente nutria o tumor em sangramento. Segundo cirurgi\u00e3o Raul Cutait, o tumor fica no abdome, &#8220;grudado e invadindo o intestino delgado&#8221;. &#8220;O vice-presidente [&hellip;]<\/p>\n","protected":false},"author":2,"featured_media":0,"comment_status":"open","ping_status":"open","sticky":false,"template":"","format":"standard","meta":{"_links_to":"","_links_to_target":""},"categories":[18],"tags":[],"_links":{"self":[{"href":"https:\/\/www.r2cpress.com.br\/v1\/wp-json\/wp\/v2\/posts\/5459"}],"collection":[{"href":"https:\/\/www.r2cpress.com.br\/v1\/wp-json\/wp\/v2\/posts"}],"about":[{"href":"https:\/\/www.r2cpress.com.br\/v1\/wp-json\/wp\/v2\/types\/post"}],"author":[{"embeddable":true,"href":"https:\/\/www.r2cpress.com.br\/v1\/wp-json\/wp\/v2\/users\/2"}],"replies":[{"embeddable":true,"href":"https:\/\/www.r2cpress.com.br\/v1\/wp-json\/wp\/v2\/comments?post=5459"}],"version-history":[{"count":2,"href":"https:\/\/www.r2cpress.com.br\/v1\/wp-json\/wp\/v2\/posts\/5459\/revisions"}],"predecessor-version":[{"id":5461,"href":"https:\/\/www.r2cpress.com.br\/v1\/wp-json\/wp\/v2\/posts\/5459\/revisions\/5461"}],"wp:attachment":[{"href":"https:\/\/www.r2cpress.com.br\/v1\/wp-json\/wp\/v2\/media?parent=5459"}],"wp:term":[{"taxonomy":"category","embeddable":true,"href":"https:\/\/www.r2cpress.com.br\/v1\/wp-json\/wp\/v2\/categories?post=5459"},{"taxonomy":"post_tag","embeddable":true,"href":"https:\/\/www.r2cpress.com.br\/v1\/wp-json\/wp\/v2\/tags?post=5459"}],"curies":[{"name":"wp","href":"https:\/\/api.w.org\/{rel}","templated":true}]}}