{"id":54611,"date":"2012-11-29T19:19:37","date_gmt":"2012-11-29T22:19:37","guid":{"rendered":"http:\/\/www.r2cpress.com.br\/v1\/?p=54611"},"modified":"2012-11-29T19:19:37","modified_gmt":"2012-11-29T22:19:37","slug":"legiao-da-boa-vontade-lbv-6","status":"publish","type":"post","link":"https:\/\/www.r2cpress.com.br\/v1\/2012\/11\/29\/legiao-da-boa-vontade-lbv-6\/","title":{"rendered":"Legi\u00e3o da Boa Vontade (LBV)."},"content":{"rendered":"<p><strong>por Paiva Netto<\/p>\n<p>Aids \u2014 n\u00e3o esmorecer a luta<\/strong><\/p>\n<p><div style=\"width: 190px\" class=\"wp-caption alignleft\"><img loading=\"lazy\" alt=\"Paiva Netto\" src=\"http:\/\/www.r2cpress.com.br\/v1\/wp-content\/uploads\/Jos%C3%A9-de-Paiva-Netto-fevereiro-2011_.jpg\" title=\"Paiva Netto\" width=\"180\" height=\"229\" \/><p class=\"wp-caption-text\">Paiva Netto<\/p><\/div>Em 1\u00b0 de dezembro temos o Dia Mundial da Luta contra a Aids. Trata-se de batalha a ser travada diariamente, com esclarecimento, preven\u00e7\u00e3o e, o que \u00e9 mais importante, sem qualquer tipo de preconceito, que, como tenho defendido h\u00e1 anos, agride mais que a doen\u00e7a. Apesar de avan\u00e7os alcan\u00e7ados nos \u00faltimos anos, n\u00e3o nos esque\u00e7amos de que novas gera\u00e7\u00f5es surgem e n\u00e3o possuem o mesmo conhecimento da enfermidade que as anteriores adquiriram, ficando, assim, mais vulner\u00e1veis ao cont\u00e1gio desse mal. Acho, portanto, muito oportuno apresentar-lhes trechos de uma mat\u00e9ria de Karine Salles, do portal Boa Vontade:<\/p>\n<p>\u201cApesar da tend\u00eancia \u00e0 estabilidade, a epidemia de HIV\/aids afeta de maneira diferenciada as diversas regi\u00f5es do mundo. De acordo com o Relat\u00f3rio Global 2011, do Programa Conjunto das Na\u00e7\u00f5es Unidas sobre HIV\/aids (Unaids), existem 34 milh\u00f5es de pessoas com o v\u00edrus. No Brasil, s\u00e3o cerca de 630 mil. A organiza\u00e7\u00e3o reconheceu que novas infec\u00e7\u00f5es e mortes relacionadas \u00e0 aids ca\u00edram para os n\u00edveis mais baixos desde o pico da epidemia, na d\u00e9cada de 1990.<\/p>\n<p>\u201cAo portal Boa Vontade, o dr. Pedro Chequer, coordenador-geral do Unaids no Brasil, ressaltou os avan\u00e7os brasileiros para coibir a doen\u00e7a. \u2018Desde os anos 1990, o pa\u00eds adotou a pol\u00edtica de acesso ao antirretroviral pelo Sistema \u00danico de Sa\u00fade (SUS), e, gra\u00e7as a ele, foi poss\u00edvel a manuten\u00e7\u00e3o dessa pol\u00edtica nos dias de hoje.\u2019 O Brasil foi um dos pioneiros a distribuir, gratuitamente, toda a medica\u00e7\u00e3o necess\u00e1ria para o combate ao v\u00edrus.<\/p>\n<p><!--more--><\/p>\n<p>\u201cNo estudo, o programa apontou que o modelo brasileiro de preven\u00e7\u00e3o ao HIV e \u00e0 assist\u00eancia ao portador do v\u00edrus \u00e9 um dos melhores do planeta, sobretudo no tratamento de popula\u00e7\u00f5es mais vulner\u00e1veis. Contudo, os dados registram que as regi\u00f5es Norte e Nordeste sofrem com o aumento da mortalidade e do n\u00famero de novos casos. E, de modo surpreendente, na regi\u00e3o Sul a epidemia tem crescido, e a ocorr\u00eancia de mortes tamb\u00e9m. (&#8230;)<\/p>\n<p>\u201cO tratamento \u00e9 relativamente alto e, segundo o dr. Chequer, \u2018varia de pa\u00eds a pa\u00eds\u2019. Na atualidade, s\u00e3o gastos R$ 800 milh\u00f5es para atender 200 mil pacientes, o que d\u00e1 uma m\u00e9dia de R$ 4 mil por indiv\u00edduo. \u2018Esse custo, nos anos 1990, era superior a R$ 20 mil\u2019, disse o m\u00e9dico. Ele refor\u00e7ou: \u2018O mais importante agora, com as pesquisas, \u00e9, primeiro, estabelecer uma agenda de mobiliza\u00e7\u00e3o social, dos meios de comunica\u00e7\u00e3o, da comunidade, de lideran\u00e7as locais, para que possam estar envolvidos nesse processo. E, segundo, analisar a quest\u00e3o da amplia\u00e7\u00e3o da testagem para diagn\u00f3stico mais precoce\u2019\u201d.<\/p>\n<p>O dr. Pedro Chequer encaminhou ainda um e-mail \u00e0 equipe do portal Boa Vontade, em que revela sua admira\u00e7\u00e3o pelo Templo da Paz, como \u00e9 conhecido o monumento mais visitado de Bras\u00edlia, Brasil: \u201cSou um frequentador do Templo da Boa Vontade e, sempre que h\u00e1 visitas do exterior, fa\u00e7o quest\u00e3o de lev\u00e1-las para conhecer o local. Este fato se soma \u00e0 minha miss\u00e3o de buscar informar e disseminar o conhecimento sobre a aids\u201d.<\/p>\n<p>Tamb\u00e9m numa entrevista ao portal Boa Vontade, encontramos o testemunho da pedagoga Nair Brito, portadora do HIV h\u00e1 18 anos: \u201cCom 30 anos de epidemia, muita gente ainda nos estigmatiza, e isso \u00e9 ruim. \u00c9 um desafio superado a cada dia, e voc\u00ea acorda agradecendo por estar viva, pedindo a Jesus que permane\u00e7amos vivendo com dignidade\u201d. Para finalizar, Nair fez um alerta: \u201cQuem n\u00e3o est\u00e1 infectado com o HIV se proteja. Proteja-se mesmo, porque n\u00e3o \u00e9 bom viver com HIV, mesmo tendo os medicamentos\u201d.<\/p>\n<p><strong>Jos\u00e9 de Paiva Netto \u00e9 jornalista, radialista e escritor.<br \/>\npaivanetto@lbv.org.br \u2014 www.boavontade.com<\/strong><\/p>\n","protected":false},"excerpt":{"rendered":"<p>por Paiva Netto Aids \u2014 n\u00e3o esmorecer a luta Em 1\u00b0 de dezembro temos o Dia Mundial da Luta contra a Aids. Trata-se de batalha a ser travada diariamente, com esclarecimento, preven\u00e7\u00e3o e, o que \u00e9 mais importante, sem qualquer tipo de preconceito, que, como tenho defendido h\u00e1 anos, agride mais que a doen\u00e7a. Apesar [&hellip;]<\/p>\n","protected":false},"author":2,"featured_media":0,"comment_status":"open","ping_status":"open","sticky":false,"template":"","format":"standard","meta":{"_links_to":"","_links_to_target":""},"categories":[12],"tags":[],"_links":{"self":[{"href":"https:\/\/www.r2cpress.com.br\/v1\/wp-json\/wp\/v2\/posts\/54611"}],"collection":[{"href":"https:\/\/www.r2cpress.com.br\/v1\/wp-json\/wp\/v2\/posts"}],"about":[{"href":"https:\/\/www.r2cpress.com.br\/v1\/wp-json\/wp\/v2\/types\/post"}],"author":[{"embeddable":true,"href":"https:\/\/www.r2cpress.com.br\/v1\/wp-json\/wp\/v2\/users\/2"}],"replies":[{"embeddable":true,"href":"https:\/\/www.r2cpress.com.br\/v1\/wp-json\/wp\/v2\/comments?post=54611"}],"version-history":[{"count":3,"href":"https:\/\/www.r2cpress.com.br\/v1\/wp-json\/wp\/v2\/posts\/54611\/revisions"}],"predecessor-version":[{"id":54614,"href":"https:\/\/www.r2cpress.com.br\/v1\/wp-json\/wp\/v2\/posts\/54611\/revisions\/54614"}],"wp:attachment":[{"href":"https:\/\/www.r2cpress.com.br\/v1\/wp-json\/wp\/v2\/media?parent=54611"}],"wp:term":[{"taxonomy":"category","embeddable":true,"href":"https:\/\/www.r2cpress.com.br\/v1\/wp-json\/wp\/v2\/categories?post=54611"},{"taxonomy":"post_tag","embeddable":true,"href":"https:\/\/www.r2cpress.com.br\/v1\/wp-json\/wp\/v2\/tags?post=54611"}],"curies":[{"name":"wp","href":"https:\/\/api.w.org\/{rel}","templated":true}]}}