{"id":54717,"date":"2012-12-01T14:33:07","date_gmt":"2012-12-01T17:33:07","guid":{"rendered":"http:\/\/www.r2cpress.com.br\/v1\/?p=54717"},"modified":"2012-12-01T14:33:07","modified_gmt":"2012-12-01T17:33:07","slug":"advento","status":"publish","type":"post","link":"https:\/\/www.r2cpress.com.br\/v1\/2012\/12\/01\/advento\/","title":{"rendered":"ADVENTO"},"content":{"rendered":"<p><div style=\"width: 246px\" class=\"wp-caption alignleft\"><img loading=\"lazy\" alt=\"Dom Mauro Montagnoli \/ Bispo diocesano de Ilh\u00e9us\" src=\"http:\/\/www.r2cpress.com.br\/v1\/wp-content\/uploads\/dom-Mauro_2261.jpg\" title=\"Dom Mauro Montagnoli \/ Bispo diocesano de Ilh\u00e9us\" width=\"236\" height=\"255\" \/><p class=\"wp-caption-text\">Dom Mauro Montagnoli \/ Bispo diocesano de Ilh\u00e9us<\/p><\/div>No domingo, dia 2 de dezembro, iniciamos mais um ano lit\u00fargico com o tempo do Advento.<\/p>\n<p>Advento, ou o \u201cdia da vinda\u201d, \u00e9 um tempo de prepara\u00e7\u00e3o para receber o Senhor que vem e se manifesta a n\u00f3s. Sua manifesta\u00e7\u00e3o tem dois aspectos:<\/p>\n<p>1. Sua manifesta\u00e7\u00e3o em nossa carne ao nascer, e constitui a sua 1\u00aa vinda.<\/p>\n<p>2. Sua manifesta\u00e7\u00e3o em gl\u00f3ria e majestade no final dos tempos, e constitui a 2\u00aa vinda.<\/p>\n<p>Rezamos na ora\u00e7\u00e3o do Pref\u00e1cio I: \u201cRevestido da nossa fragilidade, ele veio a primeira vez para realizar seu eterno plano de amor e abrir-nos o caminho da salva\u00e7\u00e3o. Revestido de sua gl\u00f3ria, ele vir\u00e1 uma segunda vez para conceder-nos em plenitude os bens prometidos que hoje, vigilantes, esperamos\u201d.<\/p>\n<p>O tempo de advento tem dupla estrutura: advento escatol\u00f3gico e advento natal\u00edcio. O primeiro compreende o tempo que vai do 1\u00b0 domingo do advento ao dia 16 de dezembro; o segundo vai do dia 17 a 24 de dezembro, que \u00e9 o tempo de prepara\u00e7\u00e3o mais imediata para a festa do natal.<\/p>\n<p>\u00c9 importante compreender bem esta distin\u00e7\u00e3o para se poder celebrar com mais proveito para a nossa vida espiritual o tempo de advento. Infelizmente j\u00e1 estamos focados na festa do natal com todos os enfeites, sons e cores e nos esquecemos da prepara\u00e7\u00e3o do cora\u00e7\u00e3o e da mente. Sendo assim, devemos deixar para colocar os enfeites natalinos, inclusive a montagem do pres\u00e9pio, para o tempo do advento natal\u00edcio, depois do dia 16 de dezembro.<\/p>\n<p><!--more--><\/p>\n<p>&#8220;A celebra\u00e7\u00e3o da vinda do Senhor no tempo do advento vem ao encontro de nossa busca fundamental. Somos seres de desejo, inacaba\u00addos, sempre \u2018em devir\u2019, assim como a realidade social e c\u00f3smica da qual fazemos parte. Elementos rituais pr\u00f3prios deste tempo lit\u00fargico expres\u00adsam e nos ajudam a incorporar esta dimens\u00e3o do mist\u00e9rio de nossas vidas: leituras b\u00edblicas, cantos, a prece \u201cVem Senhor Jesus\u201d, a cor roxa ou rosada, a coroa de advento, as ant\u00edfonas do \u00d3. Ouvindo a promessa da plena realiza\u00e7\u00e3o do Reino de Deus, cresce a expectativa e podemos afir\u00admar confiantes: \u201cum outro mundo \u00e9 poss\u00edvel\u201d. Cheios de esperan\u00e7a suplicamos: \u201cVenha a n\u00f3s o vosso Reino\u201d e atendemos ao convite para a vigil\u00e2ncia e a espera ativa, preparando os caminhos do Senhor&#8221;. (Ione Buyst)<\/p>\n<p>No primeiro domingo somos convocados a atitudes bem concretas diante da vinda do Filho do Homem: levantar, erguer a cabe\u00e7a, tomar cuidado, ficar atentos. Ou seja, \u00e9 preciso ficar de p\u00e9 diante do Filho do Homem.<\/p>\n<p>S\u00e3o Bernardo, abade (sec. XII), num de seus serm\u00f5es, dizia: \u201cConhecemos uma tr\u00edplice vinda do Senhor. Entre a primeira e a \u00faltima h\u00e1 uma vinda intermedi\u00e1ria. Aquelas s\u00e3o vis\u00edveis, mas, esta n\u00e3o. Na primeira vinda, o Senhor apareceu na terra e conviveu com os homens. Foi ent\u00e3o, como ele pr\u00f3prio declara, que o viram e n\u00e3o o quiseram receber. Na \u00faltima, todo homem ver\u00e1 a salva\u00e7\u00e3o de Deus (Lc 3,6) e olhar\u00e3o para aquele que transpassaram (Zc 11,10). A vinda intermedi\u00e1ria \u00e9 oculta e nela somente os eleitos o v\u00eaem em si mes\u00admos e recebem a salva\u00e7\u00e3o. Na primeira, o Senhor veio na fraqueza da carne; na intermedi\u00e1ria, vem espiritualmente, manifestando o poder de sua gra\u00e7a; na \u00faltima, vir\u00e1 com todo o esplendor da sua gl\u00f3ria. Esta vinda intermedi\u00e1ria \u00e9, portanto, como um caminho que con\u00adduz da primeira \u00e0 \u00faltima; na primeira, Cristo foi nossa reden\u00e7\u00e3o; na \u00faltima, aparecer\u00e1 como nossa vida; na intermedi\u00e1ria \u00e9 nosso repouso e consola\u00e7\u00e3o\u201d. (Liturgia das Horas, vol. I, p. 137-138)<\/p>\n<p>O Senhor vir\u00e1 e a melhor maneira de manter a espera vigilante \u00e9 por meio do amor e da ora\u00e7\u00e3o constante. A vigil\u00e2ncia \u00e9 uma atitude existencial e libertadora que se manifesta na esperan\u00e7a ativa, na f\u00e9 no trabalho, nas rela\u00e7\u00f5es humanas de cada dia, no compromisso para com a justi\u00e7a do Reino. \u00c9 apelo a viver um amor universal transbordante, que leva a construir um mundo novo de paz e fraternidade.<\/p>\n<p>A comunidade de f\u00e9, movida pela esperan\u00e7a, reza e clama: \u201cvenha a n\u00f3s o vosso Reino\u201d, \u201cvinde Senhor Jesus\u201d. Na verdade ele j\u00e1 est\u00e1 no meio de n\u00f3s, mas nos comprometemos como Ele para que tudo possa ser plenamente transformado, segundo a vontade de Deus.<\/p>\n<p>\u00c9 na tens\u00e3o do \u201cj\u00e1\u201d e do \u201cainda n\u00e3o\u201d que celebramos, alimentando-nos da Palavra e da Eucaristia para termos coragem de erguer do ch\u00e3o tudo o que est\u00e1 abatido.<\/p>\n<p>&nbsp;<\/p>\n<p align=\"right\"><em>Dom Mauro Montagnoli<\/em><\/p>\n<p align=\"right\"><em>Bispo diocesano de Ilh\u00e9us<\/em><\/p>\n","protected":false},"excerpt":{"rendered":"<p>No domingo, dia 2 de dezembro, iniciamos mais um ano lit\u00fargico com o tempo do Advento. Advento, ou o \u201cdia da vinda\u201d, \u00e9 um tempo de prepara\u00e7\u00e3o para receber o Senhor que vem e se manifesta a n\u00f3s. Sua manifesta\u00e7\u00e3o tem dois aspectos: 1. Sua manifesta\u00e7\u00e3o em nossa carne ao nascer, e constitui a sua [&hellip;]<\/p>\n","protected":false},"author":2,"featured_media":0,"comment_status":"open","ping_status":"open","sticky":false,"template":"","format":"standard","meta":{"_links_to":"","_links_to_target":""},"categories":[17],"tags":[],"_links":{"self":[{"href":"https:\/\/www.r2cpress.com.br\/v1\/wp-json\/wp\/v2\/posts\/54717"}],"collection":[{"href":"https:\/\/www.r2cpress.com.br\/v1\/wp-json\/wp\/v2\/posts"}],"about":[{"href":"https:\/\/www.r2cpress.com.br\/v1\/wp-json\/wp\/v2\/types\/post"}],"author":[{"embeddable":true,"href":"https:\/\/www.r2cpress.com.br\/v1\/wp-json\/wp\/v2\/users\/2"}],"replies":[{"embeddable":true,"href":"https:\/\/www.r2cpress.com.br\/v1\/wp-json\/wp\/v2\/comments?post=54717"}],"version-history":[{"count":2,"href":"https:\/\/www.r2cpress.com.br\/v1\/wp-json\/wp\/v2\/posts\/54717\/revisions"}],"predecessor-version":[{"id":54719,"href":"https:\/\/www.r2cpress.com.br\/v1\/wp-json\/wp\/v2\/posts\/54717\/revisions\/54719"}],"wp:attachment":[{"href":"https:\/\/www.r2cpress.com.br\/v1\/wp-json\/wp\/v2\/media?parent=54717"}],"wp:term":[{"taxonomy":"category","embeddable":true,"href":"https:\/\/www.r2cpress.com.br\/v1\/wp-json\/wp\/v2\/categories?post=54717"},{"taxonomy":"post_tag","embeddable":true,"href":"https:\/\/www.r2cpress.com.br\/v1\/wp-json\/wp\/v2\/tags?post=54717"}],"curies":[{"name":"wp","href":"https:\/\/api.w.org\/{rel}","templated":true}]}}