{"id":5478,"date":"2010-12-29T14:43:56","date_gmt":"2010-12-29T17:43:56","guid":{"rendered":"http:\/\/www.r2cpress.com.br\/v1\/?p=5478"},"modified":"2010-12-29T14:43:56","modified_gmt":"2010-12-29T17:43:56","slug":"para-todos-e-nao-para-poucos","status":"publish","type":"post","link":"https:\/\/www.r2cpress.com.br\/v1\/2010\/12\/29\/para-todos-e-nao-para-poucos\/","title":{"rendered":"PARA TODOS E N\u00c3O PARA POUCOS"},"content":{"rendered":"<p><img align = \"left\" src = \"http:\/\/www.r2cpress.com.br\/v1\/wp-content\/uploads\/HECKEL-NOVA.jpg\"\/>H\u00e1 poucos dias os ve\u00edculos de comunica\u00e7\u00e3o anunciaram em todo territ\u00f3rio nacional o aumento salarial de 61,7% dos parlamentares da C\u00e2mara dos Deputados.<\/p>\n<p>\tComo feito por eles pr\u00f3prios, o tititi das ruas logo sugeriu o insuport\u00e1vel \u201clegislando em causa pr\u00f3pria\u201d, sendo bem sugestivo de um transeunte o desabafo \u201cP\u00f4, assim n\u00e3o d\u00e1. Enquanto os caras fazem o que querem, o meu aumento foi s\u00f3 uma merrequinha!\u201d. <\/p>\n<p>\tFazer o qu\u00ea se as leis emanam de l\u00e1! Ao questionamento do povo frente \u00e0 fant\u00e1stica iniciativa, os argumentos dos ilustres cidad\u00e3os se pautavam nos infortunados sal\u00e1rios congelados h\u00e1 tr\u00eas anos e na busca por uma isonomia com o harm\u00f4nico Judici\u00e1rio, al\u00e9m do enf\u00e1tico discurso do \u201cbom sal\u00e1rio\u201d, em vez de o deputado andar a procura de artif\u00edcios esp\u00farios.  <\/p>\n<p><!--more--><\/p>\n<p>At\u00e9 a\u00ed, para quem tem a hombridade e obriga\u00e7\u00e3o de ajudar o Executivo a tocar a na\u00e7\u00e3o pra frente&#8230; A remunera\u00e7\u00e3o deve estar sim \u00e0 altura da responsabilidade e do trabalho prestado. <\/p>\n<p>No entanto, embora uma minoria virtuosa, salvando a p\u00e1tria, mere\u00e7a o respeito brasileiro pelo exerc\u00edcio do cargo, a gente sabe que n\u00e3o \u00e9 harmonicamente que a banda toca na Casa. Entre as variadas desafina\u00e7\u00f5es conhecid\u00edssimas, a do conceito popular de \u201cC\u00e2mara inchada\u201d, e do presidencial \u201c300 picaretas\u201d, incluindo na pauta o inusitado comportamento confesso de seus membros em usarem meios artificiais para complementar as parcas recompensas, bem ilustram e comprovam o descompasso. <\/p>\n<p>O admir\u00e1vel foi a rapidez como se deu o ato! Foi vapt vupt! Ligeirinho os chamados partidos da base do governo e da oposi\u00e7\u00e3o deixaram as aparentes rusgas de lado e \u00f3: n\u00e3o pensaram nem naquele tal efeito cascata e no banho que esperam tomar as patotas das Assembl\u00e9ias estaduais! No caso dos edis zebrou: eles est\u00e3o p. da vida porque somente ter\u00e3o direito a revigorante ducha no ano de 2013.<\/p>\n<p>Essas coisas d\u00e3o ou n\u00e3o motivos para nos deixar perplexos? Ainda mais se acrescentarmos a praxe da institui\u00e7\u00e3o de mudar o ritmo \u2013trocando como se fosse o ax\u00e9 baiano para uma valsa dolente\u2013 quando o assunto \u00e9 para beneficiar o trabalhador do dia-a-dia e o aposentado!  Interessante tamb\u00e9m para n\u00f3s eleitores \u00e9 saber que dentro da orquestra c\u00e2meral, existem m\u00fasicos oposicionistas radicais que jamais tocam \u2013simplesmente no intuito de tentarem ganhar aplausos da galera\u2013 pe\u00e7as musicais se n\u00e3o forem originais, sobretudo as palacianas.<\/p>\n<p>Este arrazoadozinho, nobres parlamentares, n\u00e3o pugna em absoluto pela abstin\u00eancia salarial de suas excel\u00eancias, apenas trata-se de uma simples ajudinha nestas v\u00e9speras de um novo ano, a campanha do \u201csal\u00e1rio justo\u201d para todos e n\u00e3o para poucos, em coer\u00eancia com a propagada inten\u00e7\u00e3o do governo (ao qual integra o Poder Legislativo) em diminuir as desigualdades no pa\u00eds.   <\/p>\n<p>Heckel Janu\u00e1rio<\/p>\n","protected":false},"excerpt":{"rendered":"<p>H\u00e1 poucos dias os ve\u00edculos de comunica\u00e7\u00e3o anunciaram em todo territ\u00f3rio nacional o aumento salarial de 61,7% dos parlamentares da C\u00e2mara dos Deputados. Como feito por eles pr\u00f3prios, o tititi das ruas logo sugeriu o insuport\u00e1vel \u201clegislando em causa pr\u00f3pria\u201d, sendo bem sugestivo de um transeunte o desabafo \u201cP\u00f4, assim n\u00e3o d\u00e1. Enquanto os caras [&hellip;]<\/p>\n","protected":false},"author":2,"featured_media":0,"comment_status":"open","ping_status":"open","sticky":false,"template":"","format":"standard","meta":{"_links_to":"","_links_to_target":""},"categories":[10],"tags":[],"_links":{"self":[{"href":"https:\/\/www.r2cpress.com.br\/v1\/wp-json\/wp\/v2\/posts\/5478"}],"collection":[{"href":"https:\/\/www.r2cpress.com.br\/v1\/wp-json\/wp\/v2\/posts"}],"about":[{"href":"https:\/\/www.r2cpress.com.br\/v1\/wp-json\/wp\/v2\/types\/post"}],"author":[{"embeddable":true,"href":"https:\/\/www.r2cpress.com.br\/v1\/wp-json\/wp\/v2\/users\/2"}],"replies":[{"embeddable":true,"href":"https:\/\/www.r2cpress.com.br\/v1\/wp-json\/wp\/v2\/comments?post=5478"}],"version-history":[{"count":2,"href":"https:\/\/www.r2cpress.com.br\/v1\/wp-json\/wp\/v2\/posts\/5478\/revisions"}],"predecessor-version":[{"id":5480,"href":"https:\/\/www.r2cpress.com.br\/v1\/wp-json\/wp\/v2\/posts\/5478\/revisions\/5480"}],"wp:attachment":[{"href":"https:\/\/www.r2cpress.com.br\/v1\/wp-json\/wp\/v2\/media?parent=5478"}],"wp:term":[{"taxonomy":"category","embeddable":true,"href":"https:\/\/www.r2cpress.com.br\/v1\/wp-json\/wp\/v2\/categories?post=5478"},{"taxonomy":"post_tag","embeddable":true,"href":"https:\/\/www.r2cpress.com.br\/v1\/wp-json\/wp\/v2\/tags?post=5478"}],"curies":[{"name":"wp","href":"https:\/\/api.w.org\/{rel}","templated":true}]}}