{"id":54800,"date":"2012-12-03T14:12:38","date_gmt":"2012-12-03T17:12:38","guid":{"rendered":"http:\/\/www.r2cpress.com.br\/v1\/?p=54800"},"modified":"2012-12-03T14:12:38","modified_gmt":"2012-12-03T17:12:38","slug":"homem-e-morto-em-assalto-porque-so-tinha-r-5-diz-policia-na-bahia","status":"publish","type":"post","link":"https:\/\/www.r2cpress.com.br\/v1\/2012\/12\/03\/homem-e-morto-em-assalto-porque-so-tinha-r-5-diz-policia-na-bahia\/","title":{"rendered":"Homem \u00e9 morto em assalto porque s\u00f3 tinha R$ 5, diz pol\u00edcia na Bahia"},"content":{"rendered":"<p><strong>V\u00edtima de 54 anos foi baleada na manh\u00e3 deste domingo (2), em Itaparica.<br \/>\nSuspeito foi preso e afirmou ter agido na companhia de mais dois homens.<\/strong><\/p>\n<p>Um homem de 54 anos foi morto na manh\u00e3 deste domingo (2) em assalto na Ilha de Itaparica, na regi\u00e3o metropolitana de Salvador. Segundo informa\u00e7\u00f5es da 19\u00aa Delegacia, o autor do disparo foi preso por policiais em dilig\u00eancia logo ap\u00f3s o crime e ao prestar depoimento, disse que a v\u00edtima foi baleada porque s\u00f3 tinha R$ 5.<\/p>\n<p>Segundo a pol\u00edcia, o homem vai responder por crime de latroc\u00ednio e permanecer\u00e1 detido na carceragem da 19\u00aa DT. A v\u00edtima foi identificada como um agente penitenci\u00e1rio que trabalhava em Salvador.<\/p>\n<p>O suspeito afirmou aos policiais que no momento do crime, estava na companhia de dois comparsas, que conseguiram escapar. O crime ocorreu por volta das 5h30 deste domingo, nas proximidades do Terminal de Bom Despacho.<\/p>\n<p>Ap\u00f3s den\u00fancia, os policiais iniciaram as buscas e localizaram o suspeito antes das 8h, em regi\u00e3o perto do local onde o crime foi cometido.<\/p>\n<p>&#8212;<br \/>\n Do G1 BA<br \/>\nhttp:\/\/g1.globo.com\/bahia\/noticia\/2012\/12\/homem-e-morto-em-assalto-porque-so-tinha-r-5-diz-policia-na-bahia.html<\/p>\n","protected":false},"excerpt":{"rendered":"<p>V\u00edtima de 54 anos foi baleada na manh\u00e3 deste domingo (2), em Itaparica. Suspeito foi preso e afirmou ter agido na companhia de mais dois homens. Um homem de 54 anos foi morto na manh\u00e3 deste domingo (2) em assalto na Ilha de Itaparica, na regi\u00e3o metropolitana de Salvador. Segundo informa\u00e7\u00f5es da 19\u00aa Delegacia, o [&hellip;]<\/p>\n","protected":false},"author":2,"featured_media":0,"comment_status":"open","ping_status":"open","sticky":false,"template":"","format":"standard","meta":{"_links_to":"","_links_to_target":""},"categories":[25],"tags":[],"_links":{"self":[{"href":"https:\/\/www.r2cpress.com.br\/v1\/wp-json\/wp\/v2\/posts\/54800"}],"collection":[{"href":"https:\/\/www.r2cpress.com.br\/v1\/wp-json\/wp\/v2\/posts"}],"about":[{"href":"https:\/\/www.r2cpress.com.br\/v1\/wp-json\/wp\/v2\/types\/post"}],"author":[{"embeddable":true,"href":"https:\/\/www.r2cpress.com.br\/v1\/wp-json\/wp\/v2\/users\/2"}],"replies":[{"embeddable":true,"href":"https:\/\/www.r2cpress.com.br\/v1\/wp-json\/wp\/v2\/comments?post=54800"}],"version-history":[{"count":3,"href":"https:\/\/www.r2cpress.com.br\/v1\/wp-json\/wp\/v2\/posts\/54800\/revisions"}],"predecessor-version":[{"id":54803,"href":"https:\/\/www.r2cpress.com.br\/v1\/wp-json\/wp\/v2\/posts\/54800\/revisions\/54803"}],"wp:attachment":[{"href":"https:\/\/www.r2cpress.com.br\/v1\/wp-json\/wp\/v2\/media?parent=54800"}],"wp:term":[{"taxonomy":"category","embeddable":true,"href":"https:\/\/www.r2cpress.com.br\/v1\/wp-json\/wp\/v2\/categories?post=54800"},{"taxonomy":"post_tag","embeddable":true,"href":"https:\/\/www.r2cpress.com.br\/v1\/wp-json\/wp\/v2\/tags?post=54800"}],"curies":[{"name":"wp","href":"https:\/\/api.w.org\/{rel}","templated":true}]}}