{"id":54865,"date":"2012-12-04T15:27:44","date_gmt":"2012-12-04T18:27:44","guid":{"rendered":"http:\/\/www.r2cpress.com.br\/v1\/?p=54865"},"modified":"2012-12-04T15:27:44","modified_gmt":"2012-12-04T18:27:44","slug":"wenceslau-moradia-digna-e-de-qualidade-sera-prioridade-do-governo","status":"publish","type":"post","link":"https:\/\/www.r2cpress.com.br\/v1\/2012\/12\/04\/wenceslau-moradia-digna-e-de-qualidade-sera-prioridade-do-governo\/","title":{"rendered":"Wenceslau: \u201cMoradia digna e de  qualidade ser\u00e1 prioridade do governo\u201d"},"content":{"rendered":"<p><a href=\"http:\/\/www.r2cpress.com.br\/v1\/wp-content\/uploads\/CAPA14.jpg\"><img loading=\"lazy\" src=\"http:\/\/www.r2cpress.com.br\/v1\/wp-content\/uploads\/CAPA14-225x300.jpg\" alt=\"\" title=\"CAPA\" width=\"225\" height=\"300\" class=\"alignright size-medium wp-image-54866\" srcset=\"https:\/\/www.r2cpress.com.br\/v1\/wp-content\/uploads\/CAPA14-225x300.jpg 225w, https:\/\/www.r2cpress.com.br\/v1\/wp-content\/uploads\/CAPA14.jpg 687w\" sizes=\"(max-width: 225px) 100vw, 225px\" \/><\/a>O vice-prefeito eleito Wenceslau Augusto Junior se mostrou preocupado com o d\u00e9ficit habitacional n\u00e3o s\u00f3 de Itabuna como de outras grandes cidades baianas. Wenceslau representou o prefeito eleito Claudevane Leite, Vane do Renascer, na manh\u00e3 desta ter\u00e7a-feira, 4,  na solenidade de entrega de escrituras definitivas  dos im\u00f3veis residenciais aos moradores do N\u00facleo Habitacional da Ceplac, no bairro S\u00e3o Caetano.<br \/>\nA medida, adotada pela Ceplac e a Coordenadoria de Regulariza\u00e7\u00e3o Fundi\u00e1ria da Ger\u00eancia Regional do Patrim\u00f4nio da Uni\u00e3o na Bahia (GRPU-BA), beneficia 154 moradores residentes h\u00e1 30 anos naquela comunidade, que receberam a escritura definitiva de propriedade dos im\u00f3veis que ocupam. A maioria deles \u00e9 ex-servidores da Uni\u00e3o lotados na Ceplac, que tinham apenas a posse prec\u00e1ria.<br \/>\n\u201cEsse evento finda uma etapa importante desse n\u00facleo habitacional, que \u00e9 o fato de as pessoas terem a escritura definitiva dos seus im\u00f3veis.  Itabuna talvez seja uma das cidades da Bahia com maior gravidade na quest\u00e3o fundi\u00e1ria urbana e isso ser\u00e1 uma prioridade do Governo Vane. \u201cVamos trabalhar para oferecer moradia digna e de qualidade para a popula\u00e7\u00e3o que mais precisa\u201d frisou o vice prefeito eleito.<br \/>\nO superintendente da Ceplac, Juvenal Maynart, pediu ao vice-prefeito eleito que a gest\u00e3o do prefeito Vane olhasse e levasse servi\u00e7os p\u00fablicos de qualidade a toda comunidade.  Ao responder, Wenceslau se colocou \u00e0 disposi\u00e7\u00e3o na elabora\u00e7\u00e3o de projetos, para tentar viabilizar os recursos para a constru\u00e7\u00e3o do servido de esgotamento sanit\u00e1rio do N\u00facleo Habitacional da Ceplac, que re\u00fane mais de uma centena de fam\u00edlias.<br \/>\nO vice-prefeito eleito se sensibilizou com dona Hildete Pereira da Silva, 65 anos, moradora da Quadra 11, Casa 7. Depois de 24 anos, a moradora estava feliz por receber a escritura definitiva do im\u00f3vel onde vive com sua fam\u00edlia.  Ao concluir seu discurso Wenceslau parabenizou a Ceplac e a Secretaria do Patrim\u00f4nio da Uni\u00e3o (SPU), do Minist\u00e9rio do Planejamento, Or\u00e7amento e Gest\u00e3o, e a todos que lutaram junto ao Governo Federal para que o sonho dos moradores se tornasse realidade.<\/p>\n<p>&#8212;<br \/>\nAssessoria de Comunica\u00e7\u00e3o<br \/>\nGabinete do Prefeito Eleito<br \/>\nFotos: Gabriel de Oliveira<\/p>\n","protected":false},"excerpt":{"rendered":"<p>O vice-prefeito eleito Wenceslau Augusto Junior se mostrou preocupado com o d\u00e9ficit habitacional n\u00e3o s\u00f3 de Itabuna como de outras grandes cidades baianas. Wenceslau representou o prefeito eleito Claudevane Leite, Vane do Renascer, na manh\u00e3 desta ter\u00e7a-feira, 4, na solenidade de entrega de escrituras definitivas dos im\u00f3veis residenciais aos moradores do N\u00facleo Habitacional da Ceplac, [&hellip;]<\/p>\n","protected":false},"author":2,"featured_media":0,"comment_status":"open","ping_status":"open","sticky":false,"template":"","format":"standard","meta":{"_links_to":"","_links_to_target":""},"categories":[15],"tags":[],"_links":{"self":[{"href":"https:\/\/www.r2cpress.com.br\/v1\/wp-json\/wp\/v2\/posts\/54865"}],"collection":[{"href":"https:\/\/www.r2cpress.com.br\/v1\/wp-json\/wp\/v2\/posts"}],"about":[{"href":"https:\/\/www.r2cpress.com.br\/v1\/wp-json\/wp\/v2\/types\/post"}],"author":[{"embeddable":true,"href":"https:\/\/www.r2cpress.com.br\/v1\/wp-json\/wp\/v2\/users\/2"}],"replies":[{"embeddable":true,"href":"https:\/\/www.r2cpress.com.br\/v1\/wp-json\/wp\/v2\/comments?post=54865"}],"version-history":[{"count":2,"href":"https:\/\/www.r2cpress.com.br\/v1\/wp-json\/wp\/v2\/posts\/54865\/revisions"}],"predecessor-version":[{"id":54868,"href":"https:\/\/www.r2cpress.com.br\/v1\/wp-json\/wp\/v2\/posts\/54865\/revisions\/54868"}],"wp:attachment":[{"href":"https:\/\/www.r2cpress.com.br\/v1\/wp-json\/wp\/v2\/media?parent=54865"}],"wp:term":[{"taxonomy":"category","embeddable":true,"href":"https:\/\/www.r2cpress.com.br\/v1\/wp-json\/wp\/v2\/categories?post=54865"},{"taxonomy":"post_tag","embeddable":true,"href":"https:\/\/www.r2cpress.com.br\/v1\/wp-json\/wp\/v2\/tags?post=54865"}],"curies":[{"name":"wp","href":"https:\/\/api.w.org\/{rel}","templated":true}]}}