{"id":54869,"date":"2012-12-04T18:19:51","date_gmt":"2012-12-04T21:19:51","guid":{"rendered":"http:\/\/www.r2cpress.com.br\/v1\/?p=54869"},"modified":"2012-12-04T18:19:51","modified_gmt":"2012-12-04T21:19:51","slug":"tmi-recebe-show-em-homenagem-ao-centenario-de-luiz-gonzaga","status":"publish","type":"post","link":"https:\/\/www.r2cpress.com.br\/v1\/2012\/12\/04\/tmi-recebe-show-em-homenagem-ao-centenario-de-luiz-gonzaga\/","title":{"rendered":"TMI recebe show em homenagem ao centen\u00e1rio de Luiz Gonzaga"},"content":{"rendered":"<p>Homenageando o centen\u00e1rio de nascimento do Rei do Bai\u00e3o, o sanfoneiro Daniel Neto apresentar\u00e1 dia 13 de dezembro de 2012, \u00e0s 20 horas, no Teatro Municipal de Ilh\u00e9us o show \u201cNo Sopro de Gonzag\u00e3o\u201d, uma fus\u00e3o entre a m\u00fasica cl\u00e1ssica e a popular, atrav\u00e9s da utiliza\u00e7\u00e3o de instrumentos de orquestra para execu\u00e7\u00e3o de m\u00fasicas populares.<\/p>\n<p> <center><a href=\"http:\/\/www.r2cpress.com.br\/v1\/wp-content\/uploads\/NO-SOPRO-DE-GONZAG\u00c3O-MONT.jpg\"><img loading=\"lazy\" src=\"http:\/\/www.r2cpress.com.br\/v1\/wp-content\/uploads\/NO-SOPRO-DE-GONZAG\u00c3O-MONT.jpg\" alt=\"\" title=\"NO SOPRO DE GONZAG\u00c3O MONT\" width=\"550\" height=\"607\" class=\"aligncenter size-full wp-image-54870\" srcset=\"https:\/\/www.r2cpress.com.br\/v1\/wp-content\/uploads\/NO-SOPRO-DE-GONZAG\u00c3O-MONT.jpg 550w, https:\/\/www.r2cpress.com.br\/v1\/wp-content\/uploads\/NO-SOPRO-DE-GONZAG\u00c3O-MONT-271x300.jpg 271w\" sizes=\"(max-width: 550px) 100vw, 550px\" \/><\/a><\/center><\/p>\n<p>Assim como Luiz Gonzaga conseguia revelar tra\u00e7os identit\u00e1rios e o cotidiano do povo nordestino atrav\u00e9s da sua m\u00fasica, Daniel Neto revelar\u00e1 sua identidade musical neste show, onde faz uma releitura sobre as composi\u00e7\u00f5es do Velho Lua, passeando pelo forr\u00f3, xote, bai\u00e3o e apresenta composi\u00e7\u00f5es pr\u00f3prias na companhia dos m\u00fasicos Ivan Sacerdote (clarineta), M\u00e1rio Soares (violino), Uru Pereira (fagote) e Sebastian Notini (percuss\u00e3o).<\/p>\n<p>O m\u00fasico, que iniciou sua carreira tocando com seu pai Edu Neto, participou de diversos conjuntos musicais e atuou como m\u00fasico dos espet\u00e1culos teatrais \u201cLabirintos\u201d, \u201cNa Outra Margem\u201d e \u201cAlice no Sert\u00e3o das Maravilhas\u201d. Em 2012 teve seu talento reconhecido ao ser premiado no 5\u00ba Festival de Sanfoneiros de Feira de Santana e com quadrilha junina Asa Branca em concursos estaduais e nacionais. Para ele, &#8221; Gonzag\u00e3o foi um artista marco na cultura brasileira por levar a m\u00fasica nordestina pela primeira vez a todo o Brasil e abrir as portas para tantos outros m\u00fasicos\u201d e completa: \u201c&#8230;esse show \u00e9 um presente \u00e0 cidade em que nasci e cresci\u201d. Nele, Daniel quer dar continuidade ao legado deixado por Luiz Gonzaga, n\u00e3o apenas tocando as m\u00fasicas de Luiz, mas tamb\u00e9m mostrando sua leitura sobre elas.<\/p>\n<p><strong>Realiza\u00e7\u00e3o<\/strong><\/p>\n<p>O cen\u00e1rio do show \u201cNo Sopro de Gonzag\u00e3o\u201d \u00e9 inspirado em elementos da paisagem sertaneja e assinado pelo Bacharel em Artes C\u00eanicas Henrique de Castro, feito totalmente de forma sustent\u00e1vel, com material reciclado e, para realiza\u00e7\u00e3o do Show \u201cNo Sopro de Gonzag\u00e3o \u201c, o artista contou com o apoio da Prefeitura de Ilh\u00e9us, atrav\u00e9s da Funda\u00e7\u00e3o Cultural, Uniodonto, Image Sinaliza\u00e7\u00e3o, Restaurante Bataclan, <strong>R2CPress Ag\u00eancia de Not\u00edcias,<\/strong> Revista Cultural Vejo Arte, Boteco do Quibe, Carminha Cal\u00e7ados, Emp\u00f3rio, Lavajato L&#038;A Lavagem Profissional, Laborat\u00f3rio Dom Eduardo, Dental Day, Casa Brasil, Gr\u00e1fica do Carmo, Sociedade Filarm\u00f4nica Capitania dos Ilh\u00e9os, L&#8217;aqua di Fiori e R\u00e1dio Gabriela FM.<\/p>\n<p><strong>O qu\u00ea:<\/strong> Show \u201cNo Sopro de Gonzag\u00e3o\u201d, com Daniel Neto<\/p>\n<p><strong>Quando:<\/strong> dia 13 de dezembro de 2012 (quinta-feira)<\/p>\n<p><strong>Onde:<\/strong> Teatro Municipal de Ilh\u00e9us<\/p>\n<p><strong>Ingresso:<\/strong> R$ 30,00 e R$ 15,00 (meia e antecipado)<\/p>\n","protected":false},"excerpt":{"rendered":"<p>Homenageando o centen\u00e1rio de nascimento do Rei do Bai\u00e3o, o sanfoneiro Daniel Neto apresentar\u00e1 dia 13 de dezembro de 2012, \u00e0s 20 horas, no Teatro Municipal de Ilh\u00e9us o show \u201cNo Sopro de Gonzag\u00e3o\u201d, uma fus\u00e3o entre a m\u00fasica cl\u00e1ssica e a popular, atrav\u00e9s da utiliza\u00e7\u00e3o de instrumentos de orquestra para execu\u00e7\u00e3o de m\u00fasicas populares. [&hellip;]<\/p>\n","protected":false},"author":2,"featured_media":0,"comment_status":"open","ping_status":"open","sticky":false,"template":"","format":"standard","meta":{"_links_to":"","_links_to_target":""},"categories":[5],"tags":[],"_links":{"self":[{"href":"https:\/\/www.r2cpress.com.br\/v1\/wp-json\/wp\/v2\/posts\/54869"}],"collection":[{"href":"https:\/\/www.r2cpress.com.br\/v1\/wp-json\/wp\/v2\/posts"}],"about":[{"href":"https:\/\/www.r2cpress.com.br\/v1\/wp-json\/wp\/v2\/types\/post"}],"author":[{"embeddable":true,"href":"https:\/\/www.r2cpress.com.br\/v1\/wp-json\/wp\/v2\/users\/2"}],"replies":[{"embeddable":true,"href":"https:\/\/www.r2cpress.com.br\/v1\/wp-json\/wp\/v2\/comments?post=54869"}],"version-history":[{"count":3,"href":"https:\/\/www.r2cpress.com.br\/v1\/wp-json\/wp\/v2\/posts\/54869\/revisions"}],"predecessor-version":[{"id":54873,"href":"https:\/\/www.r2cpress.com.br\/v1\/wp-json\/wp\/v2\/posts\/54869\/revisions\/54873"}],"wp:attachment":[{"href":"https:\/\/www.r2cpress.com.br\/v1\/wp-json\/wp\/v2\/media?parent=54869"}],"wp:term":[{"taxonomy":"category","embeddable":true,"href":"https:\/\/www.r2cpress.com.br\/v1\/wp-json\/wp\/v2\/categories?post=54869"},{"taxonomy":"post_tag","embeddable":true,"href":"https:\/\/www.r2cpress.com.br\/v1\/wp-json\/wp\/v2\/tags?post=54869"}],"curies":[{"name":"wp","href":"https:\/\/api.w.org\/{rel}","templated":true}]}}