{"id":54885,"date":"2012-12-04T20:30:27","date_gmt":"2012-12-04T23:30:27","guid":{"rendered":"http:\/\/www.r2cpress.com.br\/v1\/?p=54885"},"modified":"2012-12-04T20:30:27","modified_gmt":"2012-12-04T23:30:27","slug":"inscricoes-para-o-campeonato-baiano-de-basquete-em-cadeira-de-rodas-2012","status":"publish","type":"post","link":"https:\/\/www.r2cpress.com.br\/v1\/2012\/12\/04\/inscricoes-para-o-campeonato-baiano-de-basquete-em-cadeira-de-rodas-2012\/","title":{"rendered":"Inscri\u00e7\u00f5es para o Campeonato Baiano de Basquete em Cadeira de Rodas 2012"},"content":{"rendered":"<p><a href=\"http:\/\/www.r2cpress.com.br\/v1\/wp-content\/uploads\/camp.-baiano.jpg\"><img loading=\"lazy\" src=\"http:\/\/www.r2cpress.com.br\/v1\/wp-content\/uploads\/camp.-baiano.jpg\" alt=\"\" title=\"camp. baiano\" width=\"275\" height=\"183\" class=\"alignleft size-full wp-image-54886\" \/><\/a>A Associa\u00e7\u00e3o de Atletas Baianos com Necessidades Especiais (AABANE) informa que est\u00e3o abertas as inscri\u00e7\u00f5es para o Campeonato Baiano de Basquete em Cadeira de Rodas 2012 que acontecer\u00e1 na cidade de Salvador\/BA de 14 a 16 de dezembro no Gin\u00e1sio GIII do FSBA-Faculdade Social da Bahia, localizada no bairro de Ondina.<\/p>\n<p>Esta \u00e9 a quarta edi\u00e7\u00e3o da competi\u00e7\u00e3o que j\u00e1 faz parte do calend\u00e1rio paradesportivo do estado, este ano contar\u00e1 com 5 equipes, n\u00famero recorde de participantes com equipes das cidades de Salvador, Feira de Santana e Ilh\u00e9us.<\/p>\n<p>Ap\u00f3s a realiza\u00e7\u00e3o do Campeonato Regional do Nordeste de Basquete em Cadeira de Rodas no m\u00eas de setembro em Salvador, e a participa\u00e7\u00e3o da equipe feminina da AABANE do Campeonato Brasileiro Feminino que ocorreu na cidade de Vit\u00f3ria-ES no m\u00eas de outubro, as equipes vem se preparando para esta competi\u00e7\u00e3o que encerrar\u00e1 o calend\u00e1rio para desportivo do ano de 2012.<\/p>\n<p>A competi\u00e7\u00e3o contar\u00e1 com cerca de 70 para-atletas que participar\u00e3o com muito empenho, garra, dedica\u00e7\u00e3o e acima de tudo desportividade.<\/p>\n<p>&#8212;<br \/>\nOsmar Nascimento<br \/>\nPresidente da AABANE<\/p>\n","protected":false},"excerpt":{"rendered":"<p>A Associa\u00e7\u00e3o de Atletas Baianos com Necessidades Especiais (AABANE) informa que est\u00e3o abertas as inscri\u00e7\u00f5es para o Campeonato Baiano de Basquete em Cadeira de Rodas 2012 que acontecer\u00e1 na cidade de Salvador\/BA de 14 a 16 de dezembro no Gin\u00e1sio GIII do FSBA-Faculdade Social da Bahia, localizada no bairro de Ondina. Esta \u00e9 a quarta [&hellip;]<\/p>\n","protected":false},"author":2,"featured_media":0,"comment_status":"open","ping_status":"open","sticky":false,"template":"","format":"standard","meta":{"_links_to":"","_links_to_target":""},"categories":[11],"tags":[],"_links":{"self":[{"href":"https:\/\/www.r2cpress.com.br\/v1\/wp-json\/wp\/v2\/posts\/54885"}],"collection":[{"href":"https:\/\/www.r2cpress.com.br\/v1\/wp-json\/wp\/v2\/posts"}],"about":[{"href":"https:\/\/www.r2cpress.com.br\/v1\/wp-json\/wp\/v2\/types\/post"}],"author":[{"embeddable":true,"href":"https:\/\/www.r2cpress.com.br\/v1\/wp-json\/wp\/v2\/users\/2"}],"replies":[{"embeddable":true,"href":"https:\/\/www.r2cpress.com.br\/v1\/wp-json\/wp\/v2\/comments?post=54885"}],"version-history":[{"count":2,"href":"https:\/\/www.r2cpress.com.br\/v1\/wp-json\/wp\/v2\/posts\/54885\/revisions"}],"predecessor-version":[{"id":54888,"href":"https:\/\/www.r2cpress.com.br\/v1\/wp-json\/wp\/v2\/posts\/54885\/revisions\/54888"}],"wp:attachment":[{"href":"https:\/\/www.r2cpress.com.br\/v1\/wp-json\/wp\/v2\/media?parent=54885"}],"wp:term":[{"taxonomy":"category","embeddable":true,"href":"https:\/\/www.r2cpress.com.br\/v1\/wp-json\/wp\/v2\/categories?post=54885"},{"taxonomy":"post_tag","embeddable":true,"href":"https:\/\/www.r2cpress.com.br\/v1\/wp-json\/wp\/v2\/tags?post=54885"}],"curies":[{"name":"wp","href":"https:\/\/api.w.org\/{rel}","templated":true}]}}