{"id":54960,"date":"2012-12-06T11:04:16","date_gmt":"2012-12-06T14:04:16","guid":{"rendered":"http:\/\/www.r2cpress.com.br\/v1\/?p=54960"},"modified":"2012-12-06T11:04:16","modified_gmt":"2012-12-06T14:04:16","slug":"peneira-vasco-da-gama","status":"publish","type":"post","link":"https:\/\/www.r2cpress.com.br\/v1\/2012\/12\/06\/peneira-vasco-da-gama\/","title":{"rendered":"Peneira \/ Vasco da Gama"},"content":{"rendered":"<p><strong>18\u00b0 EDI\u00c7AO DA PENEIRA DO CAPIT\u00c3O VILA PARA O VASCO DA GAMA, NOS DIAS 08 E 09 DE DEZEMBRO, NO ESTADIO MARIO PESSOA, A PARTIR DA 08 HS.<\/p>\n<p>INSCRI\u00c7\u00d5ES: UM KILO DE ALIMENTO N\u00c3O PERECIVEL  (QUE SERA doado)  PARA CRIAN\u00c7AS CARENTES DA NOSSA CIDADE.<\/p>\n<p>INFORMA\u00c7\u00d5ES:<\/p>\n<p>CAPIT\u00c3O VILA<br \/>\n073 8807 6191<\/strong><\/p>\n","protected":false},"excerpt":{"rendered":"<p>18\u00b0 EDI\u00c7AO DA PENEIRA DO CAPIT\u00c3O VILA PARA O VASCO DA GAMA, NOS DIAS 08 E 09 DE DEZEMBRO, NO ESTADIO MARIO PESSOA, A PARTIR DA 08 HS. INSCRI\u00c7\u00d5ES: UM KILO DE ALIMENTO N\u00c3O PERECIVEL (QUE SERA doado) PARA CRIAN\u00c7AS CARENTES DA NOSSA CIDADE. INFORMA\u00c7\u00d5ES: CAPIT\u00c3O VILA 073 8807 6191<\/p>\n","protected":false},"author":2,"featured_media":0,"comment_status":"open","ping_status":"open","sticky":false,"template":"","format":"standard","meta":{"_links_to":"","_links_to_target":""},"categories":[11],"tags":[],"_links":{"self":[{"href":"https:\/\/www.r2cpress.com.br\/v1\/wp-json\/wp\/v2\/posts\/54960"}],"collection":[{"href":"https:\/\/www.r2cpress.com.br\/v1\/wp-json\/wp\/v2\/posts"}],"about":[{"href":"https:\/\/www.r2cpress.com.br\/v1\/wp-json\/wp\/v2\/types\/post"}],"author":[{"embeddable":true,"href":"https:\/\/www.r2cpress.com.br\/v1\/wp-json\/wp\/v2\/users\/2"}],"replies":[{"embeddable":true,"href":"https:\/\/www.r2cpress.com.br\/v1\/wp-json\/wp\/v2\/comments?post=54960"}],"version-history":[{"count":2,"href":"https:\/\/www.r2cpress.com.br\/v1\/wp-json\/wp\/v2\/posts\/54960\/revisions"}],"predecessor-version":[{"id":54962,"href":"https:\/\/www.r2cpress.com.br\/v1\/wp-json\/wp\/v2\/posts\/54960\/revisions\/54962"}],"wp:attachment":[{"href":"https:\/\/www.r2cpress.com.br\/v1\/wp-json\/wp\/v2\/media?parent=54960"}],"wp:term":[{"taxonomy":"category","embeddable":true,"href":"https:\/\/www.r2cpress.com.br\/v1\/wp-json\/wp\/v2\/categories?post=54960"},{"taxonomy":"post_tag","embeddable":true,"href":"https:\/\/www.r2cpress.com.br\/v1\/wp-json\/wp\/v2\/tags?post=54960"}],"curies":[{"name":"wp","href":"https:\/\/api.w.org\/{rel}","templated":true}]}}