{"id":54980,"date":"2012-12-06T18:28:33","date_gmt":"2012-12-06T21:28:33","guid":{"rendered":"http:\/\/www.r2cpress.com.br\/v1\/?p=54980"},"modified":"2012-12-06T18:28:33","modified_gmt":"2012-12-06T21:28:33","slug":"anos-de-destruicao","status":"publish","type":"post","link":"https:\/\/www.r2cpress.com.br\/v1\/2012\/12\/06\/anos-de-destruicao\/","title":{"rendered":"ANOS DE DESTRUI\u00c7\u00c3O"},"content":{"rendered":"<p><img loading=\"lazy\" alt=\"\" src=\"http:\/\/www.r2cpress.com.br\/v1\/wp-content\/uploads\/zecarlos-r2cpress_reduzida.jpg\" class=\"alignright\" width=\"300\" height=\"207\" \/>N\u00e3o sou e nem pretendo ser cientista pol\u00edtico e sequer jornalista, apenas por vir de uma escola (CEPLAC) que teve in\u00edcio com a comunica\u00e7\u00e3o entre setores sendo feita atrav\u00e9s de memorandos, circulares e comunicados escritos nas tradicionais m\u00e1quinas  Remington e Olivetti, aprendi e gostei de redigir correspond\u00eancias.<br \/>\nA era do computador veio um tempo adiante e veio pra ficar.<br \/>\nCom meu amigo, colega e irm\u00e3o Rabat, comecei a escrevinhar alguns coment\u00e1rios para jornais da cidade, e com a chegada da era digital e tamb\u00e9m com o jornalista de of\u00edcio Rabat, continuei a dedilhar &#8220;meus dedinhos&#8221; no teclado do computador.<br \/>\nA minha linha de a\u00e7\u00e3o \u00e9 falar a linguagem do povo, com palavras simples, tudo que a maioria gosta de ler e \u00e0s vezes n\u00e3o tem oportunidade de se expressar.<br \/>\nPortanto, esse \u00e9 o meu perfil, com a cidadania acima de qualquer suspeita, orgulho-me disso.<br \/>\nEsses oito \u00faltimos anos, que pode ser acrescentado aos quatro anteriores, pois permitiu que a desgra\u00e7a viesse e se implantasse, n\u00e3o ser\u00e3o jamais esquecidos.<br \/>\nO que essas turmas fizeram com a nossa cidade foi de uma maldade, de uma perversidade nunca vista, os ilheenses comeram o p\u00e3o que o diabo amassou.<br \/>\nEst\u00e1 chegando o fim de mais um tsunami, a cidade resistiu bravamente e espera a chegada de um novo gestor p\u00fablico (conhecedor profundo das mazelas) e, claro, dias melhores.<br \/>\nFizeram de um tudo para atingir as belezas naturais da bonita Gabriela, mais a\u00ed tem o dedo do Senhor Deus e ele se fez presente e esbarrou a suja inten\u00e7\u00e3o.<br \/>\nA Gabriela continua linda por natureza, mas o seu povo, o seu munic\u00edpio est\u00e1 destru\u00eddo, sofre de tanta malvadeza, de falta de respeito, de irresponsabilidade, de \u00e9tica, de amor pelo torr\u00e3o natal.<br \/>\nNas m\u00e3os do novo alcaide est\u00e1 um mont\u00e3o de problemas, uma miss\u00e3o dific\u00edlima que \u00e9 a de tirar a cidade do atoleiro em que se encontra, destru\u00edda pol\u00edtica\/administrativamente.<br \/>\nCheguei \u00e0 conclus\u00e3o que n\u00e3o devo e nem posso jogar o que n\u00e3o presta no ventilador, estou apostando todas as fichas nesse novo mandato.<br \/>\nO que passou deve ser esquecido, o que todos querem \u00e9 a chegada de dias melhores, \u00e9 ver a cidade sorrindo, limpa e longe do lixo, com os nossos servidores trabalhando sem queixas, com o dinheiro p\u00fablico sendo empregado corretamente e o desenvolvimento a todo vapor.<br \/>\nAcho que n\u00e3o estou sendo exagerado, chega de tanta porcaria.<br \/>\n<b>S\u00f3 existe um respons\u00e1vel pela cidade, este se chama Gestor P\u00fablico, alcaide, prefeito eleito pelo povo, ele \u00e9 a principal pe\u00e7a da m\u00e1quina, secret\u00e1rios, comissionados, assessores e colaboradores s\u00e3o instrumentos que ajudam a desenvolver o trabalho, mas a responsabilidade perante a lei \u00e9 de um s\u00f3 \u2013 GESTOR P\u00daBLICO, que deve prestar contas de tudo o que acontece no seu mandato.<\/b><br \/>\nPortanto, a sorte est\u00e1 lan\u00e7ada. A partir do primeiro dia de janeiro estaremos nas m\u00e3os de um novo mandat\u00e1rio, de um novo alcaide, prontos estaremos para ajudar na sua administra\u00e7\u00e3o, com imparcialidade e firme nas cr\u00edticas e cobran\u00e7as.<br \/>\nEspero que na posse n\u00e3o apare\u00e7a nenhuma frase de efeito e que venha no futuro ser motivo de esc\u00e1rnio.<br \/>\nSeja bem vindo senhor alcaide! A cidade lhe acolhe de bra\u00e7os abertos. Sabedoria, compet\u00eancia e trabalho devem ser os seus impulsos \u00e0 frente dos destinos de Ilh\u00e9us.<\/p>\n<p><b>Z\u00c9CARLOS JUNIOR<\/b><\/p>\n","protected":false},"excerpt":{"rendered":"<p>N\u00e3o sou e nem pretendo ser cientista pol\u00edtico e sequer jornalista, apenas por vir de uma escola (CEPLAC) que teve in\u00edcio com a comunica\u00e7\u00e3o entre setores sendo feita atrav\u00e9s de memorandos, circulares e comunicados escritos nas tradicionais m\u00e1quinas Remington e Olivetti, aprendi e gostei de redigir correspond\u00eancias. A era do computador veio um tempo adiante [&hellip;]<\/p>\n","protected":false},"author":2,"featured_media":0,"comment_status":"open","ping_status":"open","sticky":false,"template":"","format":"standard","meta":{"_links_to":"","_links_to_target":""},"categories":[10],"tags":[],"_links":{"self":[{"href":"https:\/\/www.r2cpress.com.br\/v1\/wp-json\/wp\/v2\/posts\/54980"}],"collection":[{"href":"https:\/\/www.r2cpress.com.br\/v1\/wp-json\/wp\/v2\/posts"}],"about":[{"href":"https:\/\/www.r2cpress.com.br\/v1\/wp-json\/wp\/v2\/types\/post"}],"author":[{"embeddable":true,"href":"https:\/\/www.r2cpress.com.br\/v1\/wp-json\/wp\/v2\/users\/2"}],"replies":[{"embeddable":true,"href":"https:\/\/www.r2cpress.com.br\/v1\/wp-json\/wp\/v2\/comments?post=54980"}],"version-history":[{"count":2,"href":"https:\/\/www.r2cpress.com.br\/v1\/wp-json\/wp\/v2\/posts\/54980\/revisions"}],"predecessor-version":[{"id":54982,"href":"https:\/\/www.r2cpress.com.br\/v1\/wp-json\/wp\/v2\/posts\/54980\/revisions\/54982"}],"wp:attachment":[{"href":"https:\/\/www.r2cpress.com.br\/v1\/wp-json\/wp\/v2\/media?parent=54980"}],"wp:term":[{"taxonomy":"category","embeddable":true,"href":"https:\/\/www.r2cpress.com.br\/v1\/wp-json\/wp\/v2\/categories?post=54980"},{"taxonomy":"post_tag","embeddable":true,"href":"https:\/\/www.r2cpress.com.br\/v1\/wp-json\/wp\/v2\/tags?post=54980"}],"curies":[{"name":"wp","href":"https:\/\/api.w.org\/{rel}","templated":true}]}}