{"id":5512,"date":"2010-12-30T09:38:15","date_gmt":"2010-12-30T12:38:15","guid":{"rendered":"http:\/\/www.r2cpress.com.br\/v1\/?p=5512"},"modified":"2010-12-30T09:38:15","modified_gmt":"2010-12-30T12:38:15","slug":"novo-documento-de-identidade-sera-lancado-nesta-quinta","status":"publish","type":"post","link":"https:\/\/www.r2cpress.com.br\/v1\/2010\/12\/30\/novo-documento-de-identidade-sera-lancado-nesta-quinta\/","title":{"rendered":"Novo documento de identidade ser\u00e1 lan\u00e7ado nesta quinta"},"content":{"rendered":"<p><strong>Registro de Identidade Civil vai substituir o atual documento.<br \/>\nDocumento come\u00e7a a ser expedido no Rio, Bahia e Distrito Federal.<\/strong><\/p>\n<p><div style=\"width: 310px\" class=\"wp-caption alignleft\"><img loading=\"lazy\" alt=\"Nova carteira de identidade nacional (Foto: Divulga\u00e7\u00e3o\/Governo do Rio)\" src=\"http:\/\/s.glbimg.com\/jo\/g1\/f\/original\/2010\/10\/22\/nova-carteira-de-identidade-300-x-225.jpg\" title=\"Nova carteira de identidade nacional (Foto: Divulga\u00e7\u00e3o\/Governo do Rio)\" width=\"300\" height=\"225\" \/><p class=\"wp-caption-text\">Nova carteira de identidade nacional (Foto: Divulga\u00e7\u00e3o\/Governo do Rio)<\/p><\/div>O Minist\u00e9rio da Justi\u00e7a lan\u00e7a nesta quinta-feira (30) o novo documento de identidade, que ser\u00e1 implementado em todo o pa\u00eds a partir de 2011. Batizado de Registro de Identidade Civil (RIC), o novo documento vai substituir a atual carteira de identidade e vai conter informa\u00e7\u00f5es do cidad\u00e3o e certifica\u00e7\u00e3o digital. O lan\u00e7amento contar\u00e1 com a presen\u00e7a do presidente Luiz In\u00e1cio Lula da Silva.<\/p>\n<p>Inicialmente, o novo documento ser\u00e1 testado nos estados do Rio de Janeiro e Bahia e no Distrito Federal. Os primeiros cart\u00f5es devem ser expedidos pela Casa da Moeda. A partir da\u00ed, os governos dos estados e do DF ter\u00e3o o prazo de um ano para come\u00e7ar o cadastramento e a implementa\u00e7\u00e3o do documento.<\/p>\n<p><!--more--><\/p>\n<p>No Rio de Janeiro, a base de dados ser\u00e1 fornecida pelo Detran, que j\u00e1 desenvolve um trabalho de capta\u00e7\u00e3o de informa\u00e7\u00f5es biom\u00e9tricas e utiliza o mesmo cadastro de identifica\u00e7\u00e3o eletr\u00f4nica adotado pela Pol\u00edcia Federal, que cont\u00e9m cerca de oito milh\u00f5es de pessoas.<\/p>\n<p>O novo documento ter\u00e1 o formato de um cart\u00e3o de cr\u00e9dito, com um chip contendo dados biom\u00e9tricos da pessoa, como altura e impress\u00f5es digitais. A nova carteira de identidade nacional n\u00e3o substituir\u00e1 documentos como CPF, t\u00edtulo de eleitor e passaporte, mas ter\u00e1 o mesmo registro em todos os institutos de identifica\u00e7\u00e3o estaduais do pa\u00eds.<\/p>\n<p>Do <a href = \"http:\/\/g1.globo.com\/politica\/noticia\/2010\/12\/novo-documento-de-identidade-sera-lancado-nesta-quinta.html\" target = \"_news\"><b>G1<\/b><\/a>, em Bras\u00edlia<\/p>\n","protected":false},"excerpt":{"rendered":"<p>Registro de Identidade Civil vai substituir o atual documento. Documento come\u00e7a a ser expedido no Rio, Bahia e Distrito Federal. O Minist\u00e9rio da Justi\u00e7a lan\u00e7a nesta quinta-feira (30) o novo documento de identidade, que ser\u00e1 implementado em todo o pa\u00eds a partir de 2011. Batizado de Registro de Identidade Civil (RIC), o novo documento vai [&hellip;]<\/p>\n","protected":false},"author":2,"featured_media":0,"comment_status":"open","ping_status":"open","sticky":false,"template":"","format":"standard","meta":{"_links_to":"","_links_to_target":""},"categories":[18],"tags":[],"_links":{"self":[{"href":"https:\/\/www.r2cpress.com.br\/v1\/wp-json\/wp\/v2\/posts\/5512"}],"collection":[{"href":"https:\/\/www.r2cpress.com.br\/v1\/wp-json\/wp\/v2\/posts"}],"about":[{"href":"https:\/\/www.r2cpress.com.br\/v1\/wp-json\/wp\/v2\/types\/post"}],"author":[{"embeddable":true,"href":"https:\/\/www.r2cpress.com.br\/v1\/wp-json\/wp\/v2\/users\/2"}],"replies":[{"embeddable":true,"href":"https:\/\/www.r2cpress.com.br\/v1\/wp-json\/wp\/v2\/comments?post=5512"}],"version-history":[{"count":3,"href":"https:\/\/www.r2cpress.com.br\/v1\/wp-json\/wp\/v2\/posts\/5512\/revisions"}],"predecessor-version":[{"id":5515,"href":"https:\/\/www.r2cpress.com.br\/v1\/wp-json\/wp\/v2\/posts\/5512\/revisions\/5515"}],"wp:attachment":[{"href":"https:\/\/www.r2cpress.com.br\/v1\/wp-json\/wp\/v2\/media?parent=5512"}],"wp:term":[{"taxonomy":"category","embeddable":true,"href":"https:\/\/www.r2cpress.com.br\/v1\/wp-json\/wp\/v2\/categories?post=5512"},{"taxonomy":"post_tag","embeddable":true,"href":"https:\/\/www.r2cpress.com.br\/v1\/wp-json\/wp\/v2\/tags?post=5512"}],"curies":[{"name":"wp","href":"https:\/\/api.w.org\/{rel}","templated":true}]}}