{"id":55131,"date":"2012-12-08T19:42:16","date_gmt":"2012-12-08T22:42:16","guid":{"rendered":"http:\/\/www.r2cpress.com.br\/v1\/?p=55131"},"modified":"2012-12-08T19:42:16","modified_gmt":"2012-12-08T22:42:16","slug":"fieis-lotam-ruas-e-igreja-da-conceicao-em-homenagem-a-padroeira-da-bahia","status":"publish","type":"post","link":"https:\/\/www.r2cpress.com.br\/v1\/2012\/12\/08\/fieis-lotam-ruas-e-igreja-da-conceicao-em-homenagem-a-padroeira-da-bahia\/","title":{"rendered":"Fi\u00e9is lotam ruas e igreja da Concei\u00e7\u00e3o em homenagem \u00e0 padroeira da Bahia"},"content":{"rendered":"<div>\n<div>\n<h2>Milhares de pessoas foram \u00e0s ruas no bairro Com\u00e9rcio, em Salvador.<br \/>\nMissa campal celebrada por Dom Murilo Krieger abriu homenagens.<\/h2>\n<p><strong>Egi Santana<\/strong> Do G1 BA<\/p>\n<\/div>\n<\/div>\n<div><\/div>\n<div><img loading=\"lazy\" title=\"Imagem de Nossa Senhora da Concei\u00e7\u00e3o da Praia (Foto: Egi Santana\/G1)\" src=\"http:\/\/s2.glbimg.com\/jPRivUZXGTtc6DMlM0pC1hhGFKmyAyFwtKYEBFjRXFVIoz-HdGixxa_8qOZvMp3w\/s.glbimg.com\/jo\/g1\/f\/original\/2012\/12\/08\/conceicao.jpg\" alt=\"Imagem de Nossa Senhora da Concei\u00e7\u00e3o da Praia (Foto: Egi Santana\/G1)\" width=\"547\" height=\"410\" \/><strong>Imagem de Nossa Senhora da Concei\u00e7\u00e3o da Praia (Foto: Egi Santana\/G1)<\/strong><\/div>\n<p>Mesmo com a pequena chuva que caiu no bairro do Com\u00e9rcio, na Cidade Baixa, em <a href=\"http:\/\/g1.globo.com\/ba\/bahia\/cidade\/salvador.html\">Salvador<\/a>, fi\u00e9is lotaram a bas\u00edlica da Concei\u00e7\u00e3o da Praia e os arredores do templo religioso durante a manh\u00e3, em homenagem ao dia da padroeira da Bahia, comemorado neste s\u00e1bado (8).<\/p>\n<div>\n<p><strong>saiba mais<\/strong><\/p>\n<ul>\n<li><a href=\"http:\/\/g1.globo.com\/bahia\/fotos\/2012\/12\/veja-fotos-das-comemoracoes-padroeira-da-bahia-em-salvador.html\">VEJA GALERIA DE FOTOS DA FESTA<br \/>\n<\/a><\/li>\n<\/ul>\n<\/div>\n<p>Um pouco antes da missa campal, que come\u00e7ou pouco depois das 9h, o arcebispo de Salvador e primaz do Brasil, Dom Murilo Krieger comentou sobre a festa e a f\u00e9 dos baianos. \u201cEles vieram e, com muita disposi\u00e7\u00e3o, independente do chuvisco. Eles v\u00eam agradecer \u00e0 m\u00e3e de Jesus, Maria, que nos aponta sempre para o caminho de Deus. Estamos aqui hoje para agradecer \u00e0 nossa padroeira e para promover o bem, fazer o bem e colaborar para a cria\u00e7\u00e3o de um mundo mais solid\u00e1rio\u201d, disse.<\/p>\n<div><img loading=\"lazy\" title=\"Patr\u00edcia levou a filha para pedir ajuda em cura contra um c\u00e2ncer (Foto: Egi Santana\/G1)\" src=\"http:\/\/s2.glbimg.com\/EPlI19U-lPZsR0GROPFBYVw7r_JXyT0qnytkQPjOlJ5Ioz-HdGixxa_8qOZvMp3w\/s.glbimg.com\/jo\/g1\/f\/original\/2012\/12\/08\/dsc05502.jpg\" alt=\"Patr\u00edcia levou a filha para pedir ajuda em cura contra um c\u00e2ncer (Foto: Egi Santana\/G1)\" width=\"300\" height=\"225\" \/><strong><\/strong><\/div>\n<div><strong>Patr\u00edcia levou a filha para pedir ajuda em cura<br \/>\ncontra um c\u00e2ncer (Foto: Egi Santana\/G1)<\/strong><\/div>\n<p>Na plateia, fi\u00e9is que anualmente comparecem \u00e0s comemora\u00e7\u00f5es para a padroeira, como a advogada Maria Rita Bacelar, de 71 anos, <a href=\"http:\/\/g1.globo.com\/bahia\/noticia\/2011\/12\/baianos-contam-historias-de-fe-na-festa-de-conceicao-da-praia.html\">que conversou com o <strong>G1<\/strong> na festa de 2011<\/a> e este ano estava novamente prestando suas homenagens \u00e0 santa. Havia ainda pessoas como Patr\u00edcia dos Santos Batista, que em l\u00e1grimas durante quase toda a missa, pedia \u00e0 padroeira que ajudasse na cura de um c\u00e2ncer da filha Luana, de 16 anos. &#8220;Vimos aqui pedir que Nossa Senhora nos ajude no tratamento dessa doen\u00e7a, que ela ajude com o plano de sa\u00fade, que parou de tratar de minha filha, que nos ajude a vencer essa batalha&#8221;, disse.<\/p>\n<p>Emocionada, Patr\u00edcia agradecia tamb\u00e9m pela vida, ao mesmo tempo que afirmava que &#8220;n\u00e3o h\u00e1 limite para a f\u00e9. N\u00f3s temos f\u00e9 em Deus, em Nossa Senhora, e iremos vencer essa luta, com as gra\u00e7as do senhor&#8221;, pontuou.<\/p>\n<div><img loading=\"lazy\" title=\"Fieis rezam durante as celebra\u00e7\u00f5es na capital baiana (Foto: Egi Santana\/G1)\" src=\"http:\/\/s2.glbimg.com\/1ZDzlsNeal-3nH2EWZb-vyrTMQiU1Q9skM4ko82sEOpIoz-HdGixxa_8qOZvMp3w\/s.glbimg.com\/jo\/g1\/f\/original\/2012\/12\/08\/sem_titulo-2.jpg\" alt=\"Fieis rezam durante as celebra\u00e7\u00f5es na capital baiana (Foto: Egi Santana\/G1)\" width=\"546\" height=\"409\" \/><strong><\/strong><\/div>\n<div><strong>Fieis rezam durante as celebra\u00e7\u00f5es na capital baiana (Foto: Egi Santana\/G1)<\/strong><\/div>\n<p>Na mensagem, dom Murilo falou dos ensinamentos que a m\u00e3e de Jesus deixou para os cat\u00f3licos. &#8220;Nossa senhora nos ensina a mensagem, sobretudo, de louvor a Deus. E \u00e9 esta a nossa miss\u00e3o aqui, e todos os dias durante nossa passagem nesta vida&#8221;, finalizou.<\/p>\n<div><img loading=\"lazy\" title=\"Festa lotou as ruas em frente \u00e0 Igreja da Concei\u00e7\u00e3o da Praia, em Salvador (Foto: Egi Santana\/G1)\" src=\"http:\/\/s2.glbimg.com\/T0ep7VQhHkNhUSZUN96-E_TGo-4akNusgKM7YPa1yyFIoz-HdGixxa_8qOZvMp3w\/s.glbimg.com\/jo\/g1\/f\/original\/2012\/12\/08\/dsc05493.jpg\" alt=\"Festa lotou as ruas em frente \u00e0 Igreja da Concei\u00e7\u00e3o da Praia, em Salvador (Foto: Egi Santana\/G1)\" width=\"548\" height=\"411\" \/><strong><\/strong><\/div>\n<div><strong>Festa lotou as ruas em frente \u00e0 Igreja da Concei\u00e7\u00e3o da Praia, em Salvador (Foto: Egi Santana\/G1)<\/strong><\/div>\n<div><!--more--><\/div>\n<p>A missa campal terminou por volta das 10h45, quando regada por uma chuva de p\u00e9talas, a imagem de Nossa Senhora da Concei\u00e7\u00e3o da Praia seguiu rumo \u00e0 procis\u00e3o pelas ruas do bairro no Com\u00e9rcio, levando um grande n\u00famero de fi\u00e9is que n\u00e3o se incomodaram com os pingos de chuva que ainda caiam na regi\u00e3o.<\/p>\n<p><strong>Programa\u00e7\u00e3o<\/strong><br \/>\nOs devotos ir\u00e3o percorrer o Elevador Lacerda, o Mercado Modelo, a Associa\u00e7\u00e3o Comercial da Bahia e o Porto de Salvador. Al\u00e9m da missa finalizada por volta das 10h45, as demais celebra\u00e7\u00f5es ser\u00e3o realizadas \u00e0s 12h, 14h, 15h30 e 18h. Os festejos acontecem tamb\u00e9m nas par\u00f3quias dos bairros de Itapu\u00e3, Periperi e Toror\u00f3, que fizeram <a href=\"http:\/\/g1.globo.com\/bahia\/noticia\/2012\/11\/paroquias-iniciam-novenario-para-celebrar-dia-da-padroeira-de-salvador.html\">uma programa\u00e7\u00e3o especial<\/a>.<\/p>\n<div><img loading=\"lazy\" title=\"Comemora\u00e7\u00e3o \u00e0 padroeira da Bahia em Salvador (Foto: Egi Santana\/G1)\" src=\"http:\/\/s2.glbimg.com\/0WA-OL_oqqT0O5aGLG3vzVP1xZjwPTOe6bDFxZSM0yxIoz-HdGixxa_8qOZvMp3w\/s.glbimg.com\/jo\/g1\/f\/original\/2012\/12\/08\/dsc05483.jpg\" alt=\"Comemora\u00e7\u00e3o \u00e0 padroeira da Bahia em Salvador (Foto: Egi Santana\/G1)\" width=\"544\" height=\"408\" \/><strong>Comemora\u00e7\u00e3o \u00e0 padroeira da Bahia em Salvador (Foto: Egi Santana\/G1)<\/strong><\/div>\n<p><strong>Hist\u00f3ria<\/strong><br \/>\nTombado pelo Instituto de Patrim\u00f4nio Hist\u00f3rico Nacional (Iphan) desde 1938, a Bas\u00edlica de Nossa Senhora da Concei\u00e7\u00e3o da Praia, localizada na Cidade Baixa, era uma pequena capela em 1549, ano em que foi constru\u00edda por ordem do governador do Brasil Thom\u00e9 de Souza. No s\u00e9culo 20, em 1946, a igreja recebeu o t\u00edtulo de Bas\u00edlica Menor. Em 2010, o cardeal Dom Geraldo Majella Agnelo proclamou a igreja ao status de Santu\u00e1rio Mariano Arquidiocesano, ou melhor, \u201cCora\u00e7\u00e3o Mariano da Arquidiocese\u201d.<\/p>\n<p>O dia 8 de dezembro foi oficializado como o dia de Nossa Senhora da Concei\u00e7\u00e3o da Praia por ser a data em que foi proclamado o dogma da Concei\u00e7\u00e3o de Maria pelo Papa Pio IX, no ano de 1854, que confirmava que a concep\u00e7\u00e3o da m\u00e3e de Jesus havia sido sem pecado. A pedido dos participantes da Confer\u00eancia Nacional dos Bispos do Brasil Regional Nordeste III, o papa Paulo VI decretou Nossa Senhora da Concei\u00e7\u00e3o da Praia, a padroeira da Bahia.<\/p>\n<div><img loading=\"lazy\" title=\"Fieis cantaram durante a missa em Salvador (Foto: Egi Santana\/G1)\" src=\"http:\/\/s2.glbimg.com\/_26XOzQdzgpDoe9xF5_N_p08Vd-Y-Sdv0dW14o9NRmRIoz-HdGixxa_8qOZvMp3w\/s.glbimg.com\/jo\/g1\/f\/original\/2012\/12\/08\/dsc05386.jpg\" alt=\"Fieis cantaram durante a missa em Salvador (Foto: Egi Santana\/G1)\" width=\"549\" height=\"412\" \/><strong><\/strong><\/div>\n<div><strong>Fieis cantaram durante a missa em Salvador (Foto: Egi Santana\/G1)<\/strong><\/div>\n<p>&#8212;<br \/>\nG1 BA<br \/>\nhttp:\/\/g1.globo.com\/bahia\/noticia\/2012\/12\/fieis-lotam-ruas-e-igreja-da-conceicao-em-homenagem-padroeira-da-bahia.html<\/p>\n","protected":false},"excerpt":{"rendered":"<p>Milhares de pessoas foram \u00e0s ruas no bairro Com\u00e9rcio, em Salvador. Missa campal celebrada por Dom Murilo Krieger abriu homenagens. Egi Santana Do G1 BA Imagem de Nossa Senhora da Concei\u00e7\u00e3o da Praia (Foto: Egi Santana\/G1) Mesmo com a pequena chuva que caiu no bairro do Com\u00e9rcio, na Cidade Baixa, em Salvador, fi\u00e9is lotaram a [&hellip;]<\/p>\n","protected":false},"author":2,"featured_media":0,"comment_status":"open","ping_status":"open","sticky":false,"template":"","format":"standard","meta":{"_links_to":"","_links_to_target":""},"categories":[13],"tags":[],"_links":{"self":[{"href":"https:\/\/www.r2cpress.com.br\/v1\/wp-json\/wp\/v2\/posts\/55131"}],"collection":[{"href":"https:\/\/www.r2cpress.com.br\/v1\/wp-json\/wp\/v2\/posts"}],"about":[{"href":"https:\/\/www.r2cpress.com.br\/v1\/wp-json\/wp\/v2\/types\/post"}],"author":[{"embeddable":true,"href":"https:\/\/www.r2cpress.com.br\/v1\/wp-json\/wp\/v2\/users\/2"}],"replies":[{"embeddable":true,"href":"https:\/\/www.r2cpress.com.br\/v1\/wp-json\/wp\/v2\/comments?post=55131"}],"version-history":[{"count":4,"href":"https:\/\/www.r2cpress.com.br\/v1\/wp-json\/wp\/v2\/posts\/55131\/revisions"}],"predecessor-version":[{"id":55135,"href":"https:\/\/www.r2cpress.com.br\/v1\/wp-json\/wp\/v2\/posts\/55131\/revisions\/55135"}],"wp:attachment":[{"href":"https:\/\/www.r2cpress.com.br\/v1\/wp-json\/wp\/v2\/media?parent=55131"}],"wp:term":[{"taxonomy":"category","embeddable":true,"href":"https:\/\/www.r2cpress.com.br\/v1\/wp-json\/wp\/v2\/categories?post=55131"},{"taxonomy":"post_tag","embeddable":true,"href":"https:\/\/www.r2cpress.com.br\/v1\/wp-json\/wp\/v2\/tags?post=55131"}],"curies":[{"name":"wp","href":"https:\/\/api.w.org\/{rel}","templated":true}]}}