{"id":55137,"date":"2012-12-08T23:52:19","date_gmt":"2012-12-09T02:52:19","guid":{"rendered":"http:\/\/www.r2cpress.com.br\/v1\/?p=55137"},"modified":"2012-12-08T23:52:19","modified_gmt":"2012-12-09T02:52:19","slug":"resultados-do-evento-praia-limpa-do-rotaract","status":"publish","type":"post","link":"https:\/\/www.r2cpress.com.br\/v1\/2012\/12\/08\/resultados-do-evento-praia-limpa-do-rotaract\/","title":{"rendered":"Resultados do Evento &#8220;Praia Limpa do Rotaract&#8221;"},"content":{"rendered":"<p>Foi realizada hoje, 08\/12\/2012, uma a\u00e7\u00e3o de limpeza das praias pelo\u00a0<strong>Rotaract Club S\u00e3o Jorge dos Ilh\u00e9us<\/strong>. Essa a\u00e7\u00e3o que vem sendo praticada em toda costa brasileira \u00e9\u00a0denominada\u00a0&#8220;<strong>Praia Limpa<\/strong>&#8221; e j\u00e1 havia sido realizada em outras localidades de nossa cidade pelo Interact Club Jorge Amado, Alunos da UESC do Curso de Biologia, diversos col\u00e9gios etc.<\/p>\n<p><center><a href=\"http:\/\/www.r2cpress.com.br\/v1\/wp-content\/uploads\/capa-rotary-praia-limpa.jpg\"><img loading=\"lazy\" class=\"aligncenter size-full wp-image-55138\" title=\"capa rotary praia limpa\" src=\"http:\/\/www.r2cpress.com.br\/v1\/wp-content\/uploads\/capa-rotary-praia-limpa.jpg\" alt=\"\" width=\"504\" height=\"504\" srcset=\"https:\/\/www.r2cpress.com.br\/v1\/wp-content\/uploads\/capa-rotary-praia-limpa.jpg 504w, https:\/\/www.r2cpress.com.br\/v1\/wp-content\/uploads\/capa-rotary-praia-limpa-150x150.jpg 150w, https:\/\/www.r2cpress.com.br\/v1\/wp-content\/uploads\/capa-rotary-praia-limpa-300x300.jpg 300w\" sizes=\"(max-width: 504px) 100vw, 504px\" \/><\/a><\/center><\/p>\n<p>Desta vez, o\u00a0<strong>#RTC<\/strong>\u00a0iniciou os trabalhos na manh\u00e3 do s\u00e1bado, saindo da cabana Guarany e percorrendo um trecho de aproximadamente 5\/6km pelas Praias do Litoral Sul.<\/p>\n<p>Contando com o apoio dos banhista, diversos turistas e donos de cabanas fizeram quest\u00e3o de contribuir com nossa jornada pela praia. Nas abordagens feitas o projeto era explicado e\u00a0fris\u00e1vamos\u00a0a import\u00e2ncia de se manter o litoral livre dos detritos poluem nossa costa.<\/p>\n<p>Conversando com turistas e comerciantes, encontramos a mesma reclama\u00e7\u00e3o: &#8220;Falta educa\u00e7\u00e3o ambiental para quem frequenta o litoral brasileiro&#8221;.<\/p>\n<p>Uma turista de Santa Catarina nos abordou e comentou:<\/p>\n<p><!--more--><\/p>\n<p><em>&#8220;<\/em><em>Uma costa t\u00e3o bonita e t\u00e3o grande n\u00e3o pode sofrer com o descaso de quem a frequenta. Desde o canudinho que se toma o refrigerante a fraldinha do\u00a0nen\u00e9m\u00a0que est\u00e1 no colo, \u00e9 responsabilidade nossa conservar o que a natureza nos oferece em bom estado.<\/em><em>&#8220;<\/em><\/p>\n<p>Da mesma forma que a Presidente do Rotaract Club S\u00e3o Jorge dos Ilh\u00e9us (2012-2013), Rafaela Pacheco, declarou:<\/p>\n<p><em>&#8220;<\/em><em>Consci\u00eancia e cuidado do meio ambiente \u00e9 importante para todos. \u00c9 t\u00e3o bom ouvir das pessoas: &#8220;boa iniciativa e bom trabalho&#8221; e o Praia Limpa Rotaract me fez refletir &#8220;se \u00e9 uma boa, por que n\u00e3o fazer?&#8221;. Se come\u00e7armos a divulgar a conscientiza\u00e7\u00e3o, o primeiro passo vai ser dado, a cultura &#8220;da limpeza&#8221; ser\u00e1 implantada. O seu meio ambiente, \u00e9 o seu estilo de vida. Voc\u00ea n\u00e3o precisa mudar totalmente o seu estilo de vida, apenas adote a responsabilidade social.<\/em><em>&#8220;<\/em><\/p>\n<p>N\u00e3o basta limpar. \u00c9 preciso conscientizar os frequentadores do local para que nem seja preciso fazer limpeza.<\/p>\n<p>Hoje tivemos o apoio fundamental da\u00a0<strong>TEI\u00da LTDA.<\/strong>\u00a0na figura de seu Representante Comercial o Sr. Jobson Lino da Silva, que com imensa alegria nos auxiliou com todo material para que a coleta dos detritos pudesse ser realizada.<\/p>\n<p>Todo lixo recolhido foi devidamente\u00a0<strong>embalado<\/strong>\u00a0e colocado nos pontos da coleta de lixo municipal.<\/p>\n<p>Atenciosamente,<\/p>\n<p><strong>Rodrigo Faria<br \/>\nDiretor de Marketing &amp; Publicidade (2012-2013)<br \/>\nRotaract Club S\u00e3o Jorge dos Ilh\u00e9us<\/strong><\/p>\n","protected":false},"excerpt":{"rendered":"<p>Foi realizada hoje, 08\/12\/2012, uma a\u00e7\u00e3o de limpeza das praias pelo\u00a0Rotaract Club S\u00e3o Jorge dos Ilh\u00e9us. Essa a\u00e7\u00e3o que vem sendo praticada em toda costa brasileira \u00e9\u00a0denominada\u00a0&#8220;Praia Limpa&#8221; e j\u00e1 havia sido realizada em outras localidades de nossa cidade pelo Interact Club Jorge Amado, Alunos da UESC do Curso de Biologia, diversos col\u00e9gios etc. Desta [&hellip;]<\/p>\n","protected":false},"author":2,"featured_media":0,"comment_status":"open","ping_status":"open","sticky":false,"template":"","format":"standard","meta":{"_links_to":"","_links_to_target":""},"categories":[10],"tags":[],"_links":{"self":[{"href":"https:\/\/www.r2cpress.com.br\/v1\/wp-json\/wp\/v2\/posts\/55137"}],"collection":[{"href":"https:\/\/www.r2cpress.com.br\/v1\/wp-json\/wp\/v2\/posts"}],"about":[{"href":"https:\/\/www.r2cpress.com.br\/v1\/wp-json\/wp\/v2\/types\/post"}],"author":[{"embeddable":true,"href":"https:\/\/www.r2cpress.com.br\/v1\/wp-json\/wp\/v2\/users\/2"}],"replies":[{"embeddable":true,"href":"https:\/\/www.r2cpress.com.br\/v1\/wp-json\/wp\/v2\/comments?post=55137"}],"version-history":[{"count":3,"href":"https:\/\/www.r2cpress.com.br\/v1\/wp-json\/wp\/v2\/posts\/55137\/revisions"}],"predecessor-version":[{"id":55141,"href":"https:\/\/www.r2cpress.com.br\/v1\/wp-json\/wp\/v2\/posts\/55137\/revisions\/55141"}],"wp:attachment":[{"href":"https:\/\/www.r2cpress.com.br\/v1\/wp-json\/wp\/v2\/media?parent=55137"}],"wp:term":[{"taxonomy":"category","embeddable":true,"href":"https:\/\/www.r2cpress.com.br\/v1\/wp-json\/wp\/v2\/categories?post=55137"},{"taxonomy":"post_tag","embeddable":true,"href":"https:\/\/www.r2cpress.com.br\/v1\/wp-json\/wp\/v2\/tags?post=55137"}],"curies":[{"name":"wp","href":"https:\/\/api.w.org\/{rel}","templated":true}]}}