{"id":55440,"date":"2012-12-14T10:40:58","date_gmt":"2012-12-14T13:40:58","guid":{"rendered":"http:\/\/www.r2cpress.com.br\/v1\/?p=55440"},"modified":"2012-12-14T10:40:58","modified_gmt":"2012-12-14T13:40:58","slug":"grandes-nomes-da-musica-independente-se-apresentam-nesse-fim-de-semana-em-itacare","status":"publish","type":"post","link":"https:\/\/www.r2cpress.com.br\/v1\/2012\/12\/14\/grandes-nomes-da-musica-independente-se-apresentam-nesse-fim-de-semana-em-itacare\/","title":{"rendered":"Grandes nomes da m\u00fasica independente se apresentam nesse fim de semana em Itacar\u00e9"},"content":{"rendered":"<p><center> <a href=\"http:\/\/www.r2cpress.com.br\/v1\/wp-content\/uploads\/ITACAR\u00c9.jpg\"><img loading=\"lazy\" src=\"http:\/\/www.r2cpress.com.br\/v1\/wp-content\/uploads\/ITACAR\u00c9.jpg\" alt=\"ITACAR\u00c9\" width=\"550\" height=\"213\" class=\"aligncenter size-full wp-image-55441\" srcset=\"https:\/\/www.r2cpress.com.br\/v1\/wp-content\/uploads\/ITACAR\u00c9.jpg 550w, https:\/\/www.r2cpress.com.br\/v1\/wp-content\/uploads\/ITACAR\u00c9-300x116.jpg 300w\" sizes=\"(max-width: 550px) 100vw, 550px\" \/><\/a>  <\/center><\/p>\n<p>O Programa Conex\u00e3o Vivo apresenta, nesse fim de semana (s\u00e1bado e domingo) em Itacar\u00e9, a terceira edi\u00e7\u00e3o do Festival Stereo Sul, que traz na sua grade de programa\u00e7\u00e3o alguns dos mais prestigiados nomes da nova m\u00fasica brasileira. As apresenta\u00e7\u00f5es acontecem na Praia da Tiririca, a partir das 18 horas, com entrada franca.<\/p>\n<p>No s\u00e1bado, sobem ao palco Karina Buhr (PE) , Lurdez da Luz (SP), Coletivo di Tambor (BA), e um dos grandes destaques do Hip-Hop nacional na atualidade, a banda ilheense OQuadro.<\/p>\n<p>No domingo, as apresenta\u00e7\u00f5es ficam por conta da banda Scambo (BA), Eddie (PE), Curumin (SP) e a banda local Mago e Ogan Hits (BA)<\/p>\n<p>Al\u00e9m dos shows, o festival tamb\u00e9m promove debates nos dois dias, com convidados locais e nacionais discutindo os temas: \u201cPlataformas Permanentes Para Circula\u00e7\u00e3o Art\u00edstica\u201d, no s\u00e1bado (15), e \u201cComunica\u00e7\u00e3o, Redes de Identidade e Produ\u00e7\u00e3o de Novos Conte\u00fados\u201d, no domingo (16). Os encontros acontecem na Casa do Boneco, \u00e0s 16 horas.<\/p>\n<p><strong>CONEX\u00c3O VIVO<\/strong> \u2013 Mais de uma centena de projetos musicais de todo o pa\u00eds fazem parte do Programa Conex\u00e3o Vivo, que re\u00fane shows, festivais independentes, grava\u00e7\u00e3o de CDs e DVDs, produ\u00e7\u00e3o de videoclipes, programas de r\u00e1dio, oficinas e semin\u00e1rios, compondo uma rede nacional e permanente de atividades culturais, que envolve artistas, gestores e produtores culturais, iniciativas p\u00fablicas e privadas.<\/p>\n<p>O Conex\u00e3o Vivo realiza ao longo do ano um circuito pr\u00f3prio de eventos onde toda essa diversidade de a\u00e7\u00f5es acontece conjuntamente. Al\u00e9m disso, o programa est\u00e1 presente em muitas das mais importantes iniciativas da cena musical brasileira, seja com o patroc\u00ednio de projetos ou parcerias art\u00edsticas em eventos de destaque no calend\u00e1rio nacional, e outros festivais independentes.<\/p>\n","protected":false},"excerpt":{"rendered":"<p>O Programa Conex\u00e3o Vivo apresenta, nesse fim de semana (s\u00e1bado e domingo) em Itacar\u00e9, a terceira edi\u00e7\u00e3o do Festival Stereo Sul, que traz na sua grade de programa\u00e7\u00e3o alguns dos mais prestigiados nomes da nova m\u00fasica brasileira. As apresenta\u00e7\u00f5es acontecem na Praia da Tiririca, a partir das 18 horas, com entrada franca. No s\u00e1bado, sobem [&hellip;]<\/p>\n","protected":false},"author":2,"featured_media":0,"comment_status":"open","ping_status":"open","sticky":false,"template":"","format":"standard","meta":{"_links_to":"","_links_to_target":""},"categories":[5],"tags":[],"_links":{"self":[{"href":"https:\/\/www.r2cpress.com.br\/v1\/wp-json\/wp\/v2\/posts\/55440"}],"collection":[{"href":"https:\/\/www.r2cpress.com.br\/v1\/wp-json\/wp\/v2\/posts"}],"about":[{"href":"https:\/\/www.r2cpress.com.br\/v1\/wp-json\/wp\/v2\/types\/post"}],"author":[{"embeddable":true,"href":"https:\/\/www.r2cpress.com.br\/v1\/wp-json\/wp\/v2\/users\/2"}],"replies":[{"embeddable":true,"href":"https:\/\/www.r2cpress.com.br\/v1\/wp-json\/wp\/v2\/comments?post=55440"}],"version-history":[{"count":2,"href":"https:\/\/www.r2cpress.com.br\/v1\/wp-json\/wp\/v2\/posts\/55440\/revisions"}],"predecessor-version":[{"id":55443,"href":"https:\/\/www.r2cpress.com.br\/v1\/wp-json\/wp\/v2\/posts\/55440\/revisions\/55443"}],"wp:attachment":[{"href":"https:\/\/www.r2cpress.com.br\/v1\/wp-json\/wp\/v2\/media?parent=55440"}],"wp:term":[{"taxonomy":"category","embeddable":true,"href":"https:\/\/www.r2cpress.com.br\/v1\/wp-json\/wp\/v2\/categories?post=55440"},{"taxonomy":"post_tag","embeddable":true,"href":"https:\/\/www.r2cpress.com.br\/v1\/wp-json\/wp\/v2\/tags?post=55440"}],"curies":[{"name":"wp","href":"https:\/\/api.w.org\/{rel}","templated":true}]}}