{"id":55500,"date":"2012-12-14T14:19:49","date_gmt":"2012-12-14T17:19:49","guid":{"rendered":"http:\/\/www.r2cpress.com.br\/v1\/?p=55500"},"modified":"2012-12-14T14:19:49","modified_gmt":"2012-12-14T17:19:49","slug":"vane-anuncia-cortes-de-ate-52-nos-gastos-publicos-de-itabuna","status":"publish","type":"post","link":"https:\/\/www.r2cpress.com.br\/v1\/2012\/12\/14\/vane-anuncia-cortes-de-ate-52-nos-gastos-publicos-de-itabuna\/","title":{"rendered":"Vane anuncia cortes de at\u00e9 52% nos gastos p\u00fablicos de Itabuna"},"content":{"rendered":"<p><div id=\"attachment_55501\" style=\"width: 310px\" class=\"wp-caption alignright\"><a href=\"http:\/\/www.r2cpress.com.br\/v1\/wp-content\/uploads\/Prefeito-Vane-fala-de-corte-de-gastos-\u00e0-imprensa-foto-Thiago-Pereira.jpg\"><img aria-describedby=\"caption-attachment-55501\" loading=\"lazy\" src=\"http:\/\/www.r2cpress.com.br\/v1\/wp-content\/uploads\/Prefeito-Vane-fala-de-corte-de-gastos-\u00e0-imprensa-foto-Thiago-Pereira-300x199.jpg\" alt=\"Prefeito Vane fala de corte de gastos \u00e0 imprensa. Foto Thiago Pereira\" width=\"300\" height=\"199\" class=\"size-medium wp-image-55501\" srcset=\"https:\/\/www.r2cpress.com.br\/v1\/wp-content\/uploads\/Prefeito-Vane-fala-de-corte-de-gastos-\u00e0-imprensa-foto-Thiago-Pereira-300x199.jpg 300w, https:\/\/www.r2cpress.com.br\/v1\/wp-content\/uploads\/Prefeito-Vane-fala-de-corte-de-gastos-\u00e0-imprensa-foto-Thiago-Pereira.jpg 680w\" sizes=\"(max-width: 300px) 100vw, 300px\" \/><\/a><p id=\"caption-attachment-55501\" class=\"wp-caption-text\">Prefeito Vane fala de corte de gastos \u00e0 imprensa. Foto Thiago Pereira<\/p><\/div>O prefeito Claudevane Moreira Leite, Vane, anunciou cortes de 52% nos gastos p\u00fablicos para pagamento de cargos comissionados da Prefeitura de Itabuna, Hospital de Base, Funda\u00e7\u00e3o Marimbeta e Funda\u00e7\u00e3o Itabunense de Cultura e Cidadania (FICC) e de 62% na Emasa durante entrevista coletiva no audit\u00f3rio do Tarik Fontes Plaza Hotel, nesta sexta-feira, 14. Para ele, a situa\u00e7\u00e3o do munic\u00edpio \u201c\u00e9 a pior poss\u00edvel, pior do que imagin\u00e1vamos\u201d.<\/p>\n<p>Vane disse que o atual prefeito tem colaborado com a equipe de transi\u00e7\u00e3o por ser homem democr\u00e1tico e pessoa que tem responsabilidade. Mas, criticou o fato de em mar\u00e7o, a atual gest\u00e3o ter assinado contrato no valor de R$ 10,5 milh\u00f5es com Banco Santander, com vig\u00eancia at\u00e9 2016. \u201cPorque n\u00e3o o fizeram antes?\u201d, questionou.  O prefeito eleito falou \u00e0 imprensa apenas de tr\u00eas graves problemas, tendo condenado o contrato de confiss\u00e3o de suposta d\u00edvida com a Torre, no valor de R$ 7 milh\u00f5es, que o munic\u00edpio come\u00e7aria a pagar em janeiro, e ainda a assinatura de contrato com a empresa para a Zona Azul por dez anos..<\/p>\n<p>            \u201cTodos sabem que Itabuna tem mais cargos de confian\u00e7a que Feira de Santana, com popula\u00e7\u00e3o tr\u00eas vezes maior que a nossa. Parece-me que juntando Ilh\u00e9us e Vit\u00f3ria da Conquista, Itabuna ainda consegue superar em cargos comissionados. A Emasa paga mais cargos comissionados que a Coelba paga na Bahia toda. A situa\u00e7\u00e3o da Prefeitura \u00e9 realmente dif\u00edcil. Sabemos que o governo federal fez boa pol\u00edtica para o Pa\u00eds de redu\u00e7\u00e3o do IPI, mas as prefeituras est\u00e3o sofrendo e v\u00e3o sofrer mais. A situa\u00e7\u00e3o \u00e9 desafiadora, temos que tomar algumas medidas\u201d, comentou Vane.<\/p>\n<p>DENGUE      <\/p>\n<p><!--more--><\/p>\n<p>O prefeito eleito reafirmou que os cortes na Prefeitura, Hospital de Base, Funda\u00e7\u00e3o Marimbeta e Ficc representar\u00e3o economia entre R$ 28 milh\u00f5es e R$ 30 milh\u00f5es ao longo de sua gest\u00e3o. Vane tamb\u00e9m deixou claro que Itabuna n\u00e3o ter\u00e1 carnaval em 2013, j\u00e1 que a preocupa\u00e7\u00e3o da gest\u00e3o ser\u00e1 com a quest\u00e3o da dengue, j\u00e1 que o munic\u00edpio lidera os casos de infesta\u00e7\u00e3o predial no Pa\u00eds pelo trabalho mal feito, segundo disse. \u201cPouca coisa vamos poder fazer. O que faremos \u00e9 preparar os hospitais para enfrentar a epidemia de dengue\u201d, afirmou.<\/p>\n<p>            O prefeito Vane disse tamb\u00e9m que uma das primeiras a\u00e7\u00f5es ser\u00e1 limpar a cidade e mant\u00ea-la limpa, iluminar e mant\u00ea-la iluminada.  \u201cVamos fazer um mutir\u00e3o no m\u00eas de janeiro, com a prefeitura liderando as a\u00e7\u00f5es, com o apoio da sociedade organizada e igrejas. Vamos estar em cada um dos bairros a cada semana. Com o apoio da comunidade pretendemos diminuir o risco da dengue, j\u00e1 que a cidade tem sido not\u00edcia no Brasil por ser o munic\u00edpio com maior infesta\u00e7\u00e3o predial\u201d, disse.<\/p>\n<p>            Vane disse esperar que as medidas de conten\u00e7\u00e3o nas despesas surtam efeito, mas se precisar cortar mais, far\u00e1 mais cortes.\u201d N\u00e3o vou ser prefeito para agradar ningu\u00e9m, mas temos compromissos com a cidade e sua gente. N\u00e3o quero gastar mais do que 50% com pessoal. Se tiver que cortar mais, vamos cortar. Que ningu\u00e9m estranhe, porque foi a t\u00f4nica da campanha quando falamos muito de austeridade na prefeitura.  Todos os secret\u00e1rios sabem disso, quero agradecer o empenho de cada um e parabenizar o trabalho que est\u00e3o fazendo na transmiss\u00e3o no levantamento de informa\u00e7\u00f5es\u201d, assinalou.<\/p>\n<p>TRANSPAR\u00caNCIA<\/p>\n<p>\u201cO governo ser\u00e1 transparente este \u00e9 nosso compromisso. N\u00e3o estamos perseguindo ningu\u00e9m, mas a partir do dia 2 vamos fazer auditoria em todos os \u00f3rg\u00e3os da prefeitura, Funda\u00e7\u00e3o Marimbeta, Ficc e Emasa\u201d, afirmou Vane. Para o prefeito, n\u00e3o h\u00e1 d\u00favida que de forma equilibrada, com seriedade e transpar\u00eancia, as pessoas sabendo das informa\u00e7\u00f5es e atos e compreender\u00e3o as coisas e v\u00e3o cooperar com a administra\u00e7\u00e3o municipal.<\/p>\n<p>            Antes de responder as perguntas dos jornalistas, radialistas e blogueiros, Vane reafirmou que deseja uma C\u00e2mara de Vereadores independente. \u201cFui vereador independente, sempre com \u00e9tica e respeito ao meu partido, que jamais me acusou de falta de \u00e9tica ou de votar errado.  N\u00e3o vou me envolver na elei\u00e7\u00e3o da Presid\u00eancia da C\u00e2mara. Espero que os nossos sete vereadores se unam a outros para fazer a Mesa.Mas, particularmente, n\u00e3o tenho candidato a presidente. Sou criticado com rela\u00e7\u00e3o a isso, mas n\u00e3o quero a C\u00e2mara atrelada ao governo municipal. Quero poderes independentes, trabalhando em harmonia para o bem da cidade, com cordialidade, respeito, \u00e9tica e transpar\u00eancia\u201d, concluiu.  <\/p>\n<p>            A entrevista coletiva foi aberta com sauda\u00e7\u00e3o \u00e0 m\u00eddia pela secret\u00e1ria de Governo, Cleide Sousa de Oliveira, que destacou o desejo do prefeito Vane de uma gest\u00e3o p\u00fablica aberta, transparente e democr\u00e1tica. \u201cEstamos abertos a prestar quaisquer esclarecimentos \u00e0 popula\u00e7\u00e3o atrav\u00e9s do trabalho dos senhores e senhoras. Sempre estaremos dispon\u00edveis para responder qualquer pergunta\u201d, discursou.  Tamb\u00e9m prestigiaram o evento os secret\u00e1rios indicados Jos\u00e9 Humberto Ramos Martins e Clodovil Soares e o presidente indicado a Ficc, Roberto Jos\u00e9 da Silva.<\/p>\n<p>Assessoria de Comunica\u00e7\u00e3o<\/p>\n<p>Gabinete do Prefeito Eleito<\/p>\n","protected":false},"excerpt":{"rendered":"<p>O prefeito Claudevane Moreira Leite, Vane, anunciou cortes de 52% nos gastos p\u00fablicos para pagamento de cargos comissionados da Prefeitura de Itabuna, Hospital de Base, Funda\u00e7\u00e3o Marimbeta e Funda\u00e7\u00e3o Itabunense de Cultura e Cidadania (FICC) e de 62% na Emasa durante entrevista coletiva no audit\u00f3rio do Tarik Fontes Plaza Hotel, nesta sexta-feira, 14. Para ele, [&hellip;]<\/p>\n","protected":false},"author":2,"featured_media":0,"comment_status":"open","ping_status":"open","sticky":false,"template":"","format":"standard","meta":{"_links_to":"","_links_to_target":""},"categories":[15],"tags":[],"_links":{"self":[{"href":"https:\/\/www.r2cpress.com.br\/v1\/wp-json\/wp\/v2\/posts\/55500"}],"collection":[{"href":"https:\/\/www.r2cpress.com.br\/v1\/wp-json\/wp\/v2\/posts"}],"about":[{"href":"https:\/\/www.r2cpress.com.br\/v1\/wp-json\/wp\/v2\/types\/post"}],"author":[{"embeddable":true,"href":"https:\/\/www.r2cpress.com.br\/v1\/wp-json\/wp\/v2\/users\/2"}],"replies":[{"embeddable":true,"href":"https:\/\/www.r2cpress.com.br\/v1\/wp-json\/wp\/v2\/comments?post=55500"}],"version-history":[{"count":2,"href":"https:\/\/www.r2cpress.com.br\/v1\/wp-json\/wp\/v2\/posts\/55500\/revisions"}],"predecessor-version":[{"id":55503,"href":"https:\/\/www.r2cpress.com.br\/v1\/wp-json\/wp\/v2\/posts\/55500\/revisions\/55503"}],"wp:attachment":[{"href":"https:\/\/www.r2cpress.com.br\/v1\/wp-json\/wp\/v2\/media?parent=55500"}],"wp:term":[{"taxonomy":"category","embeddable":true,"href":"https:\/\/www.r2cpress.com.br\/v1\/wp-json\/wp\/v2\/categories?post=55500"},{"taxonomy":"post_tag","embeddable":true,"href":"https:\/\/www.r2cpress.com.br\/v1\/wp-json\/wp\/v2\/tags?post=55500"}],"curies":[{"name":"wp","href":"https:\/\/api.w.org\/{rel}","templated":true}]}}