{"id":55690,"date":"2012-12-18T17:15:19","date_gmt":"2012-12-18T20:15:19","guid":{"rendered":"http:\/\/www.r2cpress.com.br\/v1\/?p=55690"},"modified":"2012-12-18T17:46:27","modified_gmt":"2012-12-18T20:46:27","slug":"jabes-anuncia-secretarios-e-presidentes-de-empresas","status":"publish","type":"post","link":"https:\/\/www.r2cpress.com.br\/v1\/2012\/12\/18\/jabes-anuncia-secretarios-e-presidentes-de-empresas\/","title":{"rendered":"JABES ANUNCIA SECRET\u00c1RIOS  E PRESIDENTES DE EMPRESAS"},"content":{"rendered":"<p><strong>SECRET\u00c1RIO DE IND\u00daSTRIA E COM\u00c9RCIO<\/strong><br \/>\n<a href=\"http:\/\/www.r2cpress.com.br\/v1\/wp-content\/uploads\/Cac\u00e1-Colch\u00f5es.jpg\"><img loading=\"lazy\" class=\"alignright size-full wp-image-55694\" alt=\"Cac\u00e1 Colch\u00f5es\" src=\"http:\/\/www.r2cpress.com.br\/v1\/wp-content\/uploads\/Cac\u00e1-Colch\u00f5es.jpg\" width=\"186\" height=\"140\" \/><\/a>CARLOS MACHADO DE ANDRADE FILHO (CAC\u00c1) \u00e9 natural de Ilh\u00e9us (Ba). Empres\u00e1rio do ramo de colch\u00f5es, Cac\u00e1 Colch\u00f5es, como \u00e9 conhecido, \u00e9 graduado em Administra\u00e7\u00e3o de Empresas com \u00eanfase em Finan\u00e7as pela Faculdade de Tecnologia e Ci\u00eancias (FTC). J\u00e1 ocupou o cargo de diretor da C\u00e2mara de Dirigentes Lojistas de Ilh\u00e9us (CDL) em dois per\u00edodos. Possui larga experi\u00eancia na \u00e1rea empresarial e atualmente \u00e9 vice-prefeito eleito de Ilh\u00e9us.<\/p>\n<p><strong>SECRET\u00c1RIO DA FAZENDA<\/strong><br \/>\n<a href=\"http:\/\/www.r2cpress.com.br\/v1\/wp-content\/uploads\/Marco-Antonio-Carmo.jpg\"><img loading=\"lazy\" class=\"alignright size-full wp-image-55695\" alt=\"Marco Antonio Carmo\" src=\"http:\/\/www.r2cpress.com.br\/v1\/wp-content\/uploads\/Marco-Antonio-Carmo.jpg\" width=\"68\" height=\"113\" \/><\/a>MARCO ANTONIO PORTO CARMO \u00e9 Bacharel em Direito pela Universidade Estadual de Santa Cruz (UESC), Especialista em Direito Tribut\u00e1rio Estadual pela Funda\u00e7\u00e3o Faculdade de Direito da Bahia (UFBA) e p\u00f3s graduado em Gest\u00e3o Tribut\u00e1ria pela UNIFACS. \u00c9 Auditor Fiscal da Secretaria da Fazenda do Estado da Bahia, j\u00e1 tendo exercido os cargos de Inspetor da Fazenda em Ilh\u00e9us, Camac\u00e3 e Itabuna e Delegado Regional em Vit\u00f3ria da Conquista.<\/p>\n<p><strong>SECRET\u00c1RIO DE ADMINISTRA\u00c7\u00c3O<\/strong><br \/>\n<a href=\"http:\/\/www.r2cpress.com.br\/v1\/wp-content\/uploads\/Ricardo-Machado.docx.jpg\"><img loading=\"lazy\" class=\"alignright size-full wp-image-55696\" alt=\"Ricardo Machado.docx\" src=\"http:\/\/www.r2cpress.com.br\/v1\/wp-content\/uploads\/Ricardo-Machado.docx.jpg\" width=\"89\" height=\"109\" \/><\/a>RICARDO TEIXEIRA MACHADO nasceu em Ilh\u00e9us (Ba), \u00e9 advogado, p\u00f3s graduado em Direito Tribut\u00e1rio pelo IBET\/PUC \u2013 Funda\u00e7\u00e3o Carlos Gomes, subprocurador geral do Munic\u00edpio de Ilh\u00e9us e secret\u00e1rio geral da OAB-Ilh\u00e9us. J\u00e1 exerceu os cargos de subprocurador fiscal do Munic\u00edpio de Ilh\u00e9us e Conciliador do Juizado Especial Civil do Tribunal de Justi\u00e7a da Bahia no SAJ\/SAC de Ilh\u00e9us.<\/p>\n<p><strong>SECRET\u00c1RIO DE PLANEJAMENTO, TECNOLOGIA E OR\u00c7AMENTO<\/strong><br \/>\n<a href=\"http:\/\/www.r2cpress.com.br\/v1\/wp-content\/uploads\/Joaquim-Bastos.jpg\"><img loading=\"lazy\" class=\"alignright size-full wp-image-55697\" alt=\"Joaquim Bastos\" src=\"http:\/\/www.r2cpress.com.br\/v1\/wp-content\/uploads\/Joaquim-Bastos.jpg\" width=\"157\" height=\"153\" \/><\/a>ANT\u00d4NIO JOAQUIM BASTOS DA SILVA \u00e9 economista e administrador de empresas pela UESC, especialista em Economia Pura pela UFPE, Mestre em Economia Rural pela Universidade Federal de Vi\u00e7osa, Doutor Honoris Causa pelo Conselho \u00cdbero Americano de Ensino Superior. Foi Vice Presidente do Conselho de Reitores das Universidades Brasileiras, Presidente da Associa\u00e7\u00e3o Brasileira de Reitores das Universidades Estaduais e Municipais e Fundador do Grupo Coimbra Universidades Brasileiras. Foi Reitor da Universidade Estadual de Santa Cruz por dois mandatos.<\/p>\n<p><strong>PROCURADOR GERAL DO MUNIC\u00cdPIO<\/strong><br \/>\n<a href=\"http:\/\/www.r2cpress.com.br\/v1\/wp-content\/uploads\/Ot\u00e1vio-Carmo1.jpg\"><img loading=\"lazy\" class=\"alignright size-full wp-image-55699\" alt=\"Ot\u00e1vio Carmo\" src=\"http:\/\/www.r2cpress.com.br\/v1\/wp-content\/uploads\/Ot\u00e1vio-Carmo1.jpg\" width=\"101\" height=\"76\" srcset=\"https:\/\/www.r2cpress.com.br\/v1\/wp-content\/uploads\/Ot\u00e1vio-Carmo1.jpg 680w, https:\/\/www.r2cpress.com.br\/v1\/wp-content\/uploads\/Ot\u00e1vio-Carmo1-300x225.jpg 300w\" sizes=\"(max-width: 101px) 100vw, 101px\" \/><\/a>OT\u00c1VIO AUGUSTUS CARMO, \u00e9 advogado, ex-procurador geral e membro efetivo da Procuradoria do Munic\u00edpio, professor de Direito na Universidade Estadual de Santa Cruz (UESC) e Conselheiro Estadual da Ordem dos Advogados do Brasil.<\/p>\n<p><strong>SECRET\u00c1RIO DE COMUNICA\u00c7\u00c3O<\/strong><br \/>\n<a href=\"http:\/\/www.r2cpress.com.br\/v1\/wp-content\/uploads\/Paix\u00e3o-Barbosa.jpg\"><img loading=\"lazy\" class=\"alignright size-full wp-image-55701\" alt=\"Paix\u00e3o Barbosa\" src=\"http:\/\/www.r2cpress.com.br\/v1\/wp-content\/uploads\/Paix\u00e3o-Barbosa.jpg\" width=\"239\" height=\"266\" \/><\/a>JOS\u00c9 DA PAIX\u00c3O ANDRADE BARBOSA nasceu em Coarac\u00ed (Ba), \u00e9 graduado em Comunica\u00e7\u00e3o pela Universidade Federal da Bahia e P\u00f3s Graduado em Gest\u00e3o de Empresas de Comunica\u00e7\u00e3o pelo Centro de Extens\u00e3o Universit\u00e1ria de S\u00e3o Paulo e Faculdade de Comunica\u00e7\u00e3o da Universidade de Navarra na Espanha. Trabalhou no Grupo A TARDE durante 34 anos, tendo ocupado as fun\u00e7\u00f5es de Revisor, Rep\u00f3rter da Editoria Geral, Rep\u00f3rter de Pol\u00edtica, Editor de Pol\u00edtica, Editor da Editoria Geral, Editor da Primeira P\u00e1gina, Secret\u00e1rio de Reda\u00e7\u00e3o de Planejamento e Coordenador da Ag\u00eancia de Not\u00edcias A TARDE. Como jornalista, atuou ainda na Prefeitura de Salvador, Assembl\u00e9ia Legislativa, Secretaria de Ind\u00fastria e Com\u00e9rcio do Estado da Bahia, Bahiatursa e Federa\u00e7\u00e3o das Ind\u00fastrias do Estado da Bahia.<\/p>\n<p><strong>SECRET\u00c1RIO DE DESENVOLVIMENTO URBANO<\/strong><br \/>\n<a href=\"http:\/\/www.r2cpress.com.br\/v1\/wp-content\/uploads\/Isaac-Albagli.jpg\"><img loading=\"lazy\" class=\"alignright size-full wp-image-55702\" alt=\"Isaac Albagli\" src=\"http:\/\/www.r2cpress.com.br\/v1\/wp-content\/uploads\/Isaac-Albagli.jpg\" width=\"300\" height=\"240\" \/><\/a>ISAAC ALBAGLI DE ALMEIDA nasceu em Ilh\u00e9us (Ba), \u00e9 graduado em Agronomia pela Universidade Federal da Bahia e P\u00f3s Graduado em Gest\u00e3o P\u00fablica pela Faculdade de Ilh\u00e9us. Foi Superintendente do Distrito Industrial de Ilh\u00e9us e do P\u00f3lo Comercial (SUDIC) e Vereador em Ilh\u00e9us (1993 a 1996). Na Prefeitura de Ilh\u00e9us j\u00e1 exerceu os cargos de Secret\u00e1rio de Administra\u00e7\u00e3o, Secret\u00e1rio de Agricultura, Ind\u00fastria e Com\u00e9rcio, Presidente da Companhia de Administra\u00e7\u00e3o da Zona de Exporta\u00e7\u00e3o de Ilh\u00e9us, Secret\u00e1rio de Planejamento e Secret\u00e1rio de Infraestrutura. Na Prefeitura de Salvador ocupou o cargo de Superintendente da Agencia de Desenvolvimento Econ\u00f4mico e atualmente \u00e9 Presidente da Bahia Pesca S.A., ligada \u00e0 Secretaria de Agricultura do Estado da Bahia.<\/p>\n<p><strong>SECRET\u00c1RIO DE AGRICULTURA E PESCA<\/strong><br \/>\n<a href=\"http:\/\/www.r2cpress.com.br\/v1\/wp-content\/uploads\/SEBASTI\u00c3O-ANTONIO-VIVAS.jpg\"><img loading=\"lazy\" class=\"alignright size-full wp-image-55703\" alt=\"SEBASTI\u00c3O ANTONIO VIVAS\" src=\"http:\/\/www.r2cpress.com.br\/v1\/wp-content\/uploads\/SEBASTI\u00c3O-ANTONIO-VIVAS.jpg\" width=\"87\" height=\"119\" \/><\/a>SEBASTI\u00c3O ANTONIO VIVAS COSTA nasceu em Ibirapitanga (Ba), \u00e9 T\u00e9cnico em Agropecu\u00e1ria, em Administra\u00e7\u00e3o de Empresas, Fil\u00f3sofo, especialista em Gest\u00e3o e Neg\u00f3cios do Desenvolvimento Regional Sustent\u00e1vel, com expertise em \u201cParcerias Agr\u00edcolas\u201d (Grupo Odebrecht) e Coordena\u00e7\u00e3o de Projetos de Desenvolvimento Regional Sustent\u00e1veis (Banco do Brasil). Atualmente assessora a Empresa Baiana de Desenvolvimento Agr\u00edcola \u2013 EBDA junto a Agricultura Familiar.<\/p>\n<p><strong>SECRET\u00c1RIO DE DESENVOLVIMENTO SOCIAL<\/strong><br \/>\n<a href=\"http:\/\/www.r2cpress.com.br\/v1\/wp-content\/uploads\/Jamil-Ock\u00e9.jpg\"><img loading=\"lazy\" class=\"alignright size-full wp-image-55704\" alt=\"Jamil Ock\u00e9\" src=\"http:\/\/www.r2cpress.com.br\/v1\/wp-content\/uploads\/Jamil-Ock\u00e9.jpg\" width=\"70\" height=\"88\" \/><\/a>JAMIL CHAGOURI OCK\u00c9 nasceu em Ilh\u00e9us, \u00e9 empres\u00e1rio, Bacharel em Direito, j\u00e1 tendo ocupado os cargos de Presidente da C\u00e2mara de Dirigentes Lojistas de Ilh\u00e9us (CDL) e Diretor do SAC\/Ilh\u00e9us. \u00c9 professor municipal e vereador eleito do munic\u00edpio.<\/p>\n<p><strong>SECRET\u00c1RIO DE RELA\u00c7\u00d5ES INSTITUCIONAIS<\/strong><br \/>\n<a href=\"http:\/\/www.r2cpress.com.br\/v1\/wp-content\/uploads\/Jailson-Nascimento.jpg\"><img loading=\"lazy\" class=\"alignright size-full wp-image-55705\" alt=\"Jailson Nascimento\" src=\"http:\/\/www.r2cpress.com.br\/v1\/wp-content\/uploads\/Jailson-Nascimento.jpg\" width=\"68\" height=\"91\" \/><\/a>JAILSON ALVES NASCIMENTO \u00e9 natural de Ilh\u00e9us, foi banc\u00e1rio, administrador de empresas rurais e vereador por quatro mandatos, tendo exercido a presid\u00eancia da C\u00e2mara Municipal de Ilh\u00e9us no bi\u00eanio 2009\/2010. Foi Presidente de Comiss\u00e3o de Justi\u00e7a e Finan\u00e7as e da Comiss\u00e3o de Transportes da C\u00e2mara Municipal de Ilh\u00e9us.<\/p>\n<p><strong>SECRET\u00c1RIO DE TURISMO<\/strong><br \/>\n<a href=\"http:\/\/www.r2cpress.com.br\/v1\/wp-content\/uploads\/ALCIDES-KRUSCHEWSKY.jpg\"><img loading=\"lazy\" class=\"alignright size-full wp-image-55706\" alt=\"ALCIDES KRUSCHEWSKY\" src=\"http:\/\/www.r2cpress.com.br\/v1\/wp-content\/uploads\/ALCIDES-KRUSCHEWSKY.jpg\" width=\"63\" height=\"89\" \/><\/a>ALCIDES KRUSCHEWSKY NETO nasceu em Ilh\u00e9us (Ba), \u00e9 ex-funcion\u00e1rio do Banco do Brasil. J\u00e1 ocupou os cargos de Coordenador da Administra\u00e7\u00e3o de Oliven\u00e7a, vinculada \u00e0 Secretaria de Turismo e Secret\u00e1rio Municipal de Governo em dois per\u00edodos. Atualmente exerce seu segundo mandato como vereador em Ilh\u00e9us. Possui cursos nas \u00e1reas de direito, rela\u00e7\u00f5es humanas e avalia\u00e7\u00e3o e rentabilidade de neg\u00f3cios.<\/p>\n<p><strong>SECRET\u00c1RIO DE MEIO AMBIENTE E URBANISMO<\/strong><br \/>\n<a href=\"http:\/\/www.r2cpress.com.br\/v1\/wp-content\/uploads\/Antonio-Vieira.jpg\"><img loading=\"lazy\" class=\"alignright size-full wp-image-55707\" alt=\"Antonio Vieira\" src=\"http:\/\/www.r2cpress.com.br\/v1\/wp-content\/uploads\/Antonio-Vieira.jpg\" width=\"98\" height=\"130\" \/><\/a>ANTONIO VIEIRA \u00e9 paulista de nascimento e radicado em Ilh\u00e9us desde 1977. \u00c9 graduado em Arquitetura pela Escola de Arquitetura e Urbanismo Braz Cubas de Mogi das Cruzes (SP) e p\u00f3s graduado em Desenvolvimento e Gest\u00e3o Ambiental pela Universidade de Santa Cruz (UESC). Ocupou os cargos de Secret\u00e1rio de Planejamento, Assessor de Planejamento Urbano e Preserva\u00e7\u00e3o Ambiental, Secret\u00e1rio de Infraestrutura e Secret\u00e1rio de Planejamento e Controle Or\u00e7ament\u00e1rio na Prefeitura de Ilh\u00e9us. Possui vasta experi\u00eancia nas \u00e1reas ambiental e planejamento urbano.<\/p>\n<p><strong>SECRET\u00c1RIA DE EDUCA\u00c7\u00c3O<\/strong><br \/>\n<a href=\"http:\/\/www.r2cpress.com.br\/v1\/wp-content\/uploads\/Malu-Rocha.jpg\"><img loading=\"lazy\" class=\"alignright size-thumbnail wp-image-55708\" alt=\"Malu Rocha\" src=\"http:\/\/www.r2cpress.com.br\/v1\/wp-content\/uploads\/Malu-Rocha-150x150.jpg\" width=\"150\" height=\"150\" \/><\/a>MARL\u00daCIA MENDES DA ROCHA (MALU ROCHA) \u00e9 graduada em letras pela PUC do Rio de Janeiro, possui mestrado em Artes C\u00eanicas pela USP de S\u00e3o Paulo e doutorado em Comunica\u00e7\u00e3o e Semi\u00f3tica pela PUC\/SP. \u00c9 professora adjunta do curso de Comunica\u00e7\u00e3o Social e do Mestrado de Letras \u2013 Linguagens e Representa\u00e7\u00f5es na Universidade Estadual de Santa Cruz (UESC). \u00c9 professora e assessora acad\u00eamica da Faculdade de Ilh\u00e9us e Avaliadora Institucional de cursos de gradua\u00e7\u00e3o do INEP. J\u00e1 ocupou fun\u00e7\u00f5es importantes como Diretora Pedag\u00f3gica da Faculdade de Artes Alc\u00e2ntara Machado em S\u00e3o Paulo e professora assistente da Faculdade de Tecnologia da UNESP.<\/p>\n<p><strong>SECRET\u00c1RIA DE SA\u00daDE<\/strong><br \/>\n<a href=\"http:\/\/www.r2cpress.com.br\/v1\/wp-content\/uploads\/Led\u00edvia-Espinheira.jpg\"><img loading=\"lazy\" class=\"alignright size-thumbnail wp-image-55709\" alt=\"Led\u00edvia Espinheira\" src=\"http:\/\/www.r2cpress.com.br\/v1\/wp-content\/uploads\/Led\u00edvia-Espinheira-150x150.jpg\" width=\"227\" height=\"227\" \/><\/a>LED\u00cdVIA SAMPAIO NOGUEIRA ESPINHEIRA nasceu em Ilh\u00e9us (Ba), \u00e9 m\u00e9dica graduada pela UFBA e Mestre em Medicina e Sa\u00fade tamb\u00e9m pela Ufba. Fez est\u00e1gio em Mol\u00e9stias Infecciosas e Parasit\u00e1rias-H\u00f4pital Bichat-Paris-Fran\u00e7a. Cursa atualmente MBA em Gest\u00e3o em Sa\u00fade pela Funda\u00e7\u00e3o Get\u00falio Vargas. Atualmente \u00e9 Diretora de Aten\u00e7\u00e3o Especializada da Secretaria de Sa\u00fade do Estado da Bahia e consultora em Gest\u00e3o de Servi\u00e7os de Sa\u00fade e Qualidade e Acredita\u00e7\u00e3o Hospitalar. Foi Coordenadora do N\u00facleo de Qualidade do Hospital Espanhol, M\u00e9dica Infectologista\/ Coordena\u00e7\u00e3o do N\u00facleo de Qualidade e Preven\u00e7\u00e3o de Infec\u00e7\u00f5es Hospitalares do Hospital Portugu\u00eas, M\u00e9dica Infectologista do Hospital Geral Roberto Santos e M\u00e9dica Infectologista \/ M\u00e9dica da CCIH do Hospital Portugu\u00eas. \u00c9 Membro do Servi\u00e7o de Controle de Infec\u00e7\u00e3o Hospitalar do Hospital Alian\u00e7a em Salvador Bahia e M\u00e9dica Infectologista do Servi\u00e7o de Infectologia do Hospital Espanhol em Salvador\/Bahia. Lecionou disciplinas nas \u00e1reas de medicina na UFBA e Qualidade e Acredita\u00e7\u00e3o dos Servi\u00e7os de Sa\u00fade na Faculdade Jorge Amado. Possui v\u00e1rios trabalhos cient\u00edficos publicados.<\/p>\n<p><strong>PRESIDENTE DA FUNDA\u00c7\u00c3O CULTURAL DE ILH\u00c9US (FUNDACI)<\/strong><br \/>\n<a href=\"http:\/\/www.r2cpress.com.br\/v1\/wp-content\/uploads\/Paulo-Atto1.jpg\"><img loading=\"lazy\" class=\"alignright size-full wp-image-55711\" alt=\"Paulo Atto\" src=\"http:\/\/www.r2cpress.com.br\/v1\/wp-content\/uploads\/Paulo-Atto1.jpg\" width=\"200\" height=\"300\" \/><\/a>PAULO ROBERTO BATISTA DOS SANTOS (PAULO ATTO) nasceu em Salvador. \u00c9 produtor cultural, diretor teatral e consultor em projetos de arte, cultura e desenvolvimento s\u00f3cio-cultural desde. Participou de programas, festivais, semin\u00e1rios sobre cultura e artes c\u00eanicas na Alemanha, EUA, M\u00e9xico, R\u00fassia, entre outros pa\u00edses; foi selecionado para a 8\u00aa Sess\u00e3o da &#8220;International School of Theatre Antropology\u201d. Convidado da UNESCO para o F\u00f3rum permanente de Programas de Desarollo Sociocultural de Am\u00e9rica Latina e Caribe. Coordenador Geral do Programa ArtEducA\u00e7\u00e3o Bahia em Ilh\u00e9us de 2003 a 2008, diretor do Projeto Ilh\u00e9us Encena e espet\u00e1culo \u201cUma Viagem na Marinete de Tieta\u201d de Jorge Amado em Ilh\u00e9us, membro fundador da Rede Ibero Americana de Anima\u00e7\u00e3o S\u00f3cio-Cultural, com sede em Salamanca\/Espanha, e da Rede Cultural do Mercosul, Coordenador Geral do Projeto Tim Grandes Escritores realizado em Ilh\u00e9us e Itabuna.<\/p>\n<p><strong>PRESIDENTE FUNDA\u00c7\u00c3O LIVRE DO MAR E DA MATA (MARAMATA)<\/strong><br \/>\n<a href=\"http:\/\/www.r2cpress.com.br\/v1\/wp-content\/uploads\/Frederico-Andrade.jpg\"><img loading=\"lazy\" class=\"alignright size-full wp-image-55712\" alt=\"Frederico Andrade\" src=\"http:\/\/www.r2cpress.com.br\/v1\/wp-content\/uploads\/Frederico-Andrade.jpg\" width=\"99\" height=\"143\" \/><\/a>LUIS FREDERICO CAVALCANTE DE ANDRADE \u00e9 engenheiro agr\u00f4nomo pela UFBa, foi respons\u00e1vel pela \u00e1rea ambiental do Hotel Transam\u00e9rica durante doze anos onde se dedicava \u00e0 manuten\u00e7\u00e3o e revitaliza\u00e7\u00e3o de paisagismo , gest\u00e3o de programas de gerenciamento de res\u00edduos s\u00f3lidos, recupera\u00e7\u00e3o de processo erosivo de dunas e recupera\u00e7\u00e3o de \u00e1rea degradada. Atuou na Comiss\u00e3o de Meio Ambiente e ISO 14.000. Foi Vice-Presidente do Comit\u00ea das Bacias Hidrogr\u00e1ficas do Leste (CBHL) e Engenheiro Agr\u00f4nomo das obras da nova Arena Fonte Nova. Possui cursos na \u00e1rea de Agricultura Ecol\u00f3gica e \u00c9tica Ambiental al\u00e9m de Gest\u00e3o Ambiental em Pol\u00edticas P\u00fablicas.<\/p>\n<p><strong>CHEFE DE GABINETE DO PREFEITO<\/strong><br \/>\n<a href=\"http:\/\/www.r2cpress.com.br\/v1\/wp-content\/uploads\/Vitor-Veiga.jpg\"><img loading=\"lazy\" class=\"alignright size-thumbnail wp-image-55713\" alt=\"Vitor Veiga\" src=\"http:\/\/www.r2cpress.com.br\/v1\/wp-content\/uploads\/Vitor-Veiga-150x150.jpg\" width=\"71\" height=\"71\" \/><\/a>VICTOR ROBERTO DA VEIGA FERREIRA nasceu em Ilh\u00e9us, \u00e9 acad\u00eamico em direito e Chefe de Gabinete da Prefeitura de Una (Ba). J\u00e1 ocupou fun\u00e7\u00f5es administrativas na Bahia Pesca S.A. e no SAC Ilh\u00e9us (Servi\u00e7o de Atendimento ao Cidad\u00e3o).<\/p>\n","protected":false},"excerpt":{"rendered":"<p>SECRET\u00c1RIO DE IND\u00daSTRIA E COM\u00c9RCIO CARLOS MACHADO DE ANDRADE FILHO (CAC\u00c1) \u00e9 natural de Ilh\u00e9us (Ba). Empres\u00e1rio do ramo de colch\u00f5es, Cac\u00e1 Colch\u00f5es, como \u00e9 conhecido, \u00e9 graduado em Administra\u00e7\u00e3o de Empresas com \u00eanfase em Finan\u00e7as pela Faculdade de Tecnologia e Ci\u00eancias (FTC). J\u00e1 ocupou o cargo de diretor da C\u00e2mara de Dirigentes Lojistas de [&hellip;]<\/p>\n","protected":false},"author":2,"featured_media":0,"comment_status":"open","ping_status":"open","sticky":false,"template":"","format":"standard","meta":{"_links_to":"","_links_to_target":""},"categories":[22],"tags":[],"_links":{"self":[{"href":"https:\/\/www.r2cpress.com.br\/v1\/wp-json\/wp\/v2\/posts\/55690"}],"collection":[{"href":"https:\/\/www.r2cpress.com.br\/v1\/wp-json\/wp\/v2\/posts"}],"about":[{"href":"https:\/\/www.r2cpress.com.br\/v1\/wp-json\/wp\/v2\/types\/post"}],"author":[{"embeddable":true,"href":"https:\/\/www.r2cpress.com.br\/v1\/wp-json\/wp\/v2\/users\/2"}],"replies":[{"embeddable":true,"href":"https:\/\/www.r2cpress.com.br\/v1\/wp-json\/wp\/v2\/comments?post=55690"}],"version-history":[{"count":4,"href":"https:\/\/www.r2cpress.com.br\/v1\/wp-json\/wp\/v2\/posts\/55690\/revisions"}],"predecessor-version":[{"id":55693,"href":"https:\/\/www.r2cpress.com.br\/v1\/wp-json\/wp\/v2\/posts\/55690\/revisions\/55693"}],"wp:attachment":[{"href":"https:\/\/www.r2cpress.com.br\/v1\/wp-json\/wp\/v2\/media?parent=55690"}],"wp:term":[{"taxonomy":"category","embeddable":true,"href":"https:\/\/www.r2cpress.com.br\/v1\/wp-json\/wp\/v2\/categories?post=55690"},{"taxonomy":"post_tag","embeddable":true,"href":"https:\/\/www.r2cpress.com.br\/v1\/wp-json\/wp\/v2\/tags?post=55690"}],"curies":[{"name":"wp","href":"https:\/\/api.w.org\/{rel}","templated":true}]}}