{"id":55773,"date":"2012-12-19T13:37:44","date_gmt":"2012-12-19T16:37:44","guid":{"rendered":"http:\/\/www.r2cpress.com.br\/v1\/?p=55773"},"modified":"2012-12-19T13:37:44","modified_gmt":"2012-12-19T16:37:44","slug":"demarcacao-uma-teimosia-que-pode-nos-levar-ao-indesejavel","status":"publish","type":"post","link":"https:\/\/www.r2cpress.com.br\/v1\/2012\/12\/19\/demarcacao-uma-teimosia-que-pode-nos-levar-ao-indesejavel\/","title":{"rendered":"DEMARCA\u00c7\u00c3O: UMA TEIMOSIA QUE PODE NOS LEVAR AO INDESEJ\u00c1VEL."},"content":{"rendered":"<p><strong><em>Por Edgard Siqueira<\/em><\/strong><\/p>\n<p><img loading=\"lazy\" class=\"alignright\" alt=\"\" src=\"http:\/\/www.r2cpress.com.br\/v1\/wp-content\/uploads\/Edgarg-Freitas-de-Siqueira-300x240.jpg\" width=\"300\" height=\"240\" \/>Esta semana tomamos conhecimento do encontro que acontecer\u00e1 no audit\u00f3rio da CEPLAC, com a participa\u00e7\u00e3o da Comiss\u00e3o da Frente Parlamentar da Agropecu\u00e1ria, tendo como tema para o debate a postulada Demarca\u00e7\u00e3o Tupinamb\u00e1 de Oliven\u00e7a.<\/p>\n<p>Mais uma vez venho expressar a minha discord\u00e2ncia na cren\u00e7a teimosa da estrat\u00e9gia de que \u201cA solu\u00e7\u00e3o do nosso problema depende de uma decis\u00e3o pol\u00edtica\u201d. E este encontro para ainda \u201cdebater\u201d a Demarca\u00e7\u00e3o, n\u00e3o passa de mais um palanque armado para dar visibilidade a quem se regozija. Um momento Edgard! Ser\u00e1 que voc\u00ea n\u00e3o est\u00e1 sendo injusto? N\u00e3o \u00e9 melhor este encontro do que n\u00e3o est\u00e1 fazendo nada? Na realidade n\u00e3o estou sendo injusto, estou sendo realista e este encontro para n\u00f3s vai representar exatamente isso, nada. J\u00e1 justifico.<\/p>\n<p>Fiquei pensando numa maneira f\u00e1cil de me fazer entender. Vamos fazer de conta que o nosso problema \u00e9 uma doen\u00e7a e receitaram como tratamento \u201cUma solu\u00e7\u00e3o pol\u00edtica\u201d que ser\u00e1 representado neste caso pelo rem\u00e9dio \u00e1gua com a\u00e7\u00facar. Desta maneira tentaremos lembrar ao longo destes quase quatro anos de tratamento quantas vezes j\u00e1 tomamos o rem\u00e9dio \u00e1gua com a\u00e7\u00facar sem apresentar a m\u00ednima melhora para a nossa doen\u00e7a chamada de Processo de Demarca\u00e7\u00e3o.<\/p>\n<p>Vamos tentar refrescar a memoria com uma retrospectiva dos encontros com autoridades politicas durante este tratamento. Certamente algumas doses ser\u00e3o esquecidas.<\/p>\n<p>Tomamos \u00e1gua com a\u00e7\u00facar uma meia d\u00fazia de vezes em Audi\u00eancias P\u00fablicas na C\u00e2mara de Vereadores de Ilh\u00e9us.<\/p>\n<p>Tomamos \u00e1gua com a\u00e7\u00facar na Assembleia Legislativa do Estado onde lotamos o plen\u00e1rio.<\/p>\n<p>Tomamos \u00e1gua com a\u00e7\u00facar 04 vezes com o Governador Jaques Vagner. Uma vez debaixo de chuva na inaugura\u00e7\u00e3o da reforma da ponte. 02 vezes no Centro de Conven\u00e7\u00e3o e uma vez em Itacar\u00e9. Em todas Ele afirmou que a \u00e1gua com a\u00e7\u00facar iria resolver o nosso problema.<\/p>\n<p><!--more--><\/p>\n<p>Tomamos agua com a\u00e7\u00facar com a Deputada \u00c2ngela a ponto de quase contrairmos diabetes.<\/p>\n<p>Tomamos \u00e1gua com a\u00e7\u00facar com o ex-deputado federal Raimundo Veloso foram tantas vezes que tamb\u00e9m corremos o risco de contrairmos diabetes.<\/p>\n<p>Tomamos \u00e1gua com a\u00e7\u00facar varias vezes com o deputado Federal Geraldo Sim\u00f5es.<\/p>\n<p>Tomamos \u00e1gua com a\u00e7\u00facar com outros Deputados Federais em varias ocasi\u00f5es.<\/p>\n<p>Tomamos \u00e1gua com a\u00e7\u00facar 02 vezes com o ex. Presidente Lula, que nos garantiu que o rem\u00e9dio iria funcionar.<\/p>\n<p>Tomamos \u00e1gua com a\u00e7\u00facar no audit\u00f3rio da Justi\u00e7a Federal com a Comiss\u00e3o dos Direitos Humanos (sic).<\/p>\n<p>Tomamos \u00e1gua com a\u00e7\u00facar com o Ouvidor Agr\u00e1rio em Bras\u00edlia. Este contaminou de cara o rem\u00e9dio ao afirmar que as invas\u00f5es eram legitimas.<\/p>\n<p>Tomamos \u00e1gua com a\u00e7\u00facar algumas vezes com o Ministro da Justi\u00e7a ou seus representantes. Na \u00faltima vez a \u00e1gua veio contaminada com propostas fantasiosas imposs\u00edveis de serem consumadas.<\/p>\n<p>Por \u00faltimo deixamos de proposito para relembrar uma ocasi\u00e3o especial em que tomamos \u00e1gua com a\u00e7\u00facar. Foi numa audi\u00eancia publica em Bras\u00edlia na Comiss\u00e3o de Agricultura e Pecu\u00e1ria, na \u00e9poca Presidida pelo Deputado Federal Paulo Souto. Audi\u00eancia bastante concorrida, com a presen\u00e7a de v\u00e1rios Deputados Federais e o Presidente da FUNAI.<\/p>\n<p>Na ocasi\u00e3o v\u00e1rios Deputados usaram a palavra, com destaque para o Deputado Valdir Collatto que n\u00e3o teve piedade do Presidente da FUNAI ao relatar os abusos cometidos pelo \u00f3rg\u00e3o que ele preside. Vale tamb\u00e9m destacar, por justi\u00e7a, o relato hist\u00f3rico, minucioso e preciso, apresentado pelo vereador Alcides Kruschewsky. Os argumentos recorrentes apresentados por todos foram na dire\u00e7\u00e3o das injusti\u00e7as que representa esta Demarca\u00e7\u00e3o. Por exemplo: uma regi\u00e3o consolidada, produtiva, composta por agricultores familiares, que gera emprego e renda, que paga tributos, que est\u00e1 ocupada mansa e pacificamente a mais de um s\u00e9culo e que principalmente desconhece a exist\u00eancia tradicional de tal etnia ind\u00edgena em nossa regi\u00e3o.<\/p>\n<p>Pois bem, depois de ter sido pressionado e ter ouvido os mais justos reclamos, o Presidente da FUNAI se limitou a dizer \u201cEstou cumprindo a lei, a lei que voc\u00eas criaram. Se est\u00e3o achando ruim, que mudem a lei\u201d. Ali n\u00e3o entendeu quem n\u00e3o quis, que agua com a\u00e7\u00facar n\u00e3o iria resolver o nosso problema. O recado do Presidente da FUNAI reflete o que sempre defendemos, que a solu\u00e7\u00e3o do nosso problema esta na mudan\u00e7a da atual legisla\u00e7\u00e3o criada unilateralmente para cria\u00e7\u00e3o de reservas e n\u00e3o como evita-las. E s\u00f3 atrav\u00e9s da vota\u00e7\u00e3o e aprova\u00e7\u00e3o dos Projetos de Emendas Constitucionais, politicamente seremos beneficiados.<\/p>\n<p>Concluindo as nossas justificativas, \u00e9 claro que n\u00e3o podemos abrir m\u00e3o agora e sempre do apoio pol\u00edtico, mas \u00e9 inconsequente acreditar que ele pode solucionar o nosso problema no est\u00e1gio em que se encontra. Repito apoio pol\u00edtico sempre, <b>NUNCA<\/b> em detrimento das a\u00e7\u00f5es jur\u00eddicas. \u00c9 imprescind\u00edvel o apoio politico para fazer valer os nossos direitos que podem ser conquistados exclusivamente pela via jur\u00eddica.<\/p>\n<p>N\u00e3o j\u00e1 passou da hora de mudar o medicamento? Fico preocupado que at\u00e9 mudem o tratamento, mas por vaidade e teimosia \u00a0n\u00e3o optem pela via jur\u00eddica e escolham um tratamento alternativo, com b\u00fazios ou cartas.<\/p>\n<p>Por enquanto, como ficamos sabendo a profilaxia ser\u00e1 reiniciada mantendo no nosso tratamento agua com a\u00e7\u00facar. E o pior, como se fosse um tratamento inovador, algo novo. \u00a0Neste encontro que podemos chamar de \u201c<b>Vale a pena tomar de novo<\/b>\u201d v\u00e3o repetir uma dose que j\u00e1 foi ministrada sem sucesso. <b>UMA TEIMOSIA QUE NOS LEVAR\u00c1 AO INDEJESAVEL. COM TANTA \u00c1GUA A\u00c7UCARADA IREMOS CONTRAIR UMA DIABETES LETAL CHAMADA DEMARCA\u00c7\u00c3O. E A CULPA AINDA SER\u00c1 DOS POL\u00cdTICOS. <\/b><\/p>\n","protected":false},"excerpt":{"rendered":"<p>Por Edgard Siqueira Esta semana tomamos conhecimento do encontro que acontecer\u00e1 no audit\u00f3rio da CEPLAC, com a participa\u00e7\u00e3o da Comiss\u00e3o da Frente Parlamentar da Agropecu\u00e1ria, tendo como tema para o debate a postulada Demarca\u00e7\u00e3o Tupinamb\u00e1 de Oliven\u00e7a. Mais uma vez venho expressar a minha discord\u00e2ncia na cren\u00e7a teimosa da estrat\u00e9gia de que \u201cA solu\u00e7\u00e3o do [&hellip;]<\/p>\n","protected":false},"author":2,"featured_media":0,"comment_status":"open","ping_status":"open","sticky":false,"template":"","format":"standard","meta":{"_links_to":"","_links_to_target":""},"categories":[10],"tags":[],"_links":{"self":[{"href":"https:\/\/www.r2cpress.com.br\/v1\/wp-json\/wp\/v2\/posts\/55773"}],"collection":[{"href":"https:\/\/www.r2cpress.com.br\/v1\/wp-json\/wp\/v2\/posts"}],"about":[{"href":"https:\/\/www.r2cpress.com.br\/v1\/wp-json\/wp\/v2\/types\/post"}],"author":[{"embeddable":true,"href":"https:\/\/www.r2cpress.com.br\/v1\/wp-json\/wp\/v2\/users\/2"}],"replies":[{"embeddable":true,"href":"https:\/\/www.r2cpress.com.br\/v1\/wp-json\/wp\/v2\/comments?post=55773"}],"version-history":[{"count":4,"href":"https:\/\/www.r2cpress.com.br\/v1\/wp-json\/wp\/v2\/posts\/55773\/revisions"}],"predecessor-version":[{"id":55777,"href":"https:\/\/www.r2cpress.com.br\/v1\/wp-json\/wp\/v2\/posts\/55773\/revisions\/55777"}],"wp:attachment":[{"href":"https:\/\/www.r2cpress.com.br\/v1\/wp-json\/wp\/v2\/media?parent=55773"}],"wp:term":[{"taxonomy":"category","embeddable":true,"href":"https:\/\/www.r2cpress.com.br\/v1\/wp-json\/wp\/v2\/categories?post=55773"},{"taxonomy":"post_tag","embeddable":true,"href":"https:\/\/www.r2cpress.com.br\/v1\/wp-json\/wp\/v2\/tags?post=55773"}],"curies":[{"name":"wp","href":"https:\/\/api.w.org\/{rel}","templated":true}]}}