{"id":55938,"date":"2012-12-21T15:51:56","date_gmt":"2012-12-21T18:51:56","guid":{"rendered":"http:\/\/www.r2cpress.com.br\/v1\/?p=55938"},"modified":"2012-12-21T16:06:17","modified_gmt":"2012-12-21T19:06:17","slug":"lembranca-de-natal","status":"publish","type":"post","link":"https:\/\/www.r2cpress.com.br\/v1\/2012\/12\/21\/lembranca-de-natal\/","title":{"rendered":"LEMBRAN\u00c7A DE NATAL"},"content":{"rendered":"<p><center><a href=\"http:\/\/www.r2cpress.com.br\/v1\/wp-content\/uploads\/jayr\u00e3o-z\u00e9carlos-2012.jpg\"><img loading=\"lazy\" class=\"aligncenter size-full wp-image-55939\" alt=\"jayr\u00e3o z\u00e9carlos 2012\" src=\"http:\/\/www.r2cpress.com.br\/v1\/wp-content\/uploads\/jayr\u00e3o-z\u00e9carlos-2012.jpg\" width=\"500\" height=\"571\" srcset=\"https:\/\/www.r2cpress.com.br\/v1\/wp-content\/uploads\/jayr\u00e3o-z\u00e9carlos-2012.jpg 500w, https:\/\/www.r2cpress.com.br\/v1\/wp-content\/uploads\/jayr\u00e3o-z\u00e9carlos-2012-262x300.jpg 262w\" sizes=\"(max-width: 500px) 100vw, 500px\" \/><\/a><br \/>\n<strong>Mais um Natal sem meu amigo\/irm\u00e3o.<\/strong><\/center><a href=\"http:\/\/www.r2cpress.com.br\/v1\/wp-content\/uploads\/jayro_ze-carlos_CORTADO.jpg\"><img loading=\"lazy\" class=\"alignleft size-full wp-image-55942\" alt=\"jayro_ze-carlos_CORTADO\" src=\"http:\/\/www.r2cpress.com.br\/v1\/wp-content\/uploads\/jayro_ze-carlos_CORTADO.jpg\" width=\"155\" height=\"288\" \/><\/a><em>Neste m\u00eas festivo quando se comemora o nascimento do menino Jesus, meu amigo <b>JAYR\u00c3O<\/b> era o cara mais feliz do mundo, quando se preparava para presentear as pessoas carentes e tamb\u00e9m os seus amigos.<\/em><br \/>\n<em> A santa missa era o come\u00e7o da festa e ele fazia quest\u00e3o de ver a igreja cheia e todos louvando e agradecendo a Deus.<\/em><br \/>\n<em> A ceia de Natal era o momento em que reunia a sua fam\u00edlia para homenagear o aniversariante do m\u00eas \u2013 CRISTO JESUS.<\/em><br \/>\n<em> Pois \u00e9 meu eterno amigo! Enquanto aqui na terra fizeste tudo o que tinha direito e o fez muito bem feito, tanto que a saudade perdura em toda a sua fam\u00edlia e nos seus incont\u00e1veis amigos.<\/em><br \/>\n<em> Quem \u00e9 da vida \u00e9 da morte, portanto, um dia nos encontraremos e vamos continuar a fazer a nossa festa.<\/em><br \/>\n<em> Muita saudade! Muitas lembran\u00e7as!<\/em><br \/>\n<em> Feliz Natal meu irm\u00e3o.<\/em><br \/>\n<em> Ah! Mais um Natal sem o queijo cuia. Um dia nos encontraremos para saborearmos juntos.<\/em><br \/>\n<b>Z\u00c9CARLOS JUNIOR<\/b><\/p>\n","protected":false},"excerpt":{"rendered":"<p>Mais um Natal sem meu amigo\/irm\u00e3o.Neste m\u00eas festivo quando se comemora o nascimento do menino Jesus, meu amigo JAYR\u00c3O era o cara mais feliz do mundo, quando se preparava para presentear as pessoas carentes e tamb\u00e9m os seus amigos. A santa missa era o come\u00e7o da festa e ele fazia quest\u00e3o de ver a igreja [&hellip;]<\/p>\n","protected":false},"author":2,"featured_media":0,"comment_status":"open","ping_status":"open","sticky":false,"template":"","format":"standard","meta":{"_links_to":"","_links_to_target":""},"categories":[10],"tags":[],"_links":{"self":[{"href":"https:\/\/www.r2cpress.com.br\/v1\/wp-json\/wp\/v2\/posts\/55938"}],"collection":[{"href":"https:\/\/www.r2cpress.com.br\/v1\/wp-json\/wp\/v2\/posts"}],"about":[{"href":"https:\/\/www.r2cpress.com.br\/v1\/wp-json\/wp\/v2\/types\/post"}],"author":[{"embeddable":true,"href":"https:\/\/www.r2cpress.com.br\/v1\/wp-json\/wp\/v2\/users\/2"}],"replies":[{"embeddable":true,"href":"https:\/\/www.r2cpress.com.br\/v1\/wp-json\/wp\/v2\/comments?post=55938"}],"version-history":[{"count":4,"href":"https:\/\/www.r2cpress.com.br\/v1\/wp-json\/wp\/v2\/posts\/55938\/revisions"}],"predecessor-version":[{"id":55943,"href":"https:\/\/www.r2cpress.com.br\/v1\/wp-json\/wp\/v2\/posts\/55938\/revisions\/55943"}],"wp:attachment":[{"href":"https:\/\/www.r2cpress.com.br\/v1\/wp-json\/wp\/v2\/media?parent=55938"}],"wp:term":[{"taxonomy":"category","embeddable":true,"href":"https:\/\/www.r2cpress.com.br\/v1\/wp-json\/wp\/v2\/categories?post=55938"},{"taxonomy":"post_tag","embeddable":true,"href":"https:\/\/www.r2cpress.com.br\/v1\/wp-json\/wp\/v2\/tags?post=55938"}],"curies":[{"name":"wp","href":"https:\/\/api.w.org\/{rel}","templated":true}]}}