{"id":55945,"date":"2012-12-21T16:15:21","date_gmt":"2012-12-21T19:15:21","guid":{"rendered":"http:\/\/www.r2cpress.com.br\/v1\/?p=55945"},"modified":"2012-12-21T16:15:21","modified_gmt":"2012-12-21T19:15:21","slug":"crianca-morre-ao-ser-atingida-por-portao-de-escola-em-curaca","status":"publish","type":"post","link":"https:\/\/www.r2cpress.com.br\/v1\/2012\/12\/21\/crianca-morre-ao-ser-atingida-por-portao-de-escola-em-curaca\/","title":{"rendered":"Crian\u00e7a morre ao ser atingida por port\u00e3o de escola em Cura\u00e7a"},"content":{"rendered":"<p> O garoto Lucas Gabriel Oliveira Saraiva, de 3 anos, morreu na manh\u00e3 desta sexta-feira, 21, ap\u00f3s ser atingido por um port\u00e3o de ferro de uma escola, no munic\u00edpio de Cura\u00e7\u00e1 (a 590 km de Salvador), norte do Estado.<\/p>\n<p>Segundo a 45\u00aa Companhia Independente da Pol\u00edcia Militar (CIPM), localizada na cidade, o menino foi at\u00e9 a Escola Municipal Caminho da Cidadania acompanhado da av\u00f3, que trabalha na unidade e teria ido resolver um problema. O garoto brincava pr\u00f3ximo ao port\u00e3o e, ao tentar abrir, caiu sobre ele.<\/p>\n<p>Lucas Gabriel foi encaminhado para o Hospital Municipal, mas n\u00e3o resistiu aos ferimentos. Informa\u00e7\u00f5es da unidade de sa\u00fade d\u00e3o conta de que o garoto teve afundamento craniano e teria fraturado o pesco\u00e7o.<\/p>\n<p>&#8220;Foi uma irresponsabilidade, pois este port\u00e3o estava solto h\u00e1 mais de um m\u00eas e chegou a cair outras vezes, mas sem machucar ningu\u00e9m. Agora uma crian\u00e7a perdeu a vida&#8221;, desabafou um comerciante, que n\u00e3o quis se identificar.<\/p>\n<p>O delegado Reginaldo C\u00e9sar Cabral de Lima, respons\u00e1vel pelas investiga\u00e7\u00f5es, disse que a per\u00edcia foi realizada no local para identificar o que pode ter causado o acidente. &#8220;\u00c9 um port\u00e3o de ferro, com trilho, que abre lateralmente. Temos v\u00e1rias hip\u00f3teses que v\u00e3o desde problema na manuten\u00e7\u00e3o at\u00e9 na pr\u00f3pria instala\u00e7\u00e3o, mas s\u00f3 com a per\u00edcia \u00e9 que poderemos saber o que ocorreu.&#8221;<\/p>\n<p>Reginaldo Cabral disse ainda que instaurou inqu\u00e9rito e que come\u00e7ou a ouvir familiares e testemunhas, mas adiantou que \u00e9 prematuro afirmar qualquer coisa no momento. &#8220;S\u00e3o v\u00e1rias vers\u00f5es e estamos apurando todas, mas garanto que se ficar comprovado que houve neglig\u00eancia os respons\u00e1veis ser\u00e3o indiciados&#8221;, garantiu.<\/p>\n<p>O corpo de Lucas Gabriel foi levado para o Instituto M\u00e9dico Legal (IML) de Juazeiro. O sepultamento deve ocorrer na manh\u00e3 deste s\u00e1bado, 22, num cemit\u00e9rio da cidade de Cura\u00e7\u00e1. A reportagem de A TARDE tentou ouvir com a dire\u00e7\u00e3o da escola e com representantes do munic\u00edpio, mas ningu\u00e9m atendeu aos telefones.<\/p>\n<p>&#8212;<br \/>\n<strong>Alean Rodrigues l Sucursal Feira de Santana<br \/>\nNo A TARDE ONLINE<\/strong><\/p>\n","protected":false},"excerpt":{"rendered":"<p>O garoto Lucas Gabriel Oliveira Saraiva, de 3 anos, morreu na manh\u00e3 desta sexta-feira, 21, ap\u00f3s ser atingido por um port\u00e3o de ferro de uma escola, no munic\u00edpio de Cura\u00e7\u00e1 (a 590 km de Salvador), norte do Estado. Segundo a 45\u00aa Companhia Independente da Pol\u00edcia Militar (CIPM), localizada na cidade, o menino foi at\u00e9 a [&hellip;]<\/p>\n","protected":false},"author":2,"featured_media":0,"comment_status":"open","ping_status":"open","sticky":false,"template":"","format":"standard","meta":{"_links_to":"","_links_to_target":""},"categories":[13],"tags":[],"_links":{"self":[{"href":"https:\/\/www.r2cpress.com.br\/v1\/wp-json\/wp\/v2\/posts\/55945"}],"collection":[{"href":"https:\/\/www.r2cpress.com.br\/v1\/wp-json\/wp\/v2\/posts"}],"about":[{"href":"https:\/\/www.r2cpress.com.br\/v1\/wp-json\/wp\/v2\/types\/post"}],"author":[{"embeddable":true,"href":"https:\/\/www.r2cpress.com.br\/v1\/wp-json\/wp\/v2\/users\/2"}],"replies":[{"embeddable":true,"href":"https:\/\/www.r2cpress.com.br\/v1\/wp-json\/wp\/v2\/comments?post=55945"}],"version-history":[{"count":1,"href":"https:\/\/www.r2cpress.com.br\/v1\/wp-json\/wp\/v2\/posts\/55945\/revisions"}],"predecessor-version":[{"id":55946,"href":"https:\/\/www.r2cpress.com.br\/v1\/wp-json\/wp\/v2\/posts\/55945\/revisions\/55946"}],"wp:attachment":[{"href":"https:\/\/www.r2cpress.com.br\/v1\/wp-json\/wp\/v2\/media?parent=55945"}],"wp:term":[{"taxonomy":"category","embeddable":true,"href":"https:\/\/www.r2cpress.com.br\/v1\/wp-json\/wp\/v2\/categories?post=55945"},{"taxonomy":"post_tag","embeddable":true,"href":"https:\/\/www.r2cpress.com.br\/v1\/wp-json\/wp\/v2\/tags?post=55945"}],"curies":[{"name":"wp","href":"https:\/\/api.w.org\/{rel}","templated":true}]}}