{"id":56051,"date":"2012-12-25T21:25:16","date_gmt":"2012-12-26T00:25:16","guid":{"rendered":"http:\/\/www.r2cpress.com.br\/v1\/?p=56051"},"modified":"2012-12-25T21:25:16","modified_gmt":"2012-12-26T00:25:16","slug":"psicomundo-paz-pela-compreensao-17a-parte","status":"publish","type":"post","link":"https:\/\/www.r2cpress.com.br\/v1\/2012\/12\/25\/psicomundo-paz-pela-compreensao-17a-parte\/","title":{"rendered":"PSICOMUNDO &#8211; PAZ PELA COMPREENS\u00c3O (17\u00aa PARTE)"},"content":{"rendered":"<p><img loading=\"lazy\" src=\"http:\/\/www.r2cpress.com.br\/v1\/wp-content\/uploads\/Eduardo-Afonso-_-Livro_.jpg\" width=\"291\" height=\"284\" class=\"alignright\" \/>Nos meus primeiros passos obtive nesse espa\u00e7o de tempo em que vivo segundo a vontade de Deus, a minha imagina\u00e7\u00e3o hoje, posso crer que tudo era aparentemente dif\u00edcil, todavia, o respeito \u00e0 religi\u00e3o e aos idosos era obriga\u00e7\u00e3o de todos jovens numa for\u00e7a de express\u00e3o determinada pelos pais, criado no respeito aos mais experientes, sendo assim um dever muito grande a educa\u00e7\u00e3o familiar.<\/p>\n<p>Participei de um grupo de jovens denominado \u201cA-4\u201d, e nos reun\u00edamos ao lado da Catedral de S\u00e3o Sebasti\u00e3o, onde iniciei os meus passos de aprendizado na conquista de servir ao pr\u00f3ximo sem olhar a quem!<\/p>\n<p>Foi um bom o meu tempo de crian\u00e7a, e era assim, brinc\u00e1vamos nas ruas sem medo de assaltos, ladr\u00f5es e sequestradores. Ao contr\u00e1rio de hoje, as pessoas estavam sempre reverenciando as outras com carinho e agradecimentos pelos benef\u00edcios recebidos de forma cordial. T\u00ednhamos amigos, tios e tias, av\u00f3s e av\u00f4s, mesmo sem nenhum lado de parentesco.<\/p>\n<p>N\u00e3o sei se foi tarde ou cedo, por\u00e9m, comecei a entender que as outras pessoas ao meu lado mereciam o meu olhar atento para proteg\u00ea-los, e eu deveria segurar na sua m\u00e3o de uma pessoa carente, principalmente, o idoso, quando fossem subir uma escada com ou sem corrim\u00e3o, podendo evitar a causa de algum perigo imprevis\u00edvel que provocasse uma desastrosa queda! Quantas pessoas eram felizes e n\u00e3o procuram vivenciar a ideia que era feliz e n\u00e3o sabia! Vivia apenas os anseios passageiros ver a vida seguir \u00e0 sua frente e desafiavam as in\u00fameras mudan\u00e7as para a busca de momentos que lhe trouxessem no futuro dias felizes, sem a necessidade de pedir que os espa\u00e7os do tempo passado voltassem a ser como antes!<\/p>\n<p><!--more--><\/p>\n<p>Nunca esquecerei as aulas de catecismo dos meus tempos de crian\u00e7a! S\u00e1bios conhecimentos recebidos por dedicadas e dedicados professores da f\u00e9 crist\u00e3. Quantas f\u00f3rmulas boas encontradas nesse elementar comp\u00eandio de instru\u00e7\u00f5es religiosas! N\u00e3o deixa de ser sem nenhuma d\u00favida os sublimes e primeiros caminhos para a doutrina humana em busca da ci\u00eancia da arte do bem!<\/p>\n<p>Foi muito bom conhecer os ditames da soberania e da harmonia da consci\u00eancia crist\u00e3 das pessoas que surgiram e deram luzes para a minha vida. Ficava sempre na expectativa da busca da esperada paz interior necess\u00e1ria a todos n\u00f3s. Quantas vezes ouv\u00edamos as indaga\u00e7\u00f5es de muita gente dizendo: \u201ccoragens todos v\u00e3o vencer\u201d, mesmo sem saber a quem ou que!<\/p>\n<p>Muitas vezes imaginava uma for\u00e7a t\u00e3o pr\u00f3xima dos homens, e eles estavam perdidos em concentra\u00e7\u00f5es de p\u00e9ssimas lembran\u00e7as com sentimentos de culpas. Ficava muito feliz quando alguns sentiam sentimentos bons e ajudavam aos seus amigos e parentes! Essas s\u00e3o as f\u00f3rmulas m\u00e1gicas que nos faziam alcan\u00e7ar uma dire\u00e7\u00e3o segura e justa que n\u00e3o deixava rastros de fortes sentimentos maculados.<\/p>\n<p>O tempo passou, hoje vejo muitos homens perdidos sem \u00f3tica e sem dire\u00e7\u00e3o para vivenciar a realidade desse memor\u00e1vel encontro com a religi\u00e3o que os elevar\u00e1 \u00e0 ascens\u00e3o a servi\u00e7o da uni\u00e3o junto aos povos do mundo em que vivemos. A falta de entrela\u00e7amentos entre as pessoas na busca da compreens\u00e3o, a desist\u00eancia da gan\u00e2ncia, do individualismo com a frustrada materializa\u00e7\u00e3o do poder sobre as pessoas e das coisas, s\u00e3o as causadoras dos fanatismos e das guerras.<\/p>\n<p>Falta \u00e0 busca do encontro da paz de Deus, coisa que os homens em nosso mundo n\u00e3o conseguem mais oferecer em abund\u00e2ncia aos seus habitantes. E a hist\u00f3ria sobre a constru\u00e7\u00e3o do mundo nosso de cada dia nos leva a refletir muito, porque vivemos diante de tantas tentativas de sua destrui\u00e7\u00e3o, causadas por estranhas transforma\u00e7\u00f5es, incrivelmente, criadas pelos intransigentes sentimentos humanos.<\/p>\n<p>Faz muitos s\u00e9culos, ainda, que inexistia o mundo. Nem o sol, nem mar, nem terra, n\u00e3o havia absolutamente nada. O c\u00e9u e a terra eram uma beleza! At\u00e9 ali, faltava quem pudesse apreciar. Precisava de criaturas vivas, gente capaz de conhecer os seus semelhantes, numa procura de amar e servir a Deus condignamente sobre todas as coisas criadas por Ele. O supremo criador do universo, ent\u00e3o Deus, disse: \u201cfa\u00e7amos o homem segundo a nossa semelhan\u00e7a e imagem, e que protegesse os peixes no mar, os p\u00e1ssaros no c\u00e9u e os animais na terra\u201d. Estava criada a extraordin\u00e1ria obra prima do universo e o homem seu mandat\u00e1rio.<\/p>\n<p>O nascimento de Jesus foi comunicado aos pobres pastores das vizinhan\u00e7as. Mas, foi informada tamb\u00e9m a gente muito rica, poderosa e de alta posi\u00e7\u00e3o social, a qual morava longe, na Ar\u00e1bia. N\u00e3o eram judeus, eram s\u00e1bios, tinham estudado muito e estavam bem preparados na astronomia especialmente.<\/p>\n<p>Cristo se retirara com seus disc\u00edpulos para um lugar isolado, mas breve foi interrompido esse per\u00edodo de sublime harmonia. O povo escutava as palavras da vida, t\u00e3o sabiamente ditas pelo filho de Deus. Todos ouviam atentamente palavras extra\u00eddas de sentimento nobre, simples e t\u00e3o claras, transformadas em b\u00e1lsamos de Gileade para sua alma. A cura pelas milagrosas m\u00e3os de Jesus Cristo manifestou enorme alegria para a vida dos moribundos, oferecendo um conforto para a sa\u00fade aos que padeciam de in\u00fameras mol\u00e9stias, e fazia parte integrante da constitui\u00e7\u00e3o humana de pessoas humildes, aquelas movidas pela f\u00e9 e confian\u00e7a nos des\u00edgnios do Filho de Deus. E essa \u00e9 uma das raz\u00f5es que Deus sempre amou os pobres de esp\u00edritos, estando claro quando lemos: \u201cBem-aventurados os pobres de esp\u00edrito, porque deles \u00e9 o Reino dos C\u00e9us\u201d (Mateus 5:3).<\/p>\n<p>Muito perfeita a hist\u00f3ria conhecida sobre Jesus Cristo! Depois de alimentar a multid\u00e3o, as li\u00e7\u00f5es divinas eram sempre motivadas com f\u00e9 e esperan\u00e7a. Na verdade, conheceremos a Jesus, se formos d\u00f3ceis, ouvindo a voz do nosso Criador. E quantos homens n\u00e3o sabem que a voz de Deus, em n\u00f3s \u00e9 a nossa pr\u00f3pria consci\u00eancia. E hoje, ficamos pensativos porque nosso mundo moderno vive crises de consci\u00eancias, da\u00ed como chegar\u00e3o a Deus?\u00a0 \u00c9 chegada a hora de usar o sentimento do que somos, porque acreditamos que n\u00e3o \u00e9 destino caminhar por estradas que s\u00f3 nos tragam desventuras!<\/p>\n<p>O mundo religioso muitas vezes surge diante dos ateus, e eles criam d\u00favidas de forma estranha da exist\u00eancia de um Ser Supremo, talvez porque est\u00e3o desistindo de comungarem a verdadeira \u201cF\u00e9 Universal\u201d. Deus sempre respeitou a nossa liberdade de pensar, pois deixou facultativo em n\u00f3s a vontade ou direito de neg\u00e1-lo. Precisamos colocar em nossa mente e vida que o \u201cTemplo religioso \u00e9 a comunidade dos que creem em Cristo\u201d. Imaginando o Cristo positivamente como nosso Mestre, seguiremos os seus ensinamentos por ser a mais pura express\u00e3o da grande mensagem da exist\u00eancia do amor.<\/p>\n<p>As pessoas do mundo inteiro devem acreditar que mesmo que o homem deseje, nunca estar\u00e1 sozinho, Deus sempre est\u00e1 ao lado na qualidade de PAI. Cristo n\u00e3o veio para construir ou destruir o universo, mas para viver no meio de n\u00f3s. Por outro lado, o homem foi criado visando viver \u00e0 manifesta\u00e7\u00e3o da gl\u00f3ria do Pai. Confortados pelo Sacramento e com a assist\u00eancia do Esp\u00edrito Santo peregrinando pelo campo terrestre com seus pastores e dando continuidade \u00e0s grandes obras santa, ningu\u00e9m estar\u00e1 sozinho e nunca deve esperar os males da inexpressiva solid\u00e3o. E quando erramos Deus n\u00e3o vai nos perguntar o que fizemos de bom ou de mau, ou mesmo se vamos todos os dias orar em sua honra e gl\u00f3ria! Ele pergunta pacientemente: onde est\u00e1 o teu irm\u00e3o?<\/p>\n<p>Para os indecisos \u00e9 bom lan\u00e7ar um grito de alerta: Deus est\u00e1 conosco em todos os instantes da vida, sendo na alegria ou na tristeza, porque s\u00e3o assim as coisas de Deus na exist\u00eancia humana.<\/p>\n<p>Deus n\u00e3o coloca distin\u00e7\u00e3o de nacionalidades, riquezas materiais, ra\u00e7as, muito menos a cor, pois Ele criou os homens, e n\u00e3o as ra\u00e7as. Em termos humanos a coisa mais bela da vida \u00e9 quando os planos de Deus se realizam. Essa realiza\u00e7\u00e3o est\u00e1 na igualdade das pessoas em seus caminhos que os levam \u00e0 manifesta\u00e7\u00e3o da reciprocidade da vida que tragam os benef\u00edcios de todos de maneira indistinta. Todos t\u00eam sementes para semear no terreno da vida. \u00c9 a gra\u00e7a de Deus revelada de forma universal. \u00c9 a salva\u00e7\u00e3o com a gra\u00e7a da caridade. Temos em nosso cora\u00e7\u00e3o uma semente oculta, por\u00e9m, destru\u00edmos e a terra fica despida.<\/p>\n<p>Desejo aos nossos amigos leitores, um Feliz Natal e Pr\u00f3spero Ano Novo cheio de muitas alegrias e paz nos cora\u00e7\u00f5es dos povos de toda humanidade, tudo em conformidade com d\u00e1diva de Deus na realidade do crescimento da justi\u00e7a para a vida. A realidade da justi\u00e7a da vida humana \u00e9 uma s\u00f3 para os olhos de Deus! Por isso a injusti\u00e7a n\u00e3o existe nos des\u00edgnios de Deus!<\/p>\n<p>Eduardo Afonso \u2013 (73) 8844-9147 \u2013 Ilh\u00e9us-Bahia<\/p>\n<p>Para ler a <strong>16\u00aa PARTE<\/strong> clique <a href = \"http:\/\/www.r2cpress.com.br\/v1\/2012\/12\/19\/psicomundo-paz-pela-compreensao-16a-parte\/\" target = \"_news\"><b>AQUI.<\/b><\/a><\/p>\n","protected":false},"excerpt":{"rendered":"<p>Nos meus primeiros passos obtive nesse espa\u00e7o de tempo em que vivo segundo a vontade de Deus, a minha imagina\u00e7\u00e3o hoje, posso crer que tudo era aparentemente dif\u00edcil, todavia, o respeito \u00e0 religi\u00e3o e aos idosos era obriga\u00e7\u00e3o de todos jovens numa for\u00e7a de express\u00e3o determinada pelos pais, criado no respeito aos mais experientes, sendo [&hellip;]<\/p>\n","protected":false},"author":2,"featured_media":0,"comment_status":"open","ping_status":"open","sticky":false,"template":"","format":"standard","meta":{"_links_to":"","_links_to_target":""},"categories":[10],"tags":[],"_links":{"self":[{"href":"https:\/\/www.r2cpress.com.br\/v1\/wp-json\/wp\/v2\/posts\/56051"}],"collection":[{"href":"https:\/\/www.r2cpress.com.br\/v1\/wp-json\/wp\/v2\/posts"}],"about":[{"href":"https:\/\/www.r2cpress.com.br\/v1\/wp-json\/wp\/v2\/types\/post"}],"author":[{"embeddable":true,"href":"https:\/\/www.r2cpress.com.br\/v1\/wp-json\/wp\/v2\/users\/2"}],"replies":[{"embeddable":true,"href":"https:\/\/www.r2cpress.com.br\/v1\/wp-json\/wp\/v2\/comments?post=56051"}],"version-history":[{"count":3,"href":"https:\/\/www.r2cpress.com.br\/v1\/wp-json\/wp\/v2\/posts\/56051\/revisions"}],"predecessor-version":[{"id":56054,"href":"https:\/\/www.r2cpress.com.br\/v1\/wp-json\/wp\/v2\/posts\/56051\/revisions\/56054"}],"wp:attachment":[{"href":"https:\/\/www.r2cpress.com.br\/v1\/wp-json\/wp\/v2\/media?parent=56051"}],"wp:term":[{"taxonomy":"category","embeddable":true,"href":"https:\/\/www.r2cpress.com.br\/v1\/wp-json\/wp\/v2\/categories?post=56051"},{"taxonomy":"post_tag","embeddable":true,"href":"https:\/\/www.r2cpress.com.br\/v1\/wp-json\/wp\/v2\/tags?post=56051"}],"curies":[{"name":"wp","href":"https:\/\/api.w.org\/{rel}","templated":true}]}}