{"id":56072,"date":"2012-12-26T18:12:55","date_gmt":"2012-12-26T21:12:55","guid":{"rendered":"http:\/\/www.r2cpress.com.br\/v1\/?p=56072"},"modified":"2012-12-26T18:12:55","modified_gmt":"2012-12-26T21:12:55","slug":"ta-danado","status":"publish","type":"post","link":"https:\/\/www.r2cpress.com.br\/v1\/2012\/12\/26\/ta-danado\/","title":{"rendered":"T\u00c1 DANADO!"},"content":{"rendered":"<p><img loading=\"lazy\" src=\"http:\/\/www.r2cpress.com.br\/v1\/wp-content\/uploads\/zecarlos-r2cpress_reduzida.jpg\" width=\"300\" height=\"207\" class=\"alignright\" \/>N\u00e3o d\u00e1 mais para ag\u00fcentar.<br \/>\nO que presenciei hoje pela manh\u00e3 nas ruas do quarteir\u00e3o Jorge Amado\/Centro Hist\u00f3rico foi realmente estarrecedor.<br \/>\nO LIXO na nossa cidade virou um caso comum, sem ningu\u00e9m que possa fornecer alguma informa\u00e7\u00e3o, sequer a retirada e varri\u00e7\u00e3o das ruas e avenidas.<br \/>\nOs pontos institucionalizados de lixo j\u00e1 est\u00e3o devidamente demarcados (em frente da loja Ricardo El\u00e9trico, prefeitura municipal, fundos do Banco do Brasil, in\u00edcio da Avenida 2 de Julho, Rua Jorge Amado, fundos do Delta, aqui, ali, acol\u00e1), s\u00e3o tantos que o fregu\u00eas pode escolher qual o que melhor lhe atende.<br \/>\nA Avenida Soares Lopes, pqp, que l\u00e1stima, que esculhamba\u00e7\u00e3o.<br \/>\nPergunto a um comerciante o que est\u00e1 acontecendo, n\u00e3o sabe responder, a CDL e ACI parece que n\u00e3o t\u00eam representatividade na cidade, funcionam como uma filial e n\u00e3o movem uma palha para questionar o poder p\u00fablico, principalmente depois daquela infeliz e desmemoriada id\u00e9ia de conceder a comenda \u201cpor relevantes servi\u00e7os prestados\u201d ao atual alcaide.<br \/>\n<!--more--><br \/>\n<b>Estou temeroso com o que pode acontecer se o novo alcaide j\u00e1 n\u00e3o tiver pronto um choque de gest\u00e3o p\u00fablica para a cidade.<\/b><br \/>\nIlh\u00e9us precisa urgentemente sentir a PRESEN\u00c7A DO PODER P\u00daBLICO nas ruas, com servi\u00e7os, fiscaliza\u00e7\u00e3o intensa e agindo de forma ditatorial para mostrar que a ordem tem que ser restabelecida a qualquer custo, doa a quem doer.<br \/>\nN\u00e3o d\u00e1 mais para ag\u00fcentar! Ou se toma uma posi\u00e7\u00e3o de homem, como diz um conhecido advogado, ou o barco vai pro brejo, vai encalhar na montanha de lixo.<br \/>\nDesesperadamente estou aguardando a posse do novo mandat\u00e1rio, algo de novo tem que acontecer, caso contr\u00e1rio estaremos todos f&#8230;&#8230;<br \/>\nO que \u00e9 isso cara, est\u00e3o fazendo de um tudo para danificar mortalmente a nossa Gabriela.<br \/>\nEste coment\u00e1rio abrange apenas o centro da cidade, os bairros e periferia j\u00e1 est\u00e3o h\u00e1 muito tempo um caos.<br \/>\nAinda acredito nos homens e na provid\u00eancia divina do Grande Arquiteto do Universo.<br \/>\n<b>Z\u00c9CARLOS JUNIOR<\/b><\/p>\n","protected":false},"excerpt":{"rendered":"<p>N\u00e3o d\u00e1 mais para ag\u00fcentar. O que presenciei hoje pela manh\u00e3 nas ruas do quarteir\u00e3o Jorge Amado\/Centro Hist\u00f3rico foi realmente estarrecedor. O LIXO na nossa cidade virou um caso comum, sem ningu\u00e9m que possa fornecer alguma informa\u00e7\u00e3o, sequer a retirada e varri\u00e7\u00e3o das ruas e avenidas. Os pontos institucionalizados de lixo j\u00e1 est\u00e3o devidamente demarcados [&hellip;]<\/p>\n","protected":false},"author":2,"featured_media":0,"comment_status":"open","ping_status":"open","sticky":false,"template":"","format":"standard","meta":{"_links_to":"","_links_to_target":""},"categories":[10],"tags":[],"_links":{"self":[{"href":"https:\/\/www.r2cpress.com.br\/v1\/wp-json\/wp\/v2\/posts\/56072"}],"collection":[{"href":"https:\/\/www.r2cpress.com.br\/v1\/wp-json\/wp\/v2\/posts"}],"about":[{"href":"https:\/\/www.r2cpress.com.br\/v1\/wp-json\/wp\/v2\/types\/post"}],"author":[{"embeddable":true,"href":"https:\/\/www.r2cpress.com.br\/v1\/wp-json\/wp\/v2\/users\/2"}],"replies":[{"embeddable":true,"href":"https:\/\/www.r2cpress.com.br\/v1\/wp-json\/wp\/v2\/comments?post=56072"}],"version-history":[{"count":2,"href":"https:\/\/www.r2cpress.com.br\/v1\/wp-json\/wp\/v2\/posts\/56072\/revisions"}],"predecessor-version":[{"id":56074,"href":"https:\/\/www.r2cpress.com.br\/v1\/wp-json\/wp\/v2\/posts\/56072\/revisions\/56074"}],"wp:attachment":[{"href":"https:\/\/www.r2cpress.com.br\/v1\/wp-json\/wp\/v2\/media?parent=56072"}],"wp:term":[{"taxonomy":"category","embeddable":true,"href":"https:\/\/www.r2cpress.com.br\/v1\/wp-json\/wp\/v2\/categories?post=56072"},{"taxonomy":"post_tag","embeddable":true,"href":"https:\/\/www.r2cpress.com.br\/v1\/wp-json\/wp\/v2\/tags?post=56072"}],"curies":[{"name":"wp","href":"https:\/\/api.w.org\/{rel}","templated":true}]}}