{"id":56170,"date":"2012-12-28T20:00:43","date_gmt":"2012-12-28T23:00:43","guid":{"rendered":"http:\/\/www.r2cpress.com.br\/v1\/?p=56170"},"modified":"2012-12-28T22:15:36","modified_gmt":"2012-12-29T01:15:36","slug":"do-fundo-do-bau-de-jose-leite-94","status":"publish","type":"post","link":"https:\/\/www.r2cpress.com.br\/v1\/2012\/12\/28\/do-fundo-do-bau-de-jose-leite-94\/","title":{"rendered":"DO FUNDO DO BA\u00da DE JOS\u00c9 LEITE"},"content":{"rendered":"<p><center><img src=\"http:\/\/www.r2cpress.com.br\/v1\/wp-content\/uploads\/tampa-do-ba%C3%BA-com-camisa.jpg\" \/><\/p>\n<p><strong>1)\tA PARTIR DE 2013, QUERO VER ILH\u00c9US ASSIM.<br \/>\n2)\tAS FOTOS DESTAQUES DA SEMANA.<\/strong><\/center><\/p>\n<p><!--more--><\/p>\n<p>***<\/p>\n<p><center><b>A PARTIR DE 2013, QUERO VER ILH\u00c9US ASSIM.<\/b><\/center><\/p>\n<p>Dos dez desejos que pensei no final de 2011 para serem realizados em 2012 em ILH\u00c9US, apenas um aconteceu, foi \u00e0 inaugura\u00e7\u00e3o do INSTITUTO M\u00c9DICO LEGAL (IML). Agora vamos partir para os desejos a serem realizados em 2013. Quem sabe se n\u00e3o vai ser melhor que 2012?<\/p>\n<div id=\"attachment_56172\" style=\"width: 310px\" class=\"wp-caption aligncenter\"><a href=\"http:\/\/www.r2cpress.com.br\/v1\/wp-content\/uploads\/1203.jpg\"><img aria-describedby=\"caption-attachment-56172\" loading=\"lazy\" src=\"http:\/\/www.r2cpress.com.br\/v1\/wp-content\/uploads\/1203-300x197.jpg\" alt=\"Quero ver a AVENIDA LOMANTO JUNIOR no PONTAL, vista da AVENIDA 2 DE JULHO com esse visual de edif\u00edcios iluminados, igual a foto acima da cidade de XANGAI na china.\" width=\"300\" height=\"197\" class=\"size-medium wp-image-56172\" srcset=\"https:\/\/www.r2cpress.com.br\/v1\/wp-content\/uploads\/1203-300x197.jpg 300w, https:\/\/www.r2cpress.com.br\/v1\/wp-content\/uploads\/1203.jpg 890w\" sizes=\"(max-width: 300px) 100vw, 300px\" \/><\/a><p id=\"caption-attachment-56172\" class=\"wp-caption-text\">Quero ver a AVENIDA LOMANTO JUNIOR no PONTAL, vista da AVENIDA 2 DE JULHO com esse visual de edif\u00edcios iluminados, igual a foto acima da cidade de XANGAI na china.<\/p><\/div>\n<div id=\"attachment_56173\" style=\"width: 310px\" class=\"wp-caption aligncenter\"><a href=\"http:\/\/www.r2cpress.com.br\/v1\/wp-content\/uploads\/288.jpg\"><img aria-describedby=\"caption-attachment-56173\" loading=\"lazy\" src=\"http:\/\/www.r2cpress.com.br\/v1\/wp-content\/uploads\/288-300x197.jpg\" alt=\"Quero ver os cal\u00e7ad\u00f5es do QUARTEIR\u00c3O JORGE AMADO organizado igual o da foto acima da cidade de T\u00d3QUIO \u2013 JAP\u00c3O. Na foto aparece o amigo ilheense Cel. JAMIL RODRIGUES de camisa verde.\" width=\"300\" height=\"197\" class=\"size-medium wp-image-56173\" srcset=\"https:\/\/www.r2cpress.com.br\/v1\/wp-content\/uploads\/288-300x197.jpg 300w, https:\/\/www.r2cpress.com.br\/v1\/wp-content\/uploads\/288.jpg 623w\" sizes=\"(max-width: 300px) 100vw, 300px\" \/><\/a><p id=\"caption-attachment-56173\" class=\"wp-caption-text\">Quero ver os cal\u00e7ad\u00f5es do QUARTEIR\u00c3O JORGE AMADO organizado igual o da foto acima da cidade de T\u00d3QUIO \u2013 JAP\u00c3O. Na foto aparece o amigo ilheense Cel. JAMIL RODRIGUES de camisa verde.<\/p><\/div>\n<div id=\"attachment_56174\" style=\"width: 310px\" class=\"wp-caption aligncenter\"><a href=\"http:\/\/www.r2cpress.com.br\/v1\/wp-content\/uploads\/391.jpg\"><img aria-describedby=\"caption-attachment-56174\" loading=\"lazy\" src=\"http:\/\/www.r2cpress.com.br\/v1\/wp-content\/uploads\/391-300x185.jpg\" alt=\"Quero ver a constru\u00e7\u00e3o de uma nova 3\u00aa PONTE ANEXA a PONTE LOMANTO JUNIOR com sa\u00edda para o bairro PRINCESA ISABEL, igual a essa que est\u00e1 sendo constru\u00edda anexa a uma ponte antiga na cidade de HONG KONG.\" width=\"300\" height=\"185\" class=\"size-medium wp-image-56174\" srcset=\"https:\/\/www.r2cpress.com.br\/v1\/wp-content\/uploads\/391-300x185.jpg 300w, https:\/\/www.r2cpress.com.br\/v1\/wp-content\/uploads\/391.jpg 710w\" sizes=\"(max-width: 300px) 100vw, 300px\" \/><\/a><p id=\"caption-attachment-56174\" class=\"wp-caption-text\">Quero ver a constru\u00e7\u00e3o de uma nova 3\u00aa PONTE ANEXA a PONTE LOMANTO JUNIOR com sa\u00edda para o bairro PRINCESA ISABEL, igual a essa que est\u00e1 sendo constru\u00edda anexa a uma ponte antiga na cidade de HONG KONG.<\/p><\/div>\n<div id=\"attachment_56175\" style=\"width: 310px\" class=\"wp-caption aligncenter\"><a href=\"http:\/\/www.r2cpress.com.br\/v1\/wp-content\/uploads\/490.jpg\"><img aria-describedby=\"caption-attachment-56175\" loading=\"lazy\" src=\"http:\/\/www.r2cpress.com.br\/v1\/wp-content\/uploads\/490-300x196.jpg\" alt=\"Quero ver as PRA\u00c7AS de ILH\u00c9US com jardins floridos e com guardas de seguran\u00e7a igual a essa pra\u00e7a acima na cidade de BANGKOK na TAIL\u00c2NDIA. As fotos acima foram cedidas pelo amigo Cel. JAMIL RODRIGUES que aparece nessa foto com sua querida filha MILENE SANTOS RODRIGUES.\" width=\"300\" height=\"196\" class=\"size-medium wp-image-56175\" srcset=\"https:\/\/www.r2cpress.com.br\/v1\/wp-content\/uploads\/490-300x196.jpg 300w, https:\/\/www.r2cpress.com.br\/v1\/wp-content\/uploads\/490.jpg 623w\" sizes=\"(max-width: 300px) 100vw, 300px\" \/><\/a><p id=\"caption-attachment-56175\" class=\"wp-caption-text\">Quero ver as PRA\u00c7AS de ILH\u00c9US com jardins floridos e com guardas de seguran\u00e7a igual a essa pra\u00e7a acima na cidade de BANGKOK na TAIL\u00c2NDIA. As fotos acima foram cedidas pelo amigo Cel. JAMIL RODRIGUES que aparece nessa foto com sua querida filha MILENE SANTOS RODRIGUES.<\/p><\/div>\n<div id=\"attachment_56176\" style=\"width: 310px\" class=\"wp-caption aligncenter\"><a href=\"http:\/\/www.r2cpress.com.br\/v1\/wp-content\/uploads\/590.jpg\"><img aria-describedby=\"caption-attachment-56176\" loading=\"lazy\" src=\"http:\/\/www.r2cpress.com.br\/v1\/wp-content\/uploads\/590-300x204.jpg\" alt=\"Em 2013, quero ver o retorno do TIRO DE GUERRA DE ILH\u00c9US que tanta falta est\u00e1 fazendo a nossa JUVENTUDE.\" width=\"300\" height=\"204\" class=\"size-medium wp-image-56176\" srcset=\"https:\/\/www.r2cpress.com.br\/v1\/wp-content\/uploads\/590-300x204.jpg 300w, https:\/\/www.r2cpress.com.br\/v1\/wp-content\/uploads\/590.jpg 544w\" sizes=\"(max-width: 300px) 100vw, 300px\" \/><\/a><p id=\"caption-attachment-56176\" class=\"wp-caption-text\">Em 2013, quero ver o retorno do TIRO DE GUERRA DE ILH\u00c9US que tanta falta est\u00e1 fazendo a nossa JUVENTUDE.<\/p><\/div>\n<div id=\"attachment_56177\" style=\"width: 310px\" class=\"wp-caption aligncenter\"><a href=\"http:\/\/www.r2cpress.com.br\/v1\/wp-content\/uploads\/688.jpg\"><img aria-describedby=\"caption-attachment-56177\" loading=\"lazy\" src=\"http:\/\/www.r2cpress.com.br\/v1\/wp-content\/uploads\/688-300x197.jpg\" alt=\"Em 2013, quero ver o retorno do TRANSPORTE MAR\u00cdTIMO para o Bairro do Pontal. NA foto acima, Lanchas Transportando passageiros de JUAZEIRO a PETROLINA pelo RIO S\u00c3O FRANCISCO. (Foto: 04-11-2012).\" width=\"300\" height=\"197\" class=\"size-medium wp-image-56177\" srcset=\"https:\/\/www.r2cpress.com.br\/v1\/wp-content\/uploads\/688-300x197.jpg 300w, https:\/\/www.r2cpress.com.br\/v1\/wp-content\/uploads\/688.jpg 891w\" sizes=\"(max-width: 300px) 100vw, 300px\" \/><\/a><p id=\"caption-attachment-56177\" class=\"wp-caption-text\">Em 2013, quero ver o retorno do TRANSPORTE MAR\u00cdTIMO para o Bairro do Pontal. NA foto acima, Lanchas Transportando passageiros de JUAZEIRO a PETROLINA pelo RIO S\u00c3O FRANCISCO. (Foto: 04-11-2012).<\/p><\/div>\n<div id=\"attachment_56178\" style=\"width: 310px\" class=\"wp-caption aligncenter\"><a href=\"http:\/\/www.r2cpress.com.br\/v1\/wp-content\/uploads\/788.jpg\"><img aria-describedby=\"caption-attachment-56178\" loading=\"lazy\" src=\"http:\/\/www.r2cpress.com.br\/v1\/wp-content\/uploads\/788-300x196.jpg\" alt=\"Em 2013, quero ver a constru\u00e7\u00e3o de um SHOPPING CENTER em ILH\u00c9US. Na foto acima, crian\u00e7as brincando no CARIRI GARDEN SHOPPING que possui 195 lojas, um dos maiores do interior do NORDESTE em JUAZEIRO DO NORTE. (Foto: 02-11-2012). \" width=\"300\" height=\"196\" class=\"size-medium wp-image-56178\" srcset=\"https:\/\/www.r2cpress.com.br\/v1\/wp-content\/uploads\/788-300x196.jpg 300w, https:\/\/www.r2cpress.com.br\/v1\/wp-content\/uploads\/788.jpg 595w\" sizes=\"(max-width: 300px) 100vw, 300px\" \/><\/a><p id=\"caption-attachment-56178\" class=\"wp-caption-text\">Em 2013, quero ver a constru\u00e7\u00e3o de um SHOPPING CENTER em ILH\u00c9US. Na foto acima, crian\u00e7as brincando no CARIRI GARDEN SHOPPING que possui 195 lojas, um dos maiores do interior do NORDESTE em JUAZEIRO DO NORTE.<br \/>(Foto: 02-11-2012).<br \/><\/p><\/div>\n<div id=\"attachment_56179\" style=\"width: 310px\" class=\"wp-caption aligncenter\"><a href=\"http:\/\/www.r2cpress.com.br\/v1\/wp-content\/uploads\/887.jpg\"><img aria-describedby=\"caption-attachment-56179\" loading=\"lazy\" src=\"http:\/\/www.r2cpress.com.br\/v1\/wp-content\/uploads\/887-300x221.jpg\" alt=\"Em 2013 quero ver uma Bonita ilumina\u00e7\u00e3o NATALINA no com\u00e9rcio de ILH\u00c9US. (Na foto: Ilumina\u00e7\u00e3o, Natal\/2006.\" width=\"300\" height=\"221\" class=\"size-medium wp-image-56179\" srcset=\"https:\/\/www.r2cpress.com.br\/v1\/wp-content\/uploads\/887-300x221.jpg 300w, https:\/\/www.r2cpress.com.br\/v1\/wp-content\/uploads\/887.jpg 572w\" sizes=\"(max-width: 300px) 100vw, 300px\" \/><\/a><p id=\"caption-attachment-56179\" class=\"wp-caption-text\">Em 2013 quero ver uma Bonita ilumina\u00e7\u00e3o NATALINA no com\u00e9rcio de ILH\u00c9US. (Na foto: Ilumina\u00e7\u00e3o, Natal\/2006.<\/p><\/div>\n<div id=\"attachment_56180\" style=\"width: 310px\" class=\"wp-caption aligncenter\"><a href=\"http:\/\/www.r2cpress.com.br\/v1\/wp-content\/uploads\/988.jpg\"><img aria-describedby=\"caption-attachment-56180\" loading=\"lazy\" src=\"http:\/\/www.r2cpress.com.br\/v1\/wp-content\/uploads\/988-300x197.jpg\" alt=\"Em 2013, quero ver o Turismo em ILH\u00c9US deslanchar com HOT\u00c9IS e pousadas lotadas de hospedes o ano inteiro.\" width=\"300\" height=\"197\" class=\"size-medium wp-image-56180\" srcset=\"https:\/\/www.r2cpress.com.br\/v1\/wp-content\/uploads\/988-300x197.jpg 300w, https:\/\/www.r2cpress.com.br\/v1\/wp-content\/uploads\/988.jpg 616w\" sizes=\"(max-width: 300px) 100vw, 300px\" \/><\/a><p id=\"caption-attachment-56180\" class=\"wp-caption-text\">Em 2013, quero ver o Turismo em ILH\u00c9US deslanchar com HOT\u00c9IS e pousadas lotadas de hospedes o ano inteiro.<\/p><\/div>\n<div id=\"attachment_56181\" style=\"width: 310px\" class=\"wp-caption aligncenter\"><a href=\"http:\/\/www.r2cpress.com.br\/v1\/wp-content\/uploads\/1090.jpg\"><img aria-describedby=\"caption-attachment-56181\" loading=\"lazy\" src=\"http:\/\/www.r2cpress.com.br\/v1\/wp-content\/uploads\/1090-300x213.jpg\" alt=\"Quero ver em 2013, JABES RIBEIRO fazer a melhor administra\u00e7\u00e3o entre as 4 gest\u00f5es em que foi Prefeito de ILH\u00c9US. Na foto: Vereador eleito JAMIL OCKE, JOS\u00c9 CARLOS (SEBRAE), Prefeito JABES RIBEIRO e JOS\u00c9 LEITE.\" width=\"300\" height=\"213\" class=\"size-medium wp-image-56181\" srcset=\"https:\/\/www.r2cpress.com.br\/v1\/wp-content\/uploads\/1090-300x213.jpg 300w, https:\/\/www.r2cpress.com.br\/v1\/wp-content\/uploads\/1090.jpg 474w\" sizes=\"(max-width: 300px) 100vw, 300px\" \/><\/a><p id=\"caption-attachment-56181\" class=\"wp-caption-text\">Quero ver em 2013, JABES RIBEIRO fazer a melhor administra\u00e7\u00e3o entre as 4 gest\u00f5es em que foi Prefeito de ILH\u00c9US. Na foto: Vereador eleito JAMIL OCKE, JOS\u00c9 CARLOS (SEBRAE), Prefeito JABES RIBEIRO e JOS\u00c9 LEITE.<\/p><\/div>\n<p><center><b>AS FOTOS DESTAQUES DA SEMANA<\/b><\/center><\/p>\n<div id=\"attachment_56182\" style=\"width: 210px\" class=\"wp-caption aligncenter\"><a href=\"http:\/\/www.r2cpress.com.br\/v1\/wp-content\/uploads\/11103.jpg\"><img aria-describedby=\"caption-attachment-56182\" loading=\"lazy\" src=\"http:\/\/www.r2cpress.com.br\/v1\/wp-content\/uploads\/11103-200x300.jpg\" alt=\"MEU DEUS, como esse cara gosta de coisa Antiga! JOS\u00c9 LEITE querendo ABRIR O BA\u00da que pertenceu ao PADRE C\u00cdCERO. (Foto: 02-11-2012).\" width=\"200\" height=\"300\" class=\"size-medium wp-image-56182\" srcset=\"https:\/\/www.r2cpress.com.br\/v1\/wp-content\/uploads\/11103-200x300.jpg 200w, https:\/\/www.r2cpress.com.br\/v1\/wp-content\/uploads\/11103.jpg 413w\" sizes=\"(max-width: 200px) 100vw, 200px\" \/><\/a><p id=\"caption-attachment-56182\" class=\"wp-caption-text\">MEU DEUS, como esse cara gosta de coisa Antiga! JOS\u00c9 LEITE querendo ABRIR O BA\u00da que pertenceu ao PADRE C\u00cdCERO. (Foto: 02-11-2012).<\/p><\/div>\n<div id=\"attachment_56184\" style=\"width: 310px\" class=\"wp-caption aligncenter\"><a href=\"http:\/\/www.r2cpress.com.br\/v1\/wp-content\/uploads\/1289.jpg\"><img aria-describedby=\"caption-attachment-56184\" loading=\"lazy\" src=\"http:\/\/www.r2cpress.com.br\/v1\/wp-content\/uploads\/1289-300x209.jpg\" alt=\"No pr\u00f3ximo dia 1\u00b0 de JANEIRO DE 2013, o HOTEL CACAU D\u2019OURO completa 24 anos de FUNDADO. (Na foto: Dia da inaugura\u00e7\u00e3o (1\u00ba-01-1989) aparece o Prefeito de ILH\u00c9US JO\u00c3O L\u00cdRIO empossado naquele dia, JOS\u00c9 LEITE e JASIEL MARTINS).\" width=\"300\" height=\"209\" class=\"size-medium wp-image-56184\" srcset=\"https:\/\/www.r2cpress.com.br\/v1\/wp-content\/uploads\/1289-300x209.jpg 300w, https:\/\/www.r2cpress.com.br\/v1\/wp-content\/uploads\/1289.jpg 523w\" sizes=\"(max-width: 300px) 100vw, 300px\" \/><\/a><p id=\"caption-attachment-56184\" class=\"wp-caption-text\">No pr\u00f3ximo dia 1\u00b0 de JANEIRO DE 2013, o HOTEL CACAU D\u2019OURO completa 24 anos de FUNDADO. (Na foto: Dia da inaugura\u00e7\u00e3o (1\u00ba-01-1989) aparece o Prefeito de ILH\u00c9US JO\u00c3O L\u00cdRIO empossado naquele dia, JOS\u00c9 LEITE e JASIEL MARTINS).<\/p><\/div>\n<div id=\"attachment_56185\" style=\"width: 223px\" class=\"wp-caption aligncenter\"><a href=\"http:\/\/www.r2cpress.com.br\/v1\/wp-content\/uploads\/1380.jpg\"><img aria-describedby=\"caption-attachment-56185\" loading=\"lazy\" src=\"http:\/\/www.r2cpress.com.br\/v1\/wp-content\/uploads\/1380-213x300.jpg\" alt=\"2013: Ano do CENTEN\u00c1RIO DA DIOCESE DE ILH\u00c9US, saudamos o nosso BISPO DOM MAURO MONTAGNOLI desejando-lhe FELIZ ANO NOVO! (Foto clicada por JOS\u00c9 LEITE em JUAZEIRO DO NORTE 23-07-2011).\" width=\"213\" height=\"300\" class=\"size-medium wp-image-56185\" srcset=\"https:\/\/www.r2cpress.com.br\/v1\/wp-content\/uploads\/1380-213x300.jpg 213w, https:\/\/www.r2cpress.com.br\/v1\/wp-content\/uploads\/1380.jpg 411w\" sizes=\"(max-width: 213px) 100vw, 213px\" \/><\/a><p id=\"caption-attachment-56185\" class=\"wp-caption-text\">2013: Ano do CENTEN\u00c1RIO DA DIOCESE DE ILH\u00c9US, saudamos o nosso BISPO DOM MAURO MONTAGNOLI desejando-lhe FELIZ ANO NOVO! (Foto clicada por JOS\u00c9 LEITE em JUAZEIRO DO NORTE 23-07-2011).<\/p><\/div>\n<div id=\"attachment_56186\" style=\"width: 310px\" class=\"wp-caption aligncenter\"><a href=\"http:\/\/www.r2cpress.com.br\/v1\/wp-content\/uploads\/1470.jpg\"><img aria-describedby=\"caption-attachment-56186\" loading=\"lazy\" src=\"http:\/\/www.r2cpress.com.br\/v1\/wp-content\/uploads\/1470-300x146.jpg\" alt=\"CART\u00c3O DE NATAL DE 30 ANOS ATR\u00c1S.\" width=\"300\" height=\"146\" class=\"size-medium wp-image-56186\" srcset=\"https:\/\/www.r2cpress.com.br\/v1\/wp-content\/uploads\/1470-300x146.jpg 300w, https:\/\/www.r2cpress.com.br\/v1\/wp-content\/uploads\/1470.jpg 840w\" sizes=\"(max-width: 300px) 100vw, 300px\" \/><\/a><p id=\"caption-attachment-56186\" class=\"wp-caption-text\">CART\u00c3O DE NATAL DE 30 ANOS ATR\u00c1S.<\/p><\/div>\n<p><center><b>E NO MAIS&#8230;<\/b><\/center><\/p>\n<div id=\"attachment_56187\" style=\"width: 236px\" class=\"wp-caption aligncenter\"><a href=\"http:\/\/www.r2cpress.com.br\/v1\/wp-content\/uploads\/1540.jpg\"><img aria-describedby=\"caption-attachment-56187\" loading=\"lazy\" src=\"http:\/\/www.r2cpress.com.br\/v1\/wp-content\/uploads\/1540-226x300.jpg\" alt=\"DESEJAMOS A TODOS E A TODAS, UM FELIZ ANO NOVO!\" width=\"226\" height=\"300\" class=\"size-medium wp-image-56187\" srcset=\"https:\/\/www.r2cpress.com.br\/v1\/wp-content\/uploads\/1540-226x300.jpg 226w, https:\/\/www.r2cpress.com.br\/v1\/wp-content\/uploads\/1540.jpg 416w\" sizes=\"(max-width: 226px) 100vw, 226px\" \/><\/a><p id=\"caption-attachment-56187\" class=\"wp-caption-text\">DESEJAMOS A TODOS E A TODAS, UM FELIZ ANO NOVO!<\/p><\/div>\n<p>&#8212;<br \/>\nTexto e fotos: Jos\u00e9 Leite de Souza<br \/>\n(73) 3634-3134<br \/>\njleitesouza@hotmail.com <\/p>\n","protected":false},"excerpt":{"rendered":"<p>1) A PARTIR DE 2013, QUERO VER ILH\u00c9US ASSIM. 2) AS FOTOS DESTAQUES DA SEMANA.<\/p>\n","protected":false},"author":2,"featured_media":0,"comment_status":"open","ping_status":"open","sticky":false,"template":"","format":"standard","meta":{"_links_to":"","_links_to_target":""},"categories":[10],"tags":[],"_links":{"self":[{"href":"https:\/\/www.r2cpress.com.br\/v1\/wp-json\/wp\/v2\/posts\/56170"}],"collection":[{"href":"https:\/\/www.r2cpress.com.br\/v1\/wp-json\/wp\/v2\/posts"}],"about":[{"href":"https:\/\/www.r2cpress.com.br\/v1\/wp-json\/wp\/v2\/types\/post"}],"author":[{"embeddable":true,"href":"https:\/\/www.r2cpress.com.br\/v1\/wp-json\/wp\/v2\/users\/2"}],"replies":[{"embeddable":true,"href":"https:\/\/www.r2cpress.com.br\/v1\/wp-json\/wp\/v2\/comments?post=56170"}],"version-history":[{"count":7,"href":"https:\/\/www.r2cpress.com.br\/v1\/wp-json\/wp\/v2\/posts\/56170\/revisions"}],"predecessor-version":[{"id":56208,"href":"https:\/\/www.r2cpress.com.br\/v1\/wp-json\/wp\/v2\/posts\/56170\/revisions\/56208"}],"wp:attachment":[{"href":"https:\/\/www.r2cpress.com.br\/v1\/wp-json\/wp\/v2\/media?parent=56170"}],"wp:term":[{"taxonomy":"category","embeddable":true,"href":"https:\/\/www.r2cpress.com.br\/v1\/wp-json\/wp\/v2\/categories?post=56170"},{"taxonomy":"post_tag","embeddable":true,"href":"https:\/\/www.r2cpress.com.br\/v1\/wp-json\/wp\/v2\/tags?post=56170"}],"curies":[{"name":"wp","href":"https:\/\/api.w.org\/{rel}","templated":true}]}}