{"id":5624,"date":"2010-12-31T19:09:55","date_gmt":"2010-12-31T22:09:55","guid":{"rendered":"http:\/\/www.r2cpress.com.br\/v1\/?p=5624"},"modified":"2010-12-31T19:09:55","modified_gmt":"2010-12-31T22:09:55","slug":"abrigo-sao-vicente-de-paulo-de-ilheus","status":"publish","type":"post","link":"https:\/\/www.r2cpress.com.br\/v1\/2010\/12\/31\/abrigo-sao-vicente-de-paulo-de-ilheus\/","title":{"rendered":"Abrigo S\u00e3o Vicente de Paulo de Ilh\u00e9us"},"content":{"rendered":"<p>\n<strong>Carta Despedida Abrigo 2010<\/strong><\/p>\n<p><strong>Aos:<\/p>\n<p>Associados, Volunt\u00e1rios, Funcion\u00e1rios e Amigos do Abrigo S\u00e3o Vicente de Paulo de Ilh\u00e9us.<\/strong><\/p>\n<p>O Abrigo S\u00e3o Vicente de Paulo de Ilh\u00e9us foi concebido pela inspira\u00e7\u00e3o de <strong>DEUS <\/strong>aos homens e mulheres de Boa Vontade que atrav\u00e9s do trabalho desprendido, incessante e incans\u00e1vel dedicaram-se, devotadamente, ao <strong>BEM ESTAR<\/strong> dos idosos carentes desta cidade e Regi\u00e3o.<\/p>\n<p>A Diretoria Executiva (2008\/2010) honra-se e orgulha-se de escrever uma p\u00e1gina desta bela e altru\u00edstica Obra que come\u00e7ou h\u00e1 quase um s\u00e9culo e n\u00e3o findar\u00e1 porque as necessidades e car\u00eancias s\u00e3o e ser\u00e3o eternas; o trabalho das gentes faz-se e far-se-\u00e1 necess\u00e1rio \u00e0s vistas e sob o Manto Sagrado de Deus, Senhor de tudo e de todos.<\/p>\n<p>Parafraseando a Ep\u00edstola de S\u00e3o Paulo a Tim\u00f3teo, afirmamos: \u201c&#8230; Combatemos o bom combate, terminamos a nossa jornada e guardamos a nossa f\u00e9&#8230;\u201d<\/p>\n<p>Agradecemos a <strong>DEUS <\/strong>pela oportunidade que nos foi dada em servir aos nossos irm\u00e3os idosos carentes e a todos que colaboraram para o engrandecimento desta Obra Divina.<\/p>\n<p>Citamos com orgulho e alegria algumas realiza\u00e7\u00f5es, as quais tornaram-se poss\u00edveis pela ajuda caridosa dos irm\u00e3os e irm\u00e3s, pessoas livres e de bons costumes desta terra.<\/p>\n<p><!--more--><\/p>\n<p><strong>1. INSTALA\u00c7\u00c3O DO QUADRO DE ENERGIA DO ABRIGO.<br \/>\n2. INSTALA\u00c7\u00c3O DO SISTEMA DE EXAUST\u00c3O DA LAVANDERIA DO ABRIGO.<br \/>\n3. IMPLANTA\u00c7\u00c3O DA FARM\u00c1CIA DO ABRIGO.<br \/>\n4. AQUISI\u00c7\u00c3O DE VE\u00cdCULO VOLKSWAGEN-KOMBI (ZERO KM) PARA SERVIR ABRIGO\/CASA DE RETIRO.<br \/>\n5. IMPLANTA\u00c7\u00c3O DOS CONSULT\u00d3RIOS DE PSICOLOGIA E ASSIST\u00caNCIA SOCIAL DO ABRIGO.<br \/>\n6. IMPLANTA\u00c7\u00c3O DE CENTRO ODONTOL\u00d3GICO PARA O ABRIGO.<br \/>\n7. LIMPEZA, IMPERMEABILIZA\u00c7\u00c3O E MANUTEN\u00c7\u00c3O DA INFRAESTRUTURA DA CAIXA D\u2019AGUA DA CASA DE RETIRO.<br \/>\n8. LIMPEZA E IMPERMEABILIZA\u00c7\u00c3O DOS TANQUES DE ENTRADA DE AGUA DO ABRIGO E DA CASA DE RETIRO.<br \/>\n9. INSTALA\u00c7\u00c3O DE FILTROS PURIFICADORES NAS LINHAS DE ENTRADA DA EMBASA PARA O ABRIGO E CASA DE RETIRO.<br \/>\n10. CONSTRU\u00c7\u00c3O DA LAVANDERIA DA CASA DE RETIRO.<br \/>\n11. REFORMA NA CASA DAS IRM\u00c3S.<br \/>\n12. CONTRATA\u00c7\u00c3O DE SERVI\u00c7OS DE SEGURAN\u00c7A.<br \/>\n13. IMPLANTA\u00c7\u00c3O DA COBRAN\u00c7A DOS ALUGUEIS VIA BANCO.<br \/>\n14. IMPLANTA\u00c7\u00c3O DO PAGAMENTO DE PESSOAL\/FORNECEDORES VIA BANCO.<br \/>\n15. MANUTEN\u00c7\u00c3O E MELHORIAS NA CAPELA DO ABRIGO.<br \/>\n16. CONSTRU\u00c7\u00c3O DE BANHEIROS PARA OS EMPREGADOS.<br \/>\n17. PAGAMENTO DE PROCESSO TRABALHISTA DA SRA. LINDINALVA-VALOR R$ 45.000,00.<br \/>\n18. RETOMADA DO FORNECIMENTO \u00c0 NOITE DO LEITE DOS IDOSOS.<br \/>\n19. IMPLANTA\u00c7\u00c3O DO ORGANOGRAMA DO ABRIGO.<br \/>\n20. PRESTA\u00c7\u00c3O ANUAL DE CONTAS AO FISCO E AO ASSOCIADO.<br \/>\n21. INSTALA\u00c7\u00c3O DE BEBEDOUROS NO ABRIGO.<br \/>\n22. SEGUINDO DETERMINA\u00c7\u00c3O DA VIGIL\u00c2NCIA SANITARIA: INSTALA\u00c7\u00c3O DE TOALHEIRAS DE PAPEL E SABONETEIRAS L\u00cdQUIDAS NOS LAVATORIOS DO ABRIGO.<br \/>\n23. COMEMORA\u00c7\u00c3O DE EVENTOS: CARNAVAL, P\u00c1SCOA, NATAL, DIA DAS M\u00c3ES, S\u00c3O JO\u00c3O, DIA DOS PAIS, SEMANA DO IDOSO, PASSEIOS, TODOS COM A PRESEN\u00c7A MACI\u00c7A DOS IDOSOS E DA COMUNIDADE.<br \/>\n24. CONV\u00caNIO COM O GOVERNO DO ESTADO-IMPLANTA\u00c7\u00c3O DO PROGRAMA TOPA (TODOS PELA ALFABETIZA\u00c7\u00c3O).<br \/>\n25. IMPLANTA\u00c7\u00c3O DO SITE DO ABRIGO (www.abrigosaovicenteilheus.com.br).<br \/>\n26. CONSERTO DO TELHADO DA CASA DE RETIRO E DA CASA DAS IRM\u00c3S.<br \/>\n27. CONV\u00caNIO COM A PREFEITURA PARA A IMPLANTA\u00c7\u00c3O DE PR\u00d3TESES DENT\u00c1RIAS NOS IDOSOS.<br \/>\n28. ATENDIMENTO PRIORIT\u00c1RIO PELO SUS AOS IDOSOS NA REDE HOSPITALAR DE ILH\u00c9US.<br \/>\n<\/strong><\/p>\n<p>Devemos, tamb\u00e9m, ressaltar o trabalho prof\u00edcuo desenvolvido pelos corpos de funcion\u00e1rios e volunt\u00e1rios deste abrigo. O corpo funcional pelo alto senso de profissionalismo e dedica\u00e7\u00e3o. Os volunt\u00e1rios pelo desprendimento, solidariedade e amor \u00e0 causa maior: <strong>\u201cO BEM ESTAR DOS IDOSOS.\u201d<\/strong> N\u00e3o citamos nomes porque podemos, por um lapso de mem\u00f3ria, omitir injustamente alguns que tiveram participa\u00e7\u00e3o preponderante.<\/p>\n<p>\u00c9 bom frisar que a Diretoria que, ora, se despede cumpriu rigorosamente o estabelecido nos c\u00e2nones legais para a consecu\u00e7\u00e3o de uma gest\u00e3o eficiente, eficaz e exitosa. Dentre aqueles, o estabelecido no Estatuto da Sociedade S\u00e3o Vicente de Paulo de Ilh\u00e9us, em vig\u00eancia.<\/p>\n<p>Alicer\u00e7amos a nossa gest\u00e3o ancorada em tr\u00eas pilares: Dedica\u00e7\u00e3o, Controle e Transpar\u00eancia.<\/p>\n<p>Entendemos que uma entidade da estirpe do Abrigo S\u00e3o Vicente deva ser conduzida com amor e imensur\u00e1vel dose de <strong>DEDICA\u00c7\u00c3O<\/strong> e trabalho, a fim de que ao Idoso n\u00e3o falte: carinho, assist\u00eancia, cuidados especiais, etc&#8230;<\/p>\n<p><strong>O CONTROLE<\/strong> fez-se necess\u00e1rio para que pud\u00e9ssemos compatibilizar a Receita. Recursos limitados com as demandas que s\u00e3o crescentes e, portanto, cuidados especiais para que n\u00e3o f\u00f4ssemos surpreendidos por fatos e feitos respons\u00e1veis pelo aniquilamento de institui\u00e7\u00f5es criadas para o mesmo fim e, que, por desviarem-se deste, acabaram sepultadas, deixando lacunas imensas no campo do atendimento aos mais carentes.<\/p>\n<p>Embora obrigat\u00f3ria a <strong>TRANSPAR\u00caNCIA<\/strong>, dificilmente \u00e9 praticada em respeito \u00e0 coisa p\u00fablica. Sendo o Abrigo S\u00e3o Vicente de Paulo de Ilh\u00e9us uma institui\u00e7\u00e3o de Direito P\u00fablico Privado \u00e9 <strong>DEVER<\/strong> legal e <strong>OBRIGA\u00c7\u00c3O<\/strong> moral tornar p\u00fablico as receitas hauridas e as despesas saldadas. Atrav\u00e9s da Imprensa Escrita (Di\u00e1rio de Ilh\u00e9us) e da <strong>INTERNET <\/strong>(vide site: www.abrigosaovicenteilheus.com.br) demos conhecimento p\u00fablico dos balan\u00e7os cont\u00e1beis dos anos: 2008 e 2009. E dentro do prazo imposto por lei (90 dias ap\u00f3s o encerramento do exerc\u00edcio cont\u00e1bil) publicaremos o Balan\u00e7o\/2010.<\/p>\n<p>Agradecemos, mais uma vez, a <strong>DEUS <\/strong>pela oportunidade que nos foi concedida em poder servir aos Irm\u00e3os idosos carentes e, a todos que colaboraram para a constru\u00e7\u00e3o desta <strong>DIVINA OBRA.<\/strong><\/p>\n<p>Agradecemos a todos que nos ajudaram e a todos os companheiros componentes da Diretoria que, ora, finda sua gest\u00e3o.<\/p>\n<p><strong><em>\u201c FIZEMOS O QUE PUDEMOS, FA\u00c7AM MELHOR OS QUE PUDEREM.\u201d<\/em><\/strong><\/p>\n<p><strong>DIRETORIA EXECUTIVA 2008\/2010<\/strong><\/p>\n<p><strong>Dir. Presidente \u2013 Luiz Roberto A. Rodrigues Maia.<br \/>\nDir. 1\u00ba Secretario \u2013 Ivanilton Silva Lima.<br \/>\nDir. 2\u00ba Secretario \u2013 Jayro J. C. Seixas Filho.<br \/>\nDir. 1\u00ba Tesoureiro \u2013 Jaime Alves dos Santos.<br \/>\nDir. 2\u00aa Tesoureira- Arcilia Gandra M. Ottoni.<br \/>\nDir. 1\u00ba Patrim\u00f4nio \u2013 Jos\u00e9 Nilton Oliveira Rosa.<br \/>\nDir. 2\u00ba Patrim\u00f4nio \u2013 Jo\u00e3o Roberto Aboud Tavares.<br \/>\nDir. 1\u00ba Qualidade de Vida \u2013 Luiz Carlos de Oliveira.<\/strong><\/p>\n","protected":false},"excerpt":{"rendered":"<p>Carta Despedida Abrigo 2010 Aos: Associados, Volunt\u00e1rios, Funcion\u00e1rios e Amigos do Abrigo S\u00e3o Vicente de Paulo de Ilh\u00e9us. O Abrigo S\u00e3o Vicente de Paulo de Ilh\u00e9us foi concebido pela inspira\u00e7\u00e3o de DEUS aos homens e mulheres de Boa Vontade que atrav\u00e9s do trabalho desprendido, incessante e incans\u00e1vel dedicaram-se, devotadamente, ao BEM ESTAR dos idosos carentes [&hellip;]<\/p>\n","protected":false},"author":2,"featured_media":0,"comment_status":"open","ping_status":"open","sticky":false,"template":"","format":"standard","meta":{"_links_to":"","_links_to_target":""},"categories":[28],"tags":[],"_links":{"self":[{"href":"https:\/\/www.r2cpress.com.br\/v1\/wp-json\/wp\/v2\/posts\/5624"}],"collection":[{"href":"https:\/\/www.r2cpress.com.br\/v1\/wp-json\/wp\/v2\/posts"}],"about":[{"href":"https:\/\/www.r2cpress.com.br\/v1\/wp-json\/wp\/v2\/types\/post"}],"author":[{"embeddable":true,"href":"https:\/\/www.r2cpress.com.br\/v1\/wp-json\/wp\/v2\/users\/2"}],"replies":[{"embeddable":true,"href":"https:\/\/www.r2cpress.com.br\/v1\/wp-json\/wp\/v2\/comments?post=5624"}],"version-history":[{"count":3,"href":"https:\/\/www.r2cpress.com.br\/v1\/wp-json\/wp\/v2\/posts\/5624\/revisions"}],"predecessor-version":[{"id":5627,"href":"https:\/\/www.r2cpress.com.br\/v1\/wp-json\/wp\/v2\/posts\/5624\/revisions\/5627"}],"wp:attachment":[{"href":"https:\/\/www.r2cpress.com.br\/v1\/wp-json\/wp\/v2\/media?parent=5624"}],"wp:term":[{"taxonomy":"category","embeddable":true,"href":"https:\/\/www.r2cpress.com.br\/v1\/wp-json\/wp\/v2\/categories?post=5624"},{"taxonomy":"post_tag","embeddable":true,"href":"https:\/\/www.r2cpress.com.br\/v1\/wp-json\/wp\/v2\/tags?post=5624"}],"curies":[{"name":"wp","href":"https:\/\/api.w.org\/{rel}","templated":true}]}}