{"id":56321,"date":"2012-12-31T12:36:55","date_gmt":"2012-12-31T15:36:55","guid":{"rendered":"http:\/\/www.r2cpress.com.br\/v1\/?p=56321"},"modified":"2012-12-31T12:36:55","modified_gmt":"2012-12-31T15:36:55","slug":"chega-a-camara-projeto-que-reajusta-salarios-de-sete-carreiras-do-executivo","status":"publish","type":"post","link":"https:\/\/www.r2cpress.com.br\/v1\/2012\/12\/31\/chega-a-camara-projeto-que-reajusta-salarios-de-sete-carreiras-do-executivo\/","title":{"rendered":"Chega \u00e0 C\u00e2mara projeto que reajusta sal\u00e1rios de sete carreiras do Executivo"},"content":{"rendered":"<p>Editado no \u00faltimo dia 19, o Projeto de Lei 4904\/12, do Executivo, que estende o reajuste de 15,8% a sete carreiras federais, j\u00e1 est\u00e1 em an\u00e1lise na C\u00e2mara. O PL beneficia tamb\u00e9m bombeiros e policiais civis e militares dos antigos territ\u00f3rios federais, assim como pensionistas da pol\u00edcia e da carreira de bombeiros militares do antigo Distrito Federal. O reajuste ser\u00e1 parcelado ao longo dos pr\u00f3ximos tr\u00eas anos.<\/p>\n<p>Os cargos e carreiras abrangidos pelo projeto s\u00e3o:<br \/>\n&#8211; auditores fiscais da Receita Federal do Brasil;<br \/>\n&#8211; auditores fiscais do Trabalho;<br \/>\n&#8211; analistas tribut\u00e1rios da Receita Federal;<br \/>\n&#8211; analistas e t\u00e9cnicos do Banco Central;<br \/>\n&#8211; analistas e especialistas em Infraestrutura;<br \/>\n&#8211; analistas e agentes executivos da Superintend\u00eancia de Seguros Privados (Susep) e da Comiss\u00e3o de Valores Mobili\u00e1rios (CVM); e<br \/>\n&#8211; carreiras e cargos de Reforma e Desenvolvimento Agr\u00e1rio.<\/p>\n<p><strong>Acordos<\/strong><br \/>\nDe acordo com o Minist\u00e9rio do Planejamento, 80.822 mil servidores, que decidiram aceitar a proposta de corre\u00e7\u00e3o salarial do governo, ser\u00e3o contemplados pela proposta. Para possibilitar os novos reajustes, a ministra do Planejamento, Miriam Belchior, enviou ao Congresso corre\u00e7\u00e3o no Anexo V do Or\u00e7amento. O minist\u00e9rio explica que, no final de agosto, quando o projeto de lei or\u00e7ament\u00e1ria para 2013 foi encaminhado ao Legislativo, o n\u00famero de servidores que receberiam reajustes era de 1 milh\u00e3o e 693 mil, o que representava 93,1% do total. Agora, segundo o Planejamento, o \u00edndice chega a 97,5%.<\/p>\n<p>Tramita\u00e7\u00e3o<br \/>\nO projeto ainda n\u00e3o foi distribu\u00eddo \u00e0s comiss\u00f5es da C\u00e2mara.<\/p>\n<p>\u00cdntegra da proposta:<\/p>\n<p><a href=\"http:\/\/www2.camara.leg.br\/camaranoticias\/noticias\/TRABALHO-E-PREVIDENCIA\/433679-CHEGA-A-CAMARA-PROJETO-QUE-REAJUSTA-SALARIOS-DE-SETE-CARREIRAS-DO-EXECUTIVO.html\" title=\"PL-4904\/2012\">PL-4904\/2012<\/a><\/p>\n","protected":false},"excerpt":{"rendered":"<p>Editado no \u00faltimo dia 19, o Projeto de Lei 4904\/12, do Executivo, que estende o reajuste de 15,8% a sete carreiras federais, j\u00e1 est\u00e1 em an\u00e1lise na C\u00e2mara. O PL beneficia tamb\u00e9m bombeiros e policiais civis e militares dos antigos territ\u00f3rios federais, assim como pensionistas da pol\u00edcia e da carreira de bombeiros militares do antigo [&hellip;]<\/p>\n","protected":false},"author":2,"featured_media":0,"comment_status":"open","ping_status":"open","sticky":false,"template":"","format":"standard","meta":{"_links_to":"","_links_to_target":""},"categories":[18],"tags":[],"_links":{"self":[{"href":"https:\/\/www.r2cpress.com.br\/v1\/wp-json\/wp\/v2\/posts\/56321"}],"collection":[{"href":"https:\/\/www.r2cpress.com.br\/v1\/wp-json\/wp\/v2\/posts"}],"about":[{"href":"https:\/\/www.r2cpress.com.br\/v1\/wp-json\/wp\/v2\/types\/post"}],"author":[{"embeddable":true,"href":"https:\/\/www.r2cpress.com.br\/v1\/wp-json\/wp\/v2\/users\/2"}],"replies":[{"embeddable":true,"href":"https:\/\/www.r2cpress.com.br\/v1\/wp-json\/wp\/v2\/comments?post=56321"}],"version-history":[{"count":3,"href":"https:\/\/www.r2cpress.com.br\/v1\/wp-json\/wp\/v2\/posts\/56321\/revisions"}],"predecessor-version":[{"id":56324,"href":"https:\/\/www.r2cpress.com.br\/v1\/wp-json\/wp\/v2\/posts\/56321\/revisions\/56324"}],"wp:attachment":[{"href":"https:\/\/www.r2cpress.com.br\/v1\/wp-json\/wp\/v2\/media?parent=56321"}],"wp:term":[{"taxonomy":"category","embeddable":true,"href":"https:\/\/www.r2cpress.com.br\/v1\/wp-json\/wp\/v2\/categories?post=56321"},{"taxonomy":"post_tag","embeddable":true,"href":"https:\/\/www.r2cpress.com.br\/v1\/wp-json\/wp\/v2\/tags?post=56321"}],"curies":[{"name":"wp","href":"https:\/\/api.w.org\/{rel}","templated":true}]}}