{"id":56328,"date":"2012-12-31T13:03:59","date_gmt":"2012-12-31T16:03:59","guid":{"rendered":"http:\/\/www.r2cpress.com.br\/v1\/?p=56328"},"modified":"2012-12-31T13:03:59","modified_gmt":"2012-12-31T16:03:59","slug":"psicomundo-paz-pela-compreensao-18a-parte","status":"publish","type":"post","link":"https:\/\/www.r2cpress.com.br\/v1\/2012\/12\/31\/psicomundo-paz-pela-compreensao-18a-parte\/","title":{"rendered":"PSICOMUNDO \u2013 PAZ PELA COMPREENS\u00c3O (18\u00aa PARTE)"},"content":{"rendered":"<p><img loading=\"lazy\" src=\"http:\/\/www.r2cpress.com.br\/v1\/wp-content\/uploads\/Eduardo-Afonso-_-Livro_.jpg\" width=\"291\" height=\"284\" class=\"alignright\" \/>Quantas vezes quando era crian\u00e7a ouvia meus pais e outras pessoas mais experientes dizerem que \u201cDeus d\u00e1 o frio conforme o cobertor\u201d! E esse o frio, uma cria\u00e7\u00e3o de Deus para a natureza, poxa, como est\u00e1 maltratando, castigando e fazendo muitas pessoas pelo nosso mundo sofrer copiosamente e as nossas autoridades que deveriam proteg\u00ea-las, sempre as deixando morrer al\u00e9m de frio, tamb\u00e9m de fome!<\/p>\n<p>Passando pelas marquises dos pr\u00e9dios das grandes cidades do nosso Pa\u00eds l\u00e1 est\u00e3o in\u00fameras pessoas carentes cobertas de panos velhos, papel\u00f5es, e o que d\u00f3i muito \u00e9 verificar que esses irm\u00e3os viventes dessas moradias, s\u00e3o considerados apenas sem teto, sem agasalhos, sem comidas, e perderam o seu sentido de exist\u00eancia como gente que s\u00e3o! Est\u00e3o falecendo aos pouco nas suas angustias e pelas fa\u00e7anhas da vida! O que poderiam fazer para sa\u00edrem desse rec\u00f4ndito mar de infort\u00fanio a fim de sentirem um pouco a felicidade do acolhimento pelo inebriante e acolhedor calor da sociedade, esperando de muita gente que por ali passam para ajud\u00e1-los a repelir o frio t\u00e3o causticante que lhe foi dado para sua t\u00e3o tacanha sobreviv\u00eancia!<\/p>\n<p>O frio, o mal e a escurid\u00e3o existem, e est\u00e3o matando e denegrindo muitos sentimentos de amor e paz! Deixando todos os desfavorecidos da sorte que nada alcan\u00e7aram para sua sobreviv\u00eancia vivendo em estrado de p\u00e2nicos<i>?<\/i> O mal \u00e9 a aus\u00eancia de Deus em nossos cora\u00e7\u00f5es. \u00c9 como acontece com o frio quando n\u00e3o h\u00e1 calor, ou a escurid\u00e3o quando n\u00e3o h\u00e1 luz. Fechar o olho para pr\u00f3ximo? Todo mundo fala, todo mundo v\u00ea tantos desencontros e sofrimentos alheios, e olhando os moradores de ruas do jeito que est\u00e3o n\u00e3o d\u00e1 para ficar! Passando fome, sem roupas descentes, dormindo debaixo das marquises das resid\u00eancias e casas comerciais, doentes e desnutridos! Isso n\u00e3o \u00e9 qualidade de vida para um ser humano!<\/p>\n<p>Relatar essas fa\u00e7anhas que a vida proporciona de forma tr\u00e1gica a seres humanos, quem n\u00e3o sente um mal-estar sentindo muita tristeza com as coisas que acontecem com essas humildes criaturas. Nos causa impot\u00eancia diante de n\u00e3o poder fazer nada! Afinal s\u00e3o tantos desalentos e al\u00e9m do mais, o nosso mundo que abriga essas consequ\u00eancias \u00e9 imenso. E as autoridades que administram o nosso Pa\u00eds ser\u00e1 que possuem a sensata vontade e buscam os meios para erradicar ou mesmo reduzir as inconsequentes mazelas que fazem muitos brasileiros se tornarem indigentes, sedentos e condenados pela mis\u00e9ria?<\/p>\n<p><!--more--><\/p>\n<p>A solid\u00e3o, autoestima baixa, ansiedade, medo, desconfian\u00e7a, falta de sentido para a pr\u00f3pria vida, compensa\u00e7\u00f5es nocivas ao desprazer s\u00e3o desafios muito frequentes que se somam \u00e0 percep\u00e7\u00e3o de que a vida, assim como o tempo, escorre pelos dedos. Bastante bem vinda \u00e0s atua\u00e7\u00f5es populares sobre a campanha do agasalho! Tudo isso \u00e9 a presen\u00e7a do desconforto do frio aniquilando pessoas consideradas pobres. Voc\u00ea, que est\u00e1 sentado agora comodamente em sua casa, crie consci\u00eancia, a culpa disso tudo \u00e9 de todos n\u00f3s. Governo que vive apresentando propagandas para a popula\u00e7\u00e3o, a \u201celite\u201d, a \u201cclasse m\u00e9dia\u201d, e os \u201cpobres\u201d, n\u00e3o adianta nada querer colocar a culpa em uma institui\u00e7\u00e3o hier\u00e1rquica, de nada vai adiantar descobrir o culpado, temos \u00e9 que achar a solu\u00e7\u00e3o. Vivemos em uma sociedade de consumo e \u00e9 ineg\u00e1vel que nossas motiva\u00e7\u00f5es se dirigem aos valores predominantemente materiais.<\/p>\n<p>Assim caminha a humanidade e seus processos de evolu\u00e7\u00f5es, mas, algumas pessoas est\u00e3o foram dessas an\u00e1lises. Nasce assim um homem inseguro num quadro pertinente de revoltas entre muita gente que n\u00e3o aguenta mais o sofrimento e a discrimina\u00e7\u00e3o!\u00a0 Pensando bem, existem homens soltos nas pris\u00f5es e criminosos soltos pelo mundo, pelas ruas e por todo nosso Pa\u00eds. \u00c9 uma quest\u00e3o de reflex\u00e3o e basta ter a coragem de buscar a consci\u00eancia e o sentido que est\u00e3o levando \u00e0s pessoas a cometerem tantos descasos por motivos insensatos e criminosos. \u00c9 s\u00f3 verificar quantos est\u00e3o arrebatando o dinheiro do er\u00e1rio p\u00fablico, das obras que deveriam ser constru\u00eddas para o bem-estar de todos n\u00f3s, e principalmente, esses pobres homens que vivem a circular sem saber para onde v\u00e3o e quem s\u00e3o!<\/p>\n<p>Nunca devemos deixar de trabalhar no resgate da f\u00e9 na vida. \u00c9 muito comum quando um indiv\u00edduo est\u00e1 sobrecarregado, desgastado, estressado, esquecer a esperan\u00e7a, o sentimento de confian\u00e7a em perspectivas positivas. A esperan\u00e7a pode ser trazida do mais \u00edntimo do seu ser, e aquilo que parece que n\u00e3o ter\u00e1 fim, se mostra tempor\u00e1rio. S\u00e3o leg\u00edtimos os meios para se tocar os cora\u00e7\u00f5es dos humanos. E lembre-se que a f\u00e9 \u00e9 comprovadamente curativa, e ela remove montanhas! Desse modo, o autoconhecimento dirigido sob a perspectiva que proporciona o resgate da sua autonomia, do prazer de viver, da seguran\u00e7a e da estabilidade emocional, levando-se em conta as potencialidades inerentes a cada pessoa. Inserido nesse contexto, o ser humano v\u00ea a si mesmo, v\u00ea o outro, v\u00ea a sociedade, e n\u00e3o encontra mais seguran\u00e7a que d\u00ea sentido para a sua exist\u00eancia.<\/p>\n<p>Resumindo, entendemos que, al\u00e9m disso, o ser humano hoje \u00e9 compreendido em partes, de modo fragmentado. O autoconhecimento \u00e9 ferramenta poderos\u00edssima e muito realizadora, por meio da qual o ser humano pode reconhecer as mais profundas aptid\u00f5es e verdadeiras necessidades para a sua exist\u00eancia. Ent\u00e3o nada melhor do que as pessoas se manterem em estado de paci\u00eancia, ficarem atentas quantos as dire\u00e7\u00f5es \u00e0s quais desejam seguir e quais suas reais vontades de se fazer feliz. Somar essas a\u00e7\u00f5es para multiplacar dividindo-as com as outras pessoas que est\u00e3o ao seu lado merecendo a oportunidade desse memor\u00e1vel advento que poder\u00e1 beneficiar a todos.<\/p>\n<p>Eduardo Afonso \u2013 73 8844-9147 \u2013 Ilh\u00e9us &#8211; Bahia<\/p>\n<p>Para ler a 17\u00aa PARTE clique <a href = \"http:\/\/www.r2cpress.com.br\/v1\/2012\/12\/25\/psicomundo-paz-pela-compreensao-17a-parte\/\" target = \"_news\"><b>AQUI.<\/b><\/a><\/p>\n","protected":false},"excerpt":{"rendered":"<p>Quantas vezes quando era crian\u00e7a ouvia meus pais e outras pessoas mais experientes dizerem que \u201cDeus d\u00e1 o frio conforme o cobertor\u201d! E esse o frio, uma cria\u00e7\u00e3o de Deus para a natureza, poxa, como est\u00e1 maltratando, castigando e fazendo muitas pessoas pelo nosso mundo sofrer copiosamente e as nossas autoridades que deveriam proteg\u00ea-las, sempre [&hellip;]<\/p>\n","protected":false},"author":2,"featured_media":0,"comment_status":"open","ping_status":"open","sticky":false,"template":"","format":"standard","meta":{"_links_to":"","_links_to_target":""},"categories":[10],"tags":[],"_links":{"self":[{"href":"https:\/\/www.r2cpress.com.br\/v1\/wp-json\/wp\/v2\/posts\/56328"}],"collection":[{"href":"https:\/\/www.r2cpress.com.br\/v1\/wp-json\/wp\/v2\/posts"}],"about":[{"href":"https:\/\/www.r2cpress.com.br\/v1\/wp-json\/wp\/v2\/types\/post"}],"author":[{"embeddable":true,"href":"https:\/\/www.r2cpress.com.br\/v1\/wp-json\/wp\/v2\/users\/2"}],"replies":[{"embeddable":true,"href":"https:\/\/www.r2cpress.com.br\/v1\/wp-json\/wp\/v2\/comments?post=56328"}],"version-history":[{"count":2,"href":"https:\/\/www.r2cpress.com.br\/v1\/wp-json\/wp\/v2\/posts\/56328\/revisions"}],"predecessor-version":[{"id":56330,"href":"https:\/\/www.r2cpress.com.br\/v1\/wp-json\/wp\/v2\/posts\/56328\/revisions\/56330"}],"wp:attachment":[{"href":"https:\/\/www.r2cpress.com.br\/v1\/wp-json\/wp\/v2\/media?parent=56328"}],"wp:term":[{"taxonomy":"category","embeddable":true,"href":"https:\/\/www.r2cpress.com.br\/v1\/wp-json\/wp\/v2\/categories?post=56328"},{"taxonomy":"post_tag","embeddable":true,"href":"https:\/\/www.r2cpress.com.br\/v1\/wp-json\/wp\/v2\/tags?post=56328"}],"curies":[{"name":"wp","href":"https:\/\/api.w.org\/{rel}","templated":true}]}}