{"id":56494,"date":"2013-01-04T20:00:26","date_gmt":"2013-01-04T23:00:26","guid":{"rendered":"http:\/\/www.r2cpress.com.br\/v1\/?p=56494"},"modified":"2013-01-04T20:04:20","modified_gmt":"2013-01-04T23:04:20","slug":"do-fundo-do-bau-de-jose-leite-95","status":"publish","type":"post","link":"https:\/\/www.r2cpress.com.br\/v1\/2013\/01\/04\/do-fundo-do-bau-de-jose-leite-95\/","title":{"rendered":"DO FUNDO DO BA\u00da DE JOS\u00c9 LEITE"},"content":{"rendered":"<p><center><img alt=\"\" src=\"http:\/\/www.r2cpress.com.br\/v1\/wp-content\/uploads\/tampa-do-ba%C3%BA-com-camisa.jpg\" \/><\/p>\n<p style=\"text-align: center\"><strong>1) VIVENDO UM CLIMA DE ANO NOVO.<br \/>\n2) A DIFEREN\u00c7A EST\u00c1 NO KILO OU NO SABOR?<br \/>\n3) AS FOTOS DESTAQUES DA SEMANA <\/strong><\/p>\n<p><\/center><\/p>\n<p><!--more--><\/p>\n<p>***<\/p>\n<p><center><strong>VIVENDO UM CLIMA DE ANO NOVO<\/strong><\/center><\/p>\n<p>Desejamos mais uma vez um ano novo de Prosperidade a todos os meus amigos que n\u00e3o s\u00e3o poucos, tamb\u00e9m n\u00e3o podemos citar os nomes de todos, mas todos est\u00e3o no meu cora\u00e7\u00e3o.<br \/>\nEscolhemos alguns deles(as) com fotos, mas com certeza outras fotos vir\u00e3o.<\/p>\n<div id=\"attachment_56521\" style=\"width: 310px\" class=\"wp-caption aligncenter\"><a href=\"http:\/\/www.r2cpress.com.br\/v1\/wp-content\/uploads\/2_2.jpg\"><img aria-describedby=\"caption-attachment-56521\" loading=\"lazy\" class=\"size-medium wp-image-56521\" alt=\"Um ano novo de FELICIDADES para o amigo e conterr\u00e2neo de JUAZEIRO DO NORTE que reside e tem cl\u00ednica em SALVADOR, Dr. IDERVAL REGINALDO TEN\u00d3RIO, o maior divulgador de JUAZEIRO DO NORTE e da Regi\u00e3o do CARIRI no BRASIL. Acesse o blog que tem o seu nome e veja quanta coisa boa.  Amigo, Dr. IDERVAL, agrade\u00e7o a DEUS por ter lhe conhecido.  \" src=\"http:\/\/www.r2cpress.com.br\/v1\/wp-content\/uploads\/2_2-300x200.jpg\" width=\"300\" height=\"200\" srcset=\"https:\/\/www.r2cpress.com.br\/v1\/wp-content\/uploads\/2_2-300x200.jpg 300w, https:\/\/www.r2cpress.com.br\/v1\/wp-content\/uploads\/2_2.jpg 680w\" sizes=\"(max-width: 300px) 100vw, 300px\" \/><\/a><p id=\"caption-attachment-56521\" class=\"wp-caption-text\">Um ano novo de FELICIDADES para o amigo e conterr\u00e2neo de JUAZEIRO DO NORTE que reside e tem cl\u00ednica em SALVADOR, Dr. IDERVAL REGINALDO TEN\u00d3RIO, o maior divulgador de JUAZEIRO DO NORTE e da Regi\u00e3o do CARIRI no BRASIL. Acesse o blog que tem o seu nome e veja quanta coisa boa.<br \/>Amigo, Dr. IDERVAL, agrade\u00e7o a DEUS por ter lhe conhecido.<\/p><\/div>\n<div id=\"attachment_56498\" style=\"width: 310px\" class=\"wp-caption aligncenter\"><a href=\"http:\/\/www.r2cpress.com.br\/v1\/wp-content\/uploads\/392.jpg\"><img aria-describedby=\"caption-attachment-56498\" loading=\"lazy\" class=\"size-medium wp-image-56498\" alt=\"Outra pessoa que gosto muito \u00e9 o amigo Dr. GERALDO MENEZES BARBOSA, uma vida dedicada ao engrandecimento de JUAZEIRO DO NORTE. Um ano novo de felicidades amigo! \" src=\"http:\/\/www.r2cpress.com.br\/v1\/wp-content\/uploads\/392-300x194.jpg\" width=\"300\" height=\"194\" srcset=\"https:\/\/www.r2cpress.com.br\/v1\/wp-content\/uploads\/392-300x194.jpg 300w, https:\/\/www.r2cpress.com.br\/v1\/wp-content\/uploads\/392.jpg 881w\" sizes=\"(max-width: 300px) 100vw, 300px\" \/><\/a><p id=\"caption-attachment-56498\" class=\"wp-caption-text\">Outra pessoa que gosto muito \u00e9 o amigo Dr. GERALDO MENEZES BARBOSA, uma vida dedicada ao engrandecimento de JUAZEIRO DO NORTE.<br \/>Um ano novo de felicidades amigo!<\/p><\/div>\n<div id=\"attachment_56499\" style=\"width: 310px\" class=\"wp-caption aligncenter\"><a href=\"http:\/\/www.r2cpress.com.br\/v1\/wp-content\/uploads\/491.jpg\"><img aria-describedby=\"caption-attachment-56499\" loading=\"lazy\" class=\"size-medium wp-image-56499\" alt=\"Outro GERALDO que est\u00e1 no meu cora\u00e7\u00e3o e tem o respeito da Regi\u00e3o do VALE DO S\u00c3O FRANCISCO \u00e9 o amigo Coronel GERALDO DIAS de JUAZEIRO DA BAHIA. Desejo-lhe muitos anos de vida amigo!\" src=\"http:\/\/www.r2cpress.com.br\/v1\/wp-content\/uploads\/491-300x200.jpg\" width=\"300\" height=\"200\" srcset=\"https:\/\/www.r2cpress.com.br\/v1\/wp-content\/uploads\/491-300x200.jpg 300w, https:\/\/www.r2cpress.com.br\/v1\/wp-content\/uploads\/491.jpg 872w\" sizes=\"(max-width: 300px) 100vw, 300px\" \/><\/a><p id=\"caption-attachment-56499\" class=\"wp-caption-text\">Outro GERALDO que est\u00e1 no meu cora\u00e7\u00e3o e tem o respeito da Regi\u00e3o do VALE DO S\u00c3O FRANCISCO \u00e9 o amigo Coronel GERALDO DIAS de JUAZEIRO DA BAHIA. Desejo-lhe muitos anos de vida amigo!<\/p><\/div>\n<div id=\"attachment_56500\" style=\"width: 310px\" class=\"wp-caption aligncenter\"><a href=\"http:\/\/www.r2cpress.com.br\/v1\/wp-content\/uploads\/591.jpg\"><img aria-describedby=\"caption-attachment-56500\" loading=\"lazy\" class=\"size-medium wp-image-56500\" alt=\"Meu amigo DO DIA A DIA no com\u00e9rcio, ALBERTO ALBAGLI. Um bom ano de 2013 para voc\u00ea amigo!\" src=\"http:\/\/www.r2cpress.com.br\/v1\/wp-content\/uploads\/591-300x199.jpg\" width=\"300\" height=\"199\" srcset=\"https:\/\/www.r2cpress.com.br\/v1\/wp-content\/uploads\/591-300x199.jpg 300w, https:\/\/www.r2cpress.com.br\/v1\/wp-content\/uploads\/591-1024x682.jpg 1024w, https:\/\/www.r2cpress.com.br\/v1\/wp-content\/uploads\/591.jpg 1249w\" sizes=\"(max-width: 300px) 100vw, 300px\" \/><\/a><p id=\"caption-attachment-56500\" class=\"wp-caption-text\">Meu amigo DO DIA A DIA no com\u00e9rcio, ALBERTO ALBAGLI. Um bom ano de 2013 para voc\u00ea amigo!<\/p><\/div>\n<div id=\"attachment_56501\" style=\"width: 310px\" class=\"wp-caption aligncenter\"><a href=\"http:\/\/www.r2cpress.com.br\/v1\/wp-content\/uploads\/689.jpg\"><img aria-describedby=\"caption-attachment-56501\" loading=\"lazy\" class=\"size-medium wp-image-56501\" alt=\"Outros dois amigos de f\u00e9 que desejo um feliz ano novo s\u00e3o ROQUE FRAGA e POPOF que aparece no foto com dois amigos em JUAZEIRO DO NORTE.\" src=\"http:\/\/www.r2cpress.com.br\/v1\/wp-content\/uploads\/689-300x196.jpg\" width=\"300\" height=\"196\" srcset=\"https:\/\/www.r2cpress.com.br\/v1\/wp-content\/uploads\/689-300x196.jpg 300w, https:\/\/www.r2cpress.com.br\/v1\/wp-content\/uploads\/689.jpg 884w\" sizes=\"(max-width: 300px) 100vw, 300px\" \/><\/a><p id=\"caption-attachment-56501\" class=\"wp-caption-text\">Outros dois amigos de f\u00e9 que desejo um feliz ano novo s\u00e3o ROQUE FRAGA e POPOF que aparece no foto com dois amigos em JUAZEIRO DO NORTE.<\/p><\/div>\n<div id=\"attachment_56502\" style=\"width: 310px\" class=\"wp-caption aligncenter\"><a href=\"http:\/\/www.r2cpress.com.br\/v1\/wp-content\/uploads\/789.jpg\"><img aria-describedby=\"caption-attachment-56502\" loading=\"lazy\" class=\"size-medium wp-image-56502\" alt=\"Mais dois amigos que n\u00e3o esque\u00e7o s\u00e3o o Cearense Dr. JOS\u00c9 C\u00c2NDIDO DE CARVALHO e o Baiano seu filho Dr. C\u00c9SAR CARVALHO. Muita sa\u00fade neste ano de 2013 amigos!\" src=\"http:\/\/www.r2cpress.com.br\/v1\/wp-content\/uploads\/789-300x210.jpg\" width=\"300\" height=\"210\" srcset=\"https:\/\/www.r2cpress.com.br\/v1\/wp-content\/uploads\/789-300x210.jpg 300w, https:\/\/www.r2cpress.com.br\/v1\/wp-content\/uploads\/789-1024x718.jpg 1024w, https:\/\/www.r2cpress.com.br\/v1\/wp-content\/uploads\/789.jpg 1250w\" sizes=\"(max-width: 300px) 100vw, 300px\" \/><\/a><p id=\"caption-attachment-56502\" class=\"wp-caption-text\">Mais dois amigos que n\u00e3o esque\u00e7o s\u00e3o o Cearense Dr. JOS\u00c9 C\u00c2NDIDO DE CARVALHO e o Baiano seu filho Dr. C\u00c9SAR CARVALHO. Muita sa\u00fade neste ano de 2013 amigos!<\/p><\/div>\n<div id=\"attachment_56503\" style=\"width: 208px\" class=\"wp-caption aligncenter\"><a href=\"http:\/\/www.r2cpress.com.br\/v1\/wp-content\/uploads\/888.jpg\"><img aria-describedby=\"caption-attachment-56503\" loading=\"lazy\" class=\"size-medium wp-image-56503\" alt=\"Que ano de 2013 seja de PAZ E AMOR para o casal JORGE CUNHA (cunhado) e VERA LEITE (minha irm\u00e3).\" src=\"http:\/\/www.r2cpress.com.br\/v1\/wp-content\/uploads\/888-198x300.jpg\" width=\"198\" height=\"300\" srcset=\"https:\/\/www.r2cpress.com.br\/v1\/wp-content\/uploads\/888-198x300.jpg 198w, https:\/\/www.r2cpress.com.br\/v1\/wp-content\/uploads\/888.jpg 581w\" sizes=\"(max-width: 198px) 100vw, 198px\" \/><\/a><p id=\"caption-attachment-56503\" class=\"wp-caption-text\">Que ano de 2013 seja de PAZ E AMOR para o casal JORGE CUNHA (cunhado) e VERA LEITE (minha irm\u00e3).<\/p><\/div>\n<div id=\"attachment_56504\" style=\"width: 310px\" class=\"wp-caption aligncenter\"><a href=\"http:\/\/www.r2cpress.com.br\/v1\/wp-content\/uploads\/989.jpg\"><img aria-describedby=\"caption-attachment-56504\" loading=\"lazy\" class=\"size-medium wp-image-56504\" alt=\"Que o ano de 2013 seja de Felicidades para meu primo-irm\u00e3o FRANCISCO LEITE BEZERRA (FRAN\u00c7A) e minha linda sobrinha POLIANA que aparece com o Paiz\u00e3o no dia do seu casamento.\" src=\"http:\/\/www.r2cpress.com.br\/v1\/wp-content\/uploads\/989-300x201.jpg\" width=\"300\" height=\"201\" srcset=\"https:\/\/www.r2cpress.com.br\/v1\/wp-content\/uploads\/989-300x201.jpg 300w, https:\/\/www.r2cpress.com.br\/v1\/wp-content\/uploads\/989.jpg 880w\" sizes=\"(max-width: 300px) 100vw, 300px\" \/><\/a><p id=\"caption-attachment-56504\" class=\"wp-caption-text\">Que o ano de 2013 seja de Felicidades para meu primo-irm\u00e3o FRANCISCO LEITE BEZERRA (FRAN\u00c7A) e minha linda sobrinha POLIANA que aparece com o Paiz\u00e3o no dia do seu casamento.<\/p><\/div>\n<div id=\"attachment_56496\" style=\"width: 310px\" class=\"wp-caption aligncenter\"><a href=\"http:\/\/www.r2cpress.com.br\/v1\/wp-content\/uploads\/1204.jpg\"><img aria-describedby=\"caption-attachment-56496\" loading=\"lazy\" class=\"size-medium wp-image-56496\" alt=\"Um ano novo de muita sa\u00fade para Dona MARIA OLIVEIRA SOLEDADE, uma pessoa que gosto muito.\" src=\"http:\/\/www.r2cpress.com.br\/v1\/wp-content\/uploads\/1204-300x196.jpg\" width=\"300\" height=\"196\" srcset=\"https:\/\/www.r2cpress.com.br\/v1\/wp-content\/uploads\/1204-300x196.jpg 300w, https:\/\/www.r2cpress.com.br\/v1\/wp-content\/uploads\/1204.jpg 888w\" sizes=\"(max-width: 300px) 100vw, 300px\" \/><\/a><p id=\"caption-attachment-56496\" class=\"wp-caption-text\">Um ano novo de muita sa\u00fade para Dona MARIA OLIVEIRA SOLEDADE, uma pessoa que gosto muito.<\/p><\/div>\n<div id=\"attachment_56505\" style=\"width: 310px\" class=\"wp-caption aligncenter\"><a href=\"http:\/\/www.r2cpress.com.br\/v1\/wp-content\/uploads\/1091.jpg\"><img aria-describedby=\"caption-attachment-56505\" loading=\"lazy\" class=\"size-medium wp-image-56505\" alt=\"Um grande abra\u00e7o e um feliz 2013 para os amigos que aparecem na foto acima clicada a 10 anos atr\u00e1s no CHAPADA DIAMANTINA. Da esquerda para a direita (atr\u00e1s): ANTONIO MARCOS PORTO CARMO (MARC\u00c3O, atual Secret\u00e1rio da Fazenda do Munic\u00edpio de ILH\u00c9US), Dr. EUS\u00cdNIO LAVIGNE, ANTONIO CARLOS \u201cBAHIENSE\u201d, (Na frente) S\u00c9RGIO VELANES, ANTONIO COSTA, GIVALDO SOBRINHO e JOSU\u00c9 MARCELINO.\" src=\"http:\/\/www.r2cpress.com.br\/v1\/wp-content\/uploads\/1091-300x197.jpg\" width=\"300\" height=\"197\" srcset=\"https:\/\/www.r2cpress.com.br\/v1\/wp-content\/uploads\/1091-300x197.jpg 300w, https:\/\/www.r2cpress.com.br\/v1\/wp-content\/uploads\/1091.jpg 883w\" sizes=\"(max-width: 300px) 100vw, 300px\" \/><\/a><p id=\"caption-attachment-56505\" class=\"wp-caption-text\">Um grande abra\u00e7o e um feliz 2013 para os amigos que aparecem na foto acima clicada a 10 anos atr\u00e1s no CHAPADA DIAMANTINA. Da esquerda para a direita (atr\u00e1s): ANTONIO MARCOS PORTO CARMO (MARC\u00c3O, atual Secret\u00e1rio da Fazenda do Munic\u00edpio de ILH\u00c9US), Dr. EUS\u00cdNIO LAVIGNE, ANTONIO CARLOS \u201cBAHIENSE\u201d, (Na frente) S\u00c9RGIO VELANES, ANTONIO COSTA, GIVALDO SOBRINHO e JOSU\u00c9 MARCELINO.<\/p><\/div>\n<p><center><strong>A DIFEREN\u00c7A EST\u00c1 NO QUILO OU NO SABOR?<\/strong><\/center><\/p>\n<div id=\"attachment_56506\" style=\"width: 310px\" class=\"wp-caption aligncenter\"><a href=\"http:\/\/www.r2cpress.com.br\/v1\/wp-content\/uploads\/11104.jpg\"><img aria-describedby=\"caption-attachment-56506\" loading=\"lazy\" class=\"size-medium wp-image-56506\" alt=\"Aconteceu em JUAZEIRO DO NORTE recentemente. Um jovem um pouco faminto entra num restaurante de comida a quilo e faz o prato sem preocupar-se com o peso da balan\u00e7a, resultado, 1,750 kg (um quilo e setecentas e cinq\u00fcenta gramas), valor do quilo: R$ 33,00 (trinta e tr\u00eas reais), valor do prato do jovem R$ 57,75 (cinq\u00fcenta e sete reais e setenta e cinco centavos).\" src=\"http:\/\/www.r2cpress.com.br\/v1\/wp-content\/uploads\/11104-300x204.jpg\" width=\"300\" height=\"204\" srcset=\"https:\/\/www.r2cpress.com.br\/v1\/wp-content\/uploads\/11104-300x204.jpg 300w, https:\/\/www.r2cpress.com.br\/v1\/wp-content\/uploads\/11104.jpg 853w\" sizes=\"(max-width: 300px) 100vw, 300px\" \/><\/a><p id=\"caption-attachment-56506\" class=\"wp-caption-text\">Aconteceu em JUAZEIRO DO NORTE recentemente. Um jovem um pouco faminto entra num restaurante de comida a quilo e faz o prato sem preocupar-se com o peso da balan\u00e7a, resultado, 1,750 kg (um quilo e setecentas e cinq\u00fcenta gramas), valor do quilo: R$ 33,00 (trinta e tr\u00eas reais), valor do prato do jovem R$ 57,75 (cinq\u00fcenta e sete reais e setenta e cinco centavos).<\/p><\/div>\n<div id=\"attachment_56507\" style=\"width: 211px\" class=\"wp-caption aligncenter\"><a href=\"http:\/\/www.r2cpress.com.br\/v1\/wp-content\/uploads\/1290.jpg\"><img aria-describedby=\"caption-attachment-56507\" loading=\"lazy\" class=\"size-medium wp-image-56507\" alt=\"Na mesma \u00e9poca, presenciei num restaurante na Pra\u00e7a PADRE C\u00cdCERO em JUAZEIRO DO NORTE, o cidad\u00e3o da foto acima fazer um prato de comida (menos de 2 quilos n\u00e3o tinha) por apenas R$ 8,00 (oito reais). Agora me responda, a diferen\u00e7a est\u00e1 no peso ou no sabor?\" src=\"http:\/\/www.r2cpress.com.br\/v1\/wp-content\/uploads\/1290-201x300.jpg\" width=\"201\" height=\"300\" srcset=\"https:\/\/www.r2cpress.com.br\/v1\/wp-content\/uploads\/1290-201x300.jpg 201w, https:\/\/www.r2cpress.com.br\/v1\/wp-content\/uploads\/1290.jpg 590w\" sizes=\"(max-width: 201px) 100vw, 201px\" \/><\/a><p id=\"caption-attachment-56507\" class=\"wp-caption-text\">Na mesma \u00e9poca, presenciei num restaurante na Pra\u00e7a PADRE C\u00cdCERO em JUAZEIRO DO NORTE, o cidad\u00e3o da foto acima fazer um prato de comida (menos de 2 quilos n\u00e3o tinha) por apenas R$ 8,00 (oito reais). Agora me responda, a diferen\u00e7a est\u00e1 no peso ou no sabor?<\/p><\/div>\n<p><center><strong>AS FOTOS DESTAQUES DA SEMANA<\/strong><\/center><\/p>\n<div id=\"attachment_56509\" style=\"width: 310px\" class=\"wp-caption aligncenter\"><a href=\"http:\/\/www.r2cpress.com.br\/v1\/wp-content\/uploads\/1381.jpg\"><img aria-describedby=\"caption-attachment-56509\" loading=\"lazy\" class=\"size-medium wp-image-56509\" alt=\"O novo Prefeito de ITABUNA CLAUDEVANE LEITE e o Vice-Prefeito WENCESLAU AUGUSTO J\u00daNIOR em recente visita ao Governador JAQUES WAGNER presenteou-lhe com uma sacola do CHOCOLATE CASEIRO ILH\u00c9US. PARAB\u00c9NS PREFEITO! A partir de agora as duas cidades t\u00eam de caminhar juntas.\" src=\"http:\/\/www.r2cpress.com.br\/v1\/wp-content\/uploads\/1381-300x192.jpg\" width=\"300\" height=\"192\" srcset=\"https:\/\/www.r2cpress.com.br\/v1\/wp-content\/uploads\/1381-300x192.jpg 300w, https:\/\/www.r2cpress.com.br\/v1\/wp-content\/uploads\/1381.jpg 877w\" sizes=\"(max-width: 300px) 100vw, 300px\" \/><\/a><p id=\"caption-attachment-56509\" class=\"wp-caption-text\">O novo Prefeito de ITABUNA CLAUDEVANE LEITE e o Vice-Prefeito WENCESLAU AUGUSTO J\u00daNIOR em recente visita ao Governador JAQUES WAGNER presenteou-lhe com uma sacola do CHOCOLATE CASEIRO ILH\u00c9US. PARAB\u00c9NS PREFEITO! A partir de agora as duas cidades t\u00eam de caminhar juntas.<\/p><\/div>\n<div id=\"attachment_56510\" style=\"width: 202px\" class=\"wp-caption aligncenter\"><a href=\"http:\/\/www.r2cpress.com.br\/v1\/wp-content\/uploads\/1471.jpg\"><img aria-describedby=\"caption-attachment-56510\" loading=\"lazy\" class=\"size-medium wp-image-56510\" alt=\"Lojas que existiam em ILH\u00c9US em 1976, h\u00e1 37 anos atr\u00e1s. O MAGAZINE BOHAN\u00c3O inaugurado naquele ano fechou suas portas na d\u00e9cada de 1990. Hoje, nenhuma das lojas existe mais.\" src=\"http:\/\/www.r2cpress.com.br\/v1\/wp-content\/uploads\/1471-192x300.jpg\" width=\"192\" height=\"300\" srcset=\"https:\/\/www.r2cpress.com.br\/v1\/wp-content\/uploads\/1471-192x300.jpg 192w, https:\/\/www.r2cpress.com.br\/v1\/wp-content\/uploads\/1471-658x1024.jpg 658w, https:\/\/www.r2cpress.com.br\/v1\/wp-content\/uploads\/1471.jpg 890w\" sizes=\"(max-width: 192px) 100vw, 192px\" \/><\/a><p id=\"caption-attachment-56510\" class=\"wp-caption-text\">Lojas que existiam em ILH\u00c9US em 1976, h\u00e1 37 anos atr\u00e1s. O MAGAZINE BOHAN\u00c3O inaugurado naquele ano fechou suas portas na d\u00e9cada de 1990. Hoje, nenhuma das lojas existe mais.<\/p><\/div>\n<p><center><strong>E NO MAIS&#8230;<\/strong><\/center><\/p>\n<div id=\"attachment_56511\" style=\"width: 310px\" class=\"wp-caption aligncenter\"><a href=\"http:\/\/www.r2cpress.com.br\/v1\/wp-content\/uploads\/1541.jpg\"><img aria-describedby=\"caption-attachment-56511\" loading=\"lazy\" class=\"size-medium wp-image-56511\" alt=\"Convido a todos para comemorar o ano novo que se inicia nesse Bar da foto acima localizado na Praia de CAPONGA no Munic\u00edpio de CASCAVEL no CEAR\u00c1. A conta \u00e9 por nossa conta. Foto clicada por meu primo FRAN\u00c7A em 29-12-2012.\" src=\"http:\/\/www.r2cpress.com.br\/v1\/wp-content\/uploads\/1541-300x196.jpg\" width=\"300\" height=\"196\" srcset=\"https:\/\/www.r2cpress.com.br\/v1\/wp-content\/uploads\/1541-300x196.jpg 300w, https:\/\/www.r2cpress.com.br\/v1\/wp-content\/uploads\/1541.jpg 881w\" sizes=\"(max-width: 300px) 100vw, 300px\" \/><\/a><p id=\"caption-attachment-56511\" class=\"wp-caption-text\">Convido a todos para comemorar o ano novo que se inicia nesse Bar da foto acima localizado na Praia de CAPONGA no Munic\u00edpio de CASCAVEL no CEAR\u00c1. A conta \u00e9 por nossa conta. Foto clicada por meu primo FRAN\u00c7A em 29-12-2012.<\/p><\/div>\n<p>&#8212;<br \/>\nTexto e fotos: Jos\u00e9 Leite de Souza<br \/>\njleitesouza@hotmail.com<br \/>\n(73) 3634-3134<\/p>\n","protected":false},"excerpt":{"rendered":"<p>1) VIVENDO UM CLIMA DE ANO NOVO. 2) A DIFEREN\u00c7A EST\u00c1 NO KILO OU NO SABOR? 3) AS FOTOS DESTAQUES DA SEMANA<\/p>\n","protected":false},"author":2,"featured_media":0,"comment_status":"open","ping_status":"open","sticky":false,"template":"","format":"standard","meta":{"_links_to":"","_links_to_target":""},"categories":[10],"tags":[],"_links":{"self":[{"href":"https:\/\/www.r2cpress.com.br\/v1\/wp-json\/wp\/v2\/posts\/56494"}],"collection":[{"href":"https:\/\/www.r2cpress.com.br\/v1\/wp-json\/wp\/v2\/posts"}],"about":[{"href":"https:\/\/www.r2cpress.com.br\/v1\/wp-json\/wp\/v2\/types\/post"}],"author":[{"embeddable":true,"href":"https:\/\/www.r2cpress.com.br\/v1\/wp-json\/wp\/v2\/users\/2"}],"replies":[{"embeddable":true,"href":"https:\/\/www.r2cpress.com.br\/v1\/wp-json\/wp\/v2\/comments?post=56494"}],"version-history":[{"count":18,"href":"https:\/\/www.r2cpress.com.br\/v1\/wp-json\/wp\/v2\/posts\/56494\/revisions"}],"predecessor-version":[{"id":56526,"href":"https:\/\/www.r2cpress.com.br\/v1\/wp-json\/wp\/v2\/posts\/56494\/revisions\/56526"}],"wp:attachment":[{"href":"https:\/\/www.r2cpress.com.br\/v1\/wp-json\/wp\/v2\/media?parent=56494"}],"wp:term":[{"taxonomy":"category","embeddable":true,"href":"https:\/\/www.r2cpress.com.br\/v1\/wp-json\/wp\/v2\/categories?post=56494"},{"taxonomy":"post_tag","embeddable":true,"href":"https:\/\/www.r2cpress.com.br\/v1\/wp-json\/wp\/v2\/tags?post=56494"}],"curies":[{"name":"wp","href":"https:\/\/api.w.org\/{rel}","templated":true}]}}