{"id":5679,"date":"2011-01-03T09:54:55","date_gmt":"2011-01-03T12:54:55","guid":{"rendered":"http:\/\/www.r2cpress.com.br\/v1\/?p=5679"},"modified":"2011-01-03T09:54:55","modified_gmt":"2011-01-03T12:54:55","slug":"incor-instituto-do-coracao","status":"publish","type":"post","link":"https:\/\/www.r2cpress.com.br\/v1\/2011\/01\/03\/incor-instituto-do-coracao\/","title":{"rendered":"INCOR &#8211; Instituto do Cora\u00e7\u00e3o"},"content":{"rendered":"<p>S\u00e3o Paulo, 3 de janeiro de  2011, 10h.<\/p>\n<p>NOTA \u00c0 IMPRENSA<br \/>\nPACIENTE: SENADOR ELISEU RESENDE<\/p>\n<p>O senador Eliseu Resende (DEM\/MG), 81 anos, faleceu \u00e0s 19h30 deste domingo, 2 de janeiro de 2011, no Incor (Instituto do Cora\u00e7\u00e3o do Hospital das Cl\u00ednicas da Faculdade de Medicina da USP), devido \u00e0 fal\u00eancia de m\u00faltiplos \u00f3rg\u00e3os. O Senador internou-se no Incor, em 28 de novembro de 2010, para a realiza\u00e7\u00e3o de exames. Acometido de doen\u00e7a cardiovascular de alta complexidade &#8211; ICC (insufici\u00eancia card\u00edaca congestiva) &#8211; e insufici\u00eancia renal, o parlamentar apresentava adicionalmente perda importante de peso. O exames realizados no Incor detectaram a presen\u00e7a de neoplasia de c\u00f3lon.<\/p>\n<p>Em 8 de dezembro, o senador foi submetido \u00e0 cirurgia de ressec\u00e7\u00e3o do tumor, evoluindo favoravelmente. Em 24 de dezembro, foi submetido \u00e0 nova opera\u00e7\u00e3o para repara\u00e7\u00e3o de incis\u00e3o cir\u00fargica. Seu quadro cl\u00ednico evoluiu com piora progressiva, especialmente da condi\u00e7\u00e3o renal e, posteriormente, cardiovascular.<\/p>\n<p>O corpo do senador deixar\u00e1 o Incor ainda na manh\u00e3 desta segunda-feira (3). O vel\u00f3rio est\u00e1 previsto para ser realizado na Assembl\u00e9ia Legislativa de Minas Gerais.<\/p>\n<p>Detalhes sobre o vel\u00f3rio e o sepultamento podem ser fornecidos pela assessora de imprensa do Senador, Maria Antonieta Andrade, nos telefones (31) 3441 5499 e (61) 3303 4621.<\/p>\n<p>Assessoria de Imprensa<br \/>\nInstituto do Cora\u00e7\u00e3o<br \/>\nIncor-HCFMUSP<\/p>\n","protected":false},"excerpt":{"rendered":"<p>S\u00e3o Paulo, 3 de janeiro de 2011, 10h. NOTA \u00c0 IMPRENSA PACIENTE: SENADOR ELISEU RESENDE O senador Eliseu Resende (DEM\/MG), 81 anos, faleceu \u00e0s 19h30 deste domingo, 2 de janeiro de 2011, no Incor (Instituto do Cora\u00e7\u00e3o do Hospital das Cl\u00ednicas da Faculdade de Medicina da USP), devido \u00e0 fal\u00eancia de m\u00faltiplos \u00f3rg\u00e3os. O Senador [&hellip;]<\/p>\n","protected":false},"author":2,"featured_media":0,"comment_status":"open","ping_status":"open","sticky":false,"template":"","format":"standard","meta":{"_links_to":"","_links_to_target":""},"categories":[18],"tags":[],"_links":{"self":[{"href":"https:\/\/www.r2cpress.com.br\/v1\/wp-json\/wp\/v2\/posts\/5679"}],"collection":[{"href":"https:\/\/www.r2cpress.com.br\/v1\/wp-json\/wp\/v2\/posts"}],"about":[{"href":"https:\/\/www.r2cpress.com.br\/v1\/wp-json\/wp\/v2\/types\/post"}],"author":[{"embeddable":true,"href":"https:\/\/www.r2cpress.com.br\/v1\/wp-json\/wp\/v2\/users\/2"}],"replies":[{"embeddable":true,"href":"https:\/\/www.r2cpress.com.br\/v1\/wp-json\/wp\/v2\/comments?post=5679"}],"version-history":[{"count":2,"href":"https:\/\/www.r2cpress.com.br\/v1\/wp-json\/wp\/v2\/posts\/5679\/revisions"}],"predecessor-version":[{"id":5681,"href":"https:\/\/www.r2cpress.com.br\/v1\/wp-json\/wp\/v2\/posts\/5679\/revisions\/5681"}],"wp:attachment":[{"href":"https:\/\/www.r2cpress.com.br\/v1\/wp-json\/wp\/v2\/media?parent=5679"}],"wp:term":[{"taxonomy":"category","embeddable":true,"href":"https:\/\/www.r2cpress.com.br\/v1\/wp-json\/wp\/v2\/categories?post=5679"},{"taxonomy":"post_tag","embeddable":true,"href":"https:\/\/www.r2cpress.com.br\/v1\/wp-json\/wp\/v2\/tags?post=5679"}],"curies":[{"name":"wp","href":"https:\/\/api.w.org\/{rel}","templated":true}]}}