{"id":56835,"date":"2013-01-10T14:51:52","date_gmt":"2013-01-10T17:51:52","guid":{"rendered":"http:\/\/www.r2cpress.com.br\/v1\/?p=56835"},"modified":"2013-01-10T14:51:52","modified_gmt":"2013-01-10T17:51:52","slug":"prefeitura-de-itabuna-6","status":"publish","type":"post","link":"https:\/\/www.r2cpress.com.br\/v1\/2013\/01\/10\/prefeitura-de-itabuna-6\/","title":{"rendered":"Prefeitura de Itabuna"},"content":{"rendered":"<p><center><a href=\"http:\/\/www.r2cpress.com.br\/v1\/wp-content\/uploads\/CAPA-04-F.jpg\"><img loading=\"lazy\" src=\"http:\/\/www.r2cpress.com.br\/v1\/wp-content\/uploads\/CAPA-04-F.jpg\" alt=\"CAPA 04 F\" width=\"404\" height=\"404\" class=\"aligncenter size-full wp-image-56836\" srcset=\"https:\/\/www.r2cpress.com.br\/v1\/wp-content\/uploads\/CAPA-04-F.jpg 404w, https:\/\/www.r2cpress.com.br\/v1\/wp-content\/uploads\/CAPA-04-F-150x150.jpg 150w, https:\/\/www.r2cpress.com.br\/v1\/wp-content\/uploads\/CAPA-04-F-300x300.jpg 300w\" sizes=\"(max-width: 404px) 100vw, 404px\" \/><\/a><br \/>\n<strong>Secretaria de Sa\u00fade intensifica o combate a dengue em Itabuna<br \/>\nPlano de A\u00e7\u00e3o nortear\u00e1 a gest\u00e3o nas escolas municipais de Itabuna<br \/>\nServidores municipais voltam a receber vale transporte<br \/>\n Emasa prepara a amplia\u00e7\u00e3o da rede de \u00e1gua<\/strong><\/center><\/p>\n<p><!--more--><\/p>\n<p>***<\/p>\n<p><strong>Secretaria de Sa\u00fade intensifica o combate a dengue em Itabuna<\/strong><\/p>\n<p>Verba no valor de R$ 143.153,55, repassada esta semana pelo Minist\u00e9rio da Sa\u00fade, vai refor\u00e7ar o trabalho de combate a focos de larvas do mosquito da dengue. Segundo o secret\u00e1rio municipal de Sa\u00fade, Renan Ara\u00fajo, o trabalho j\u00e1 vinha sendo intensificado pelas equipes de endemias do munic\u00edpio diante do risco de epidemia, cujo \u00faltimo \u00edndice do LIRAa (Levantamento R\u00e1pido de Infesta\u00e7\u00e3o do Aedes aegypti), alcan\u00e7ou 18%, o que colocou Itabuna como campe\u00e3 nacional da doen\u00e7a.<br \/>\nDe acordo com o secret\u00e1rio, essa verba ser\u00e1 utilizada, prioritariamente, nos trabalhos de campo, intensifica\u00e7\u00e3o da limpeza urbana, combate \u00e0s condi\u00e7\u00f5es de prolifera\u00e7\u00e3o e crescimento de focos do mosquito, al\u00e9m de preparar a rede municipal de assist\u00eancia para atender os pacientes dignamente. \u201cIremos trabalhar duramente para que Itabuna saia dessa condi\u00e7\u00e3o de campe\u00e3 de infesta\u00e7\u00e3o para campe\u00e3 no combate\u201d frisou Renan, esclarecendo que a orienta\u00e7\u00e3o do prefeito Vane \u00e9 concentrar todos os esfor\u00e7os na conscientiza\u00e7\u00e3o das pessoas e combate aos focos do mosquito.<br \/>\nO secret\u00e1rio disse que o munic\u00edpio tem uma decis\u00e3o pol\u00edtica de unir todos os esfor\u00e7os para diminuir os riscos que a popula\u00e7\u00e3o est\u00e1 exposta, com os subtipos do v\u00edrus da dengue. Para Ara\u00fajo, o apelo do Ministro da Sa\u00fade aos novos gestores para que d\u00eaem continuidade ao trabalho feito pelos antecessores n\u00e3o pode ser atendido no caso de Itabuna. \u201cN\u00e3o posso atender o apelo do ministro. N\u00e3o posso dar seq\u00fc\u00eancia ao que estava sendo feito, em decorr\u00eancia dos altos \u00edndices de infesta\u00e7\u00e3o. A a\u00e7\u00e3o do governo anterior, al\u00e9m de equivocada, contribuiu para o agravamento do quadro de infesta\u00e7\u00e3o da dengue. \u201ccomentou Renan Ara\u00fajo.<br \/>\nO repasse da verba aos Estados e Munic\u00edpios pelo Minist\u00e9rio da Sa\u00fade est\u00e1 entre as medidas do governo federal de vigil\u00e2ncia, preven\u00e7\u00e3o e controle da dengue. Em contrapartida, os munic\u00edpios precisam cumprir metas, como disponibilizar n\u00famero adequado de agentes de controle de endemias e garantir visitas domiciliares, melhorar o trabalho de campo e realizar levantamentos r\u00e1pidos de infesta\u00e7\u00e3o do Aedes aegypti, com ampla participa\u00e7\u00e3o dos meios de comunica\u00e7\u00e3o, al\u00e9m de notificar os casos mais graves da doen\u00e7a.<br \/>\nO aumento das chuvas e o calor cont\u00ednuo do ver\u00e3o favorecem a prolifera\u00e7\u00e3o do Aedes aegypti devendo a popula\u00e7\u00e3o, portanto, verificar o adequado armazenamento de \u00e1gua, o acondicionamento do lixo e a elimina\u00e7\u00e3o de todos os recipientes sem uso que possam acumular \u00e1gua e virar criadouros de mosquito. O secret\u00e1rio de Sa\u00fade lembrou ser essencial a participa\u00e7\u00e3o dos cidad\u00e3os no combate a dengue, j\u00e1 que a maioria dos focos se localiza no interior das resid\u00eancias, em quintais e em terrenos baldios. A combina\u00e7\u00e3o do trabalho preventivo em cada resid\u00eancia com as a\u00e7\u00f5es do poder p\u00fablico \u00e9 capaz de reduzir a presen\u00e7a do mosquito no meio ambiente e evitar epidemias, como lembrou o ministro da Sa\u00fade, Alexandre Padilha ao anunciar a libera\u00e7\u00e3o dos recursos.<\/p>\n<p><strong>Plano de A\u00e7\u00e3o nortear\u00e1 a gest\u00e3o nas escolas municipais de Itabuna<\/strong><\/p>\n<p>\tImplementar um novo modelo de gest\u00e3o baseado num Plano de A\u00e7\u00e3o que indique o alcance de metas quantitativas e qualitativas, cujos resultados ser\u00e3o avaliadas ao final de cada ciclo letivo. Foi assumindo este compromisso que 79 professores foram empossados como novos diretores das escolas do setor urbano da Rede Municipal de Ensino de Itabuna.<br \/>\n\tPresente na solenidade de posse, a secret\u00e1ria da Educa\u00e7\u00e3o, Dinalva Melo do Nascimento, lembrou aos novos gestores que, dentre as variantes que influenciam os resultados finais de desempenho escolar, a gest\u00e3o \u00e9 um dos pontos fundamentais. Ela ressaltou que, neste sentido, o diretor deve ter consci\u00eancia do seu papel como intermediador de vontades na escola.<br \/>\n\t\u201cPortanto, o diretor deve ter crit\u00e9rios bem definidos na tomada de decis\u00f5es para que n\u00e3o reflita predile\u00e7\u00f5es por esta ou aquela pessoa. Afinal, a comunidade escolar \u00e9 formada por diferentes personalidades, as quais devem ser respeitadas e valorizadas\u201d, frisou Dinalva Melo.<br \/>\n\tA secret\u00e1ria da Educa\u00e7\u00e3o tamb\u00e9m disse aos novos diretores que \u00e9 imprescind\u00edvel ao desempenho das suas fun\u00e7\u00f5es, al\u00e9m do  sentimento de perten\u00e7a \u00e0 comunidade escolar, a acolhida, o aconchego, o afeto, o acompanhamento e o saber escutar a todos. \u201cEstas coisas s\u00e3o fundamentais, porque os resultados esperados da escola v\u00e3o al\u00e9m do quantitativo e passam pelas quest\u00f5es das rela\u00e7\u00f5es humanas e da afetividade\u201d, orientou.<br \/>\nDinalva disse ainda que para o in\u00edcio do ano letivo os diretores devem apresentar o Plano de A\u00e7\u00e3o para Gest\u00e3o Escolar \u00e0 Secretaria da Educa\u00e7\u00e3o, o qual deve indicar metas a serem alcan\u00e7adas.  Ao final do ciclo, o desempenho dos gestores ser\u00e1 avaliado considerando os resultados alcan\u00e7ados em cada setor da escola, inclusive nas quest\u00f5es pedag\u00f3gicas.<br \/>\nA solenidade de posse dos novos diretores tamb\u00e9m contou com a presen\u00e7a da diretora do Departamento de Educa\u00e7\u00e3o B\u00e1sica, Rosenaide Ramos, e do diretor do Departamento der Gest\u00e3o Escolar, Virg\u00edlio Soares.<\/p>\n<p><strong>Servidores municipais voltam a receber vale transporte<\/strong><\/p>\n<p>Ap\u00f3s quatro meses sem receber o vale transporte, os funcion\u00e1rios da Prefeitura de Itabuna poder\u00e3o se tranq\u00fcilizar. O problema, que gerou inclusive uma greve no ano passado, ser\u00e1 resolvido j\u00e1 na pr\u00f3xima semana. Em reuni\u00e3o no gabinete do prefeito Claudevane Leite foi decidido que a Associa\u00e7\u00e3o das Empresas de Transporte Urbano (AETU) voltar\u00e1 a fornecer o benef\u00edcio. Participaram da reuni\u00e3o o secret\u00e1rio de Transporte e Tr\u00e2nsito, Clodovil Soares, o secret\u00e1rio da Fazenda Marcos Cerqueira, o controlador Geral do Munic\u00edpio, Oton de Matos e representantes da AETU.<br \/>\nO diretor operacional da AETU, Elvis Souza, afirmou que um funcion\u00e1rio vai \u00e0 prefeitura fazer um levantamento e a partir da\u00ed come\u00e7ar\u00e1 a libera\u00e7\u00e3o por secretaria. \u201cAcredito que at\u00e9 a segunda-feira tudo estar\u00e1 regularizado\u201d disse. Outras necessidades discutidas na oportunidade foram a gratuidade da passagem, o acesso \u00e0 malha vi\u00e1ria e as linhas de circula\u00e7\u00e3o central para desafogar os estacionamentos do centro da cidade. A Prefeitura est\u00e1 identificando corredores que precisam de recupera\u00e7\u00e3o para que os \u00f4nibus possam melhor trafegar.<br \/>\nO secret\u00e1rio de Tr\u00e2nsito, Clodovil Soares, apontou problemas b\u00e1sicos que precisam ser resolvidos. A aquisi\u00e7\u00e3o pelas empresas de novos ve\u00edculos para a frota e a recupera\u00e7\u00e3o dos antigos s\u00e3o as melhorias. \u201cPor determina\u00e7\u00e3o do prefeito Vane recomendamos aos empres\u00e1rios a cria\u00e7\u00e3o de linha circular central para maior comodidade da popula\u00e7\u00e3o que passar\u00e1 a ter acesso mais tranq\u00fcilo ao centro da cidade, sem precisar se utilizar de ve\u00edculos particulares e motos\u201d. Segundo Clodovil, isso melhorar\u00e1 o fluxo de vagas que s\u00e3o escassas nos estacionamentos, ficando ocupadas em todo o hor\u00e1rio comercial.<br \/>\nO diretor Elvis Souza elogiou a preocupa\u00e7\u00e3o da gest\u00e3o de Vane em buscar resolver os problemas com o transporte p\u00fablico j\u00e1 no primeiro momento e disse que somente uma a\u00e7\u00e3o em conjunto poder\u00e1 melhorar o servi\u00e7o. \u201cA posi\u00e7\u00e3o da AETU \u00e9 de cumprir uma parceria saud\u00e1vel com a Prefeitura\u201d, disse.<\/p>\n<p><strong> Emasa prepara a amplia\u00e7\u00e3o da rede de \u00e1gua<\/strong><\/p>\n<p>Com o an\u00fancio do in\u00edcio das obras de constru\u00e7\u00e3o da Barragem do Rio Col\u00f4nia, feito pelo governador Jaques Wagner na ter\u00e7a-feira, 8, em Itabuna, a Empresa Municipal de \u00c1guas e Saneamento (Emasa) j\u00e1 est\u00e1 realizando estudos visando ampliar e modernizar a rede de abastecimento de \u00e1gua para a popula\u00e7\u00e3o itabunense.<br \/>\nPara que as fam\u00edlias de Itabuna sejam atendidas, Campos ressalta ser imprescind\u00edvel e urgente que a Emasa se prepare para este novo tempo, com investimentos que possam assegurar n\u00e3o s\u00f3 a capta\u00e7\u00e3o, mas principalmente a distribui\u00e7\u00e3o de \u00e1gua tratada.<br \/>\n\u201cNeste sentido, o prefeito Vane j\u00e1 determinou que a Emasa desenvolva estudos para que, al\u00e9m de ampliar a oferta, possa modernizar  a rede de abastecimento com investimentos em tecnologia, que resultar\u00e3o numa economia significativa em custos com energia\u201d. Ricardo Campos explica que com estes investimentos as manobras no sistema de distribui\u00e7\u00e3o ser\u00e3o automatizadas, contribuindo economicamente para que a Emasa seja auto-sustent\u00e1vel.<br \/>\n\u201cAl\u00e9m de melhorar muito a quest\u00e3o da oferta d\u2019\u00e1gua para a popula\u00e7\u00e3o, a obra certamente vai reduzir os custos da empresa, j\u00e1 que vamos captar \u00e1gua dentro do munic\u00edpio de Itabuna, no bairro de Ferradas, com a pereniza\u00e7\u00e3o Rio do Cachoeira. Hoje captamos \u00e1gua no Rio Almada, no Distrito de Rio do Bra\u00e7o e  em Castelo Novo, no munic\u00edpio de Ilh\u00e9us, a um custo elevad\u00edssimo de bombeamento\u201d, informou.<br \/>\nDe acordo com o presidente, o custo de energia el\u00e9trica est\u00e1 na ordem de R$ 500 mil mensais. \u201cCom a barragem isso vai mudar, pois a obra ir\u00e1 perenizar o rio, permitindo assim a capta\u00e7\u00e3o de \u00e1gua dentro de Itabuna com a redu\u00e7\u00e3o do custo de energia el\u00e9trica, e aumentando a oferta de \u00e1gua de 900 litros por segundo para 1.400 litros\/segundo\u201d, esclarece. Campos acrescenta que com a constru\u00e7\u00e3o da barragem o governo municipal ter\u00e1 capacidade de atrair novos investimentos na \u00e1rea industrial, ampliando a gera\u00e7\u00e3o de emprego e renda para o munic\u00edpio e a regi\u00e3o.<br \/>\n______________________________________________________________________<br \/>\n<strong>Prefeitura de Itabuna<br \/>\nDepartamento de Comunica\u00e7\u00e3o Social<br \/>\n Fotos:  Gabriel de Oliveira e Pedro Augusto<\/strong><\/p>\n","protected":false},"excerpt":{"rendered":"<p>Secretaria de Sa\u00fade intensifica o combate a dengue em Itabuna Plano de A\u00e7\u00e3o nortear\u00e1 a gest\u00e3o nas escolas municipais de Itabuna Servidores municipais voltam a receber vale transporte Emasa prepara a amplia\u00e7\u00e3o da rede de \u00e1gua<\/p>\n","protected":false},"author":2,"featured_media":0,"comment_status":"open","ping_status":"open","sticky":false,"template":"","format":"standard","meta":{"_links_to":"","_links_to_target":""},"categories":[15],"tags":[],"_links":{"self":[{"href":"https:\/\/www.r2cpress.com.br\/v1\/wp-json\/wp\/v2\/posts\/56835"}],"collection":[{"href":"https:\/\/www.r2cpress.com.br\/v1\/wp-json\/wp\/v2\/posts"}],"about":[{"href":"https:\/\/www.r2cpress.com.br\/v1\/wp-json\/wp\/v2\/types\/post"}],"author":[{"embeddable":true,"href":"https:\/\/www.r2cpress.com.br\/v1\/wp-json\/wp\/v2\/users\/2"}],"replies":[{"embeddable":true,"href":"https:\/\/www.r2cpress.com.br\/v1\/wp-json\/wp\/v2\/comments?post=56835"}],"version-history":[{"count":2,"href":"https:\/\/www.r2cpress.com.br\/v1\/wp-json\/wp\/v2\/posts\/56835\/revisions"}],"predecessor-version":[{"id":56838,"href":"https:\/\/www.r2cpress.com.br\/v1\/wp-json\/wp\/v2\/posts\/56835\/revisions\/56838"}],"wp:attachment":[{"href":"https:\/\/www.r2cpress.com.br\/v1\/wp-json\/wp\/v2\/media?parent=56835"}],"wp:term":[{"taxonomy":"category","embeddable":true,"href":"https:\/\/www.r2cpress.com.br\/v1\/wp-json\/wp\/v2\/categories?post=56835"},{"taxonomy":"post_tag","embeddable":true,"href":"https:\/\/www.r2cpress.com.br\/v1\/wp-json\/wp\/v2\/tags?post=56835"}],"curies":[{"name":"wp","href":"https:\/\/api.w.org\/{rel}","templated":true}]}}