{"id":56861,"date":"2013-01-10T20:51:57","date_gmt":"2013-01-10T23:51:57","guid":{"rendered":"http:\/\/www.r2cpress.com.br\/v1\/?p=56861"},"modified":"2013-01-10T20:51:57","modified_gmt":"2013-01-10T23:51:57","slug":"realizada-em-ilheus-a-assembleia-do-conselho-diocesano-de-leigos-e-leigas-condili","status":"publish","type":"post","link":"https:\/\/www.r2cpress.com.br\/v1\/2013\/01\/10\/realizada-em-ilheus-a-assembleia-do-conselho-diocesano-de-leigos-e-leigas-condili\/","title":{"rendered":"Realizada em Ilh\u00e9us a Assembleia do Conselho Diocesano de Leigos e Leigas &#8211; CONDILI"},"content":{"rendered":"<p>Foi realizada na noite de ontem (9), a  Assembleia do Conselho Diocesano de Leigos e Leigas. O encontro ocorreu \u00e0s 19h00 na Catedral Diocesana de Ilh\u00e9us. Esteve presente o Bispo Diocesano, Dom Mauro Montagnoli, Padres e representantes dos leigos (as) da Diocese.<br \/>\n<center><a href=\"http:\/\/www.r2cpress.com.br\/v1\/wp-content\/uploads\/Capa-05-f.jpg\"><img loading=\"lazy\" src=\"http:\/\/www.r2cpress.com.br\/v1\/wp-content\/uploads\/Capa-05-f.jpg\" alt=\"Capa 05 f\" width=\"550\" height=\"550\" class=\"aligncenter size-full wp-image-56862\" srcset=\"https:\/\/www.r2cpress.com.br\/v1\/wp-content\/uploads\/Capa-05-f.jpg 550w, https:\/\/www.r2cpress.com.br\/v1\/wp-content\/uploads\/Capa-05-f-150x150.jpg 150w, https:\/\/www.r2cpress.com.br\/v1\/wp-content\/uploads\/Capa-05-f-300x300.jpg 300w\" sizes=\"(max-width: 550px) 100vw, 550px\" \/><\/a><\/center><br \/>\nO objetivo da Assembleia foi tratar da tomada de posse da  Presid\u00eancia do CONDILI eleita em dezembro de 2012 e tamb\u00e9m das atividades do ano do centen\u00e1rio (Semana Social Diocesana e celebra\u00e7\u00e3o do centen\u00e1rio dos leigos e leigas). Tamb\u00e9m foram escolhidos 04 grupos de trabalho, para a realiza\u00e7\u00e3o destes objetivos, s\u00e3o eles: Estrutura; Comunica\u00e7\u00e3o; Forma\u00e7\u00e3o e Finan\u00e7as<br \/>\nCome\u00e7ou o encontro com  Dom Mauro nos comunicando a respeito da responsabilidade dos leigos(as) em rela\u00e7\u00e3o a igreja e n\u00e3o ficar a espera que o Padre ou Bispo tomem as devidas provid\u00eancias, entre outras palavras, o leigo(a) hoje tem que ser muito mais a\u00e7\u00e3o do que \u201cesperan\u00e7a\u201d, ficar na espera de que tudo aconte\u00e7a em volta de si.<br \/>\n Encerramos fazendo a nossa ora\u00e7\u00e3o, pedindo para que Deus nos aben\u00e7oe e nos d\u00ea for\u00e7as para darmos continuidade a este trabalho, para o servi\u00e7o do Reino de Deus. O pr\u00f3ximo encontro ficou agendado para o dia 16 de janeiro.<\/p>\n<p>Fontes: Site da CNBBNE3 e<br \/>\nPaulo Costa<br \/>\nRespons\u00e1vel pelo Site da Diocese de Ilh\u00e9us<\/p>\n<p>Ler mais: http:\/\/www.diocesedeilheusba.com\/products\/realizada-em-ilheus-a-assembleia-do-conselho-diocesano-de-leigos-e-leigas-condili\/<\/p>\n","protected":false},"excerpt":{"rendered":"<p>Foi realizada na noite de ontem (9), a Assembleia do Conselho Diocesano de Leigos e Leigas. O encontro ocorreu \u00e0s 19h00 na Catedral Diocesana de Ilh\u00e9us. Esteve presente o Bispo Diocesano, Dom Mauro Montagnoli, Padres e representantes dos leigos (as) da Diocese. O objetivo da Assembleia foi tratar da tomada de posse da Presid\u00eancia do [&hellip;]<\/p>\n","protected":false},"author":2,"featured_media":0,"comment_status":"open","ping_status":"open","sticky":false,"template":"","format":"standard","meta":{"_links_to":"","_links_to_target":""},"categories":[14],"tags":[],"_links":{"self":[{"href":"https:\/\/www.r2cpress.com.br\/v1\/wp-json\/wp\/v2\/posts\/56861"}],"collection":[{"href":"https:\/\/www.r2cpress.com.br\/v1\/wp-json\/wp\/v2\/posts"}],"about":[{"href":"https:\/\/www.r2cpress.com.br\/v1\/wp-json\/wp\/v2\/types\/post"}],"author":[{"embeddable":true,"href":"https:\/\/www.r2cpress.com.br\/v1\/wp-json\/wp\/v2\/users\/2"}],"replies":[{"embeddable":true,"href":"https:\/\/www.r2cpress.com.br\/v1\/wp-json\/wp\/v2\/comments?post=56861"}],"version-history":[{"count":2,"href":"https:\/\/www.r2cpress.com.br\/v1\/wp-json\/wp\/v2\/posts\/56861\/revisions"}],"predecessor-version":[{"id":56864,"href":"https:\/\/www.r2cpress.com.br\/v1\/wp-json\/wp\/v2\/posts\/56861\/revisions\/56864"}],"wp:attachment":[{"href":"https:\/\/www.r2cpress.com.br\/v1\/wp-json\/wp\/v2\/media?parent=56861"}],"wp:term":[{"taxonomy":"category","embeddable":true,"href":"https:\/\/www.r2cpress.com.br\/v1\/wp-json\/wp\/v2\/categories?post=56861"},{"taxonomy":"post_tag","embeddable":true,"href":"https:\/\/www.r2cpress.com.br\/v1\/wp-json\/wp\/v2\/tags?post=56861"}],"curies":[{"name":"wp","href":"https:\/\/api.w.org\/{rel}","templated":true}]}}