{"id":56907,"date":"2013-01-11T18:08:02","date_gmt":"2013-01-11T21:08:02","guid":{"rendered":"http:\/\/www.r2cpress.com.br\/v1\/?p=56907"},"modified":"2013-01-11T18:08:02","modified_gmt":"2013-01-11T21:08:02","slug":"prefeitura-de-itabuna-7","status":"publish","type":"post","link":"https:\/\/www.r2cpress.com.br\/v1\/2013\/01\/11\/prefeitura-de-itabuna-7\/","title":{"rendered":"Prefeitura de Itabuna"},"content":{"rendered":"<p><center><a href=\"http:\/\/www.r2cpress.com.br\/v1\/wp-content\/uploads\/CAPA27.jpg\"><img loading=\"lazy\" src=\"http:\/\/www.r2cpress.com.br\/v1\/wp-content\/uploads\/CAPA27.jpg\" alt=\"CAPA\" width=\"404\" height=\"404\" class=\"aligncenter size-full wp-image-56908\" srcset=\"https:\/\/www.r2cpress.com.br\/v1\/wp-content\/uploads\/CAPA27.jpg 404w, https:\/\/www.r2cpress.com.br\/v1\/wp-content\/uploads\/CAPA27-150x150.jpg 150w, https:\/\/www.r2cpress.com.br\/v1\/wp-content\/uploads\/CAPA27-300x300.jpg 300w\" sizes=\"(max-width: 404px) 100vw, 404px\" \/><\/a><\/p>\n<p><strong>  Servidores que ficaram sem receber ter\u00e3o solu\u00e7\u00e3o<br \/>\n Prefeitura faz limpeza do canal do S\u00e3o Caetano<br \/>\nAssist\u00eancia Social trabalha para regularizar passe-livre\tem Itabuna<br \/>\nRevitaliza\u00e7\u00e3o das feiras livres de Itabuna \u00e9 discutida <\/strong><\/center><\/p>\n<p><!--more--><\/p>\n<p>***<\/p>\n<p><strong>Servidores que ficaram sem receber ter\u00e3o solu\u00e7\u00e3o<\/strong><\/p>\n<p>Uma parte dos servidores p\u00fablicos de Itabuna ficou sem receber sal\u00e1rios e parcela do 13\u00ba no ano passado. A administra\u00e7\u00e3o anterior deixou a d\u00edvida, mas n\u00e3o deixou os recursos para o seu cumprimento. Os servidores prejudicados, individualmente ou por meio dos sindicatos, procuraram a atual administra\u00e7\u00e3o em busca da solu\u00e7\u00e3o do problema. O prefeito Claudevane Leite determinou \u00e0s secretarias de Administra\u00e7\u00e3o e de Fazenda a elabora\u00e7\u00e3o de um planejamento para solucionar a quest\u00e3o. Durante a semana o prefeito Vane, acompanhado dos secret\u00e1rios Mariana Duarte (Administra\u00e7\u00e3o) e Marcos Cerqueira (Fazenda), recebeu os dirigentes do Sindicato do Servidor P\u00fablico Municipal para discuss\u00e3o do assunto.<\/p>\n<p>Segundo a secret\u00e1ria Mariana Alc\u00e2ntara, no pr\u00f3ximo dia 21 ocorrer\u00e1 nova rodada de negocia\u00e7\u00e3o com o sindicato, quando a prefeitura apresentar\u00e1 uma proposta. A secret\u00e1ria diz que a atual gest\u00e3o est\u00e1 aberta ao di\u00e1logo e est\u00e1 fazendo todos os esfor\u00e7os visando garantir direitos do servidor e sanar problemas deixados pela administra\u00e7\u00e3o anterior. <\/p>\n<p>\u201cN\u00e3o podemos sacrificar o funcionalismo municipal. Priorizaos a libera\u00e7\u00e3o dos vales-transportes, que estavam suspensos desde o m\u00eas de outubro do ano passado, estamos realizando o recadastramento, que vai valorizar o servidor que trabalha e identificar os  eventuais desvios, e esperamos contar com a compreens\u00e3o da categoria, j\u00e1 que h\u00e1 compromisso do prefeito e de toda a sua equipe de resolver o problema do atraso dos sal\u00e1rios dos funcion\u00e1rios municipais.<\/p>\n<p><strong>Prefeitura faz limpeza do canal do S\u00e3o Caetano<\/strong><\/p>\n<p>\tA Prefeitura de Itabuna iniciou nesta sexta-feira, 11, pelo trecho do bairro Pedro Jer\u00f4nimo, os servi\u00e7os de limpeza e dragagem mec\u00e2nica do canal de macrodrenagem do S\u00e3o Caetano. Com extens\u00e3o de cerca de dois quil\u00f4metros, o canal encontra-se assoreado, com grande quantidade de lixo e entulho no seu leito, poluindo a \u00e1rea do seu entorno, exalando mau cheiro, produzindo de nuvens de insetos e servindo de local para reprodu\u00e7\u00e3o de animais pe\u00e7onhentos, ratos e outros roedores.<br \/>\n\tHavia muitas queixas de moradores e comerciantes de ruas adjacentes pela critica situa\u00e7\u00e3o do canal que ficou sem limpeza regular e simplesmente acabou abandonado pela prefeitura. A Justi\u00e7a chegou a condenar o munic\u00edpio, depois de acionada pelo Minist\u00e9rio P\u00fablico estadual, obrigando-o a executar servi\u00e7os de limpeza n\u00e3o s\u00f3 do canal do S\u00e3o Caetano como de canais de macrodrenagem de outros logradores da cidade, sob pena de multa, o que jamais foi cumprido pela gest\u00e3o anterior.<br \/>\n\tA feirante Maria Costa, 60 anos, recebeu com alegria a noticia de que a Secretaria de Desenvolvimento Urbano (Sedur) daria in\u00edcio aos servi\u00e7os de limpeza do canal do S\u00e3o Caetano. Segundo disse h\u00e1 dois anos que moradores, comerciantes e feirantes reclamam da degrada\u00e7\u00e3o do canal de macrodrenagem. \u201cPerdemos clientes, deixamos de vender mercadorias pelas p\u00e9ssimas condi\u00e7\u00f5es das \u00e1reas da feira vizinhas do canal. Essa noticia chega em boa hora. A gente j\u00e1 n\u00e3o tinha a quem reclamar\u201d, completou o comerciante Jos\u00e9 Teixeira, 59 anos, que trabalha na feira h\u00e1 20 anos.<br \/>\n\tA Sedur informa que o trecho inicial entre o Pedro Jer\u00f4nimo e a Avenida Princesa Isabel, no S\u00e3o Caetano, o canal tem revestimento de pedra e boca de dez metros de largura. No segundo trecho, entre a Princesa Isabel e o Gog\u00f3 da Ema, tamb\u00e9m revestido, a largura \u00e9 de oito metros at\u00e9 o desaguamento no Ribeir\u00e3o Ic\u00f3, nas proximidades da Vila Ol\u00edmpica. Nos servi\u00e7os de limpeza, que incluem a dragagem mec\u00e2nica com escavadeira hidr\u00e1ulica nas laterais, todos os res\u00edduos s\u00f3lidos ser\u00e3o carregados em ca\u00e7ambas e descartados em uma \u00e1rea do lix\u00e3o.  <\/p>\n<p><strong>Assist\u00eancia Social trabalha para regularizar passe-livre\t em Itabuna<\/strong><\/p>\n<p>A regulariza\u00e7\u00e3o da concess\u00e3o do passe-livre no sistema de transporte coletivo de Itabuna a pessoas portadoras de necessidades especiais e o desbloqueio dos respectivos cart\u00f5es pela Associa\u00e7\u00e3o das Empresas do Transporte Urbano (AETU) foi discutida na quinta-feira, 10, pelo secret\u00e1rio municipal de Assist\u00eancia Social, Jos\u00e9 Carlos Trindade, com dirigentes da Funda\u00e7\u00e3o dos Deficientes (Fundesb) e Associa\u00e7\u00e3o dos Cegos do Sul da Bahia e da Associa\u00e7\u00e3o Grapi\u00fana dos Parapl\u00e9gicos.<br \/>\n\tO encontro ocorreu Centro Administrativo Firmino Alves e foi pedido pelas entidades, que apresentaram extensa pauta de reivindica\u00e7\u00f5es, a maioria foi acolhida pela Secretaria de Assist\u00eancia Social (SAS). A mais urgente, segundo os dirigentes, \u00e9 o desbloqueio dos cart\u00f5es de passe-livre e o retorno do processo de recadastramento para a Prefeitura, j\u00e1 que existe liminar expedida pela 2\u00aa Vara dos Feitos C\u00edveis e de Consumo em A\u00e7\u00e3o Civil P\u00fablica proposta pelo Minist\u00e9rio P\u00fablico estadual, determinando que passe \u00e0 prefeitura a responsabilidade do cadastramento.<br \/>\n\tO secret\u00e1rio Jos\u00e9 Carlos Trindade disse que o plano para regulariza\u00e7\u00e3o da concess\u00e3o do passe-livre pelo Munic\u00edpio ser\u00e1 levado ao prefeito Claudevane Leite. O assunto tamb\u00e9m ser\u00e1 discutido com o secret\u00e1rio de Transportes e Tr\u00e2nsito, Clodovil Soares, com o Minist\u00e9rio P\u00fablico estadual e at\u00e9 com a Presid\u00eancia da C\u00e2mara Municipal em raz\u00e3o da necessidade de revis\u00e3o da legisla\u00e7\u00e3o municipal.<br \/>\n\tOs dirigentes das entidades de defesa dos interesses dos portadores de necessidades especiais fizeram duras criticas \u00e0 AETU, que, em alguns casos, chega a exigir laudos m\u00e9dicos a um custo de R$ 200 para renovar a carteira de passe-livre. \u201cA justi\u00e7a proibiu e at\u00e9 arbitrou multa de um sal\u00e1rio m\u00ednimo em caso de descumprimento liminar. A gente n\u00e3o entende como os empres\u00e1rios ainda fazem propaganda do recadastramento ilegal\u201d, criticou Jaider Pimental, da Associa\u00e7\u00e3o dos Cegos. <\/p>\n<p><strong>Revitaliza\u00e7\u00e3o das feiras livres de Itabuna \u00e9 discutida <\/strong><\/p>\n<p>          A revitaliza\u00e7\u00e3o e moderniza\u00e7\u00e3o das feiras livres de Itabuna entrou na agenda de prioridades da administra\u00e7\u00e3o. Na tarde de quinta-feira, 10, encontro promovido pela Secretaria Municipal de Agricultura e Meio Ambiente discutiu propostas para resolver os graves problemas das feiras existentes em Itabuna. O secret\u00e1rio da Agricultura, Lanns Alves de Almeida Filho, exibiu slides mostrando a ca\u00f3tica situa\u00e7\u00e3o em que se encontram as feiras livres do munic\u00edpio comparando-as a dep\u00f3sitos de lixo e fonte de doen\u00e7as. Ele lamentou que  comerciantes do setor e a popula\u00e7\u00e3o h\u00e1 muito tenham que conviver com essa grave realidade.<br \/>\n          \u201cN\u00e3o \u00e9 poss\u00edvel convier com a situa\u00e7\u00e3o grave como esta, que n\u00e3o compromete apenas a economia informal, mas a sa\u00fade p\u00fablica\u201d, alertou o secret\u00e1rio. Lanns Filho disse que h\u00e1 vontade pol\u00edtica do governo Vane em mudar esse quadro e transformar as feiras livres em espa\u00e7os digno e atrativo para consumidores e a popula\u00e7\u00e3o local e regional.<br \/>\n         O secret\u00e1rio apontou algumas a\u00e7\u00f5es emerg\u00eancias que j\u00e1 est\u00e3o sendo realizadas, apesar das dificuldades em que se encontra o munic\u00edpio nesse inicio de governo. Entre estas,  a limpeza urbana e dos canais que margeiam as feiras. Lanns disse ainda que, no curto prazo, ser\u00e3o feitos cadastramento, regulariza\u00e7\u00e3o e capacita\u00e7\u00e3o dos feirantes e o fortalecimento das pol\u00edticas p\u00fablicas em apoio ao setor.<br \/>\n           Para m\u00e9dio e longo prazos h\u00e1 propostas para elabora\u00e7\u00e3o de projetos urban\u00edsticos e estruturais. Tamb\u00e9m para forma\u00e7\u00e3o de comit\u00ea para executar programas e captar recursos da Uni\u00e3o e do Estado para desenvolver e estimular o setor de feiras livres, inclusive atrav\u00e9s de parcerias institucionais com minist\u00e9rios da Integra\u00e7\u00e3o, do Desenvolvimento Agr\u00e1rio e das Cidades, al\u00e9m das secretarias estaduais de Desenvolvimento Urbano, da Agricultura e do Trabalho, Emprego, Renda e Esporte.<br \/>\n \u201cO prefeito Claudevane Leite pretende fazer um novo modelo de gest\u00e3o em todos os setores e de forma integrada, com a participa\u00e7\u00e3o efetiva dos secret\u00e1rios para solucionar problemas e promover a\u00e7\u00f5es ben\u00e9ficas  em todos os setores da cidade\u201d, defendeu o titular da Ind\u00fastria, Com\u00e9rcio e Turismo, Jos\u00e9 Humberto Martins Ramos.<br \/>\n          O representante da Ceplac Washington Cerqueira disse que a institui\u00e7\u00e3o vai cooperar com os esfor\u00e7os do munic\u00edpio em encontrar solu\u00e7\u00f5es para a quest\u00e3o do abastecimento, seguran\u00e7a alimentar e organiza\u00e7\u00e3o das feiras livres. \u201cO governo Vane realmente quer acertar e escolheu uma equipe de trabalho que deseja Itabuna desenvolvida e em ritmo de crescimento permanente\u201d.<\/p>\n<p>A reuni\u00e3o aconteceu no audit\u00f3rio do Escrit\u00f3rio Local da Ceplac contando com a participa\u00e7\u00e3o de secret\u00e1rios municipais, representantes de pequenos e micros empres\u00e1rios, Ceplac, Sebrae, Policia Militar, Vigil\u00e2ncia Sanit\u00e1ria, Minist\u00e9rio P\u00fablico Estadual, Emasa,  Centro  Controle de Zoonoses (CCZ) e Guarda Civil Municipal (GCM).<\/p>\n","protected":false},"excerpt":{"rendered":"<p>Servidores que ficaram sem receber ter\u00e3o solu\u00e7\u00e3o Prefeitura faz limpeza do canal do S\u00e3o Caetano Assist\u00eancia Social trabalha para regularizar passe-livre em Itabuna Revitaliza\u00e7\u00e3o das feiras livres de Itabuna \u00e9 discutida<\/p>\n","protected":false},"author":2,"featured_media":0,"comment_status":"open","ping_status":"open","sticky":false,"template":"","format":"standard","meta":{"_links_to":"","_links_to_target":""},"categories":[15],"tags":[],"_links":{"self":[{"href":"https:\/\/www.r2cpress.com.br\/v1\/wp-json\/wp\/v2\/posts\/56907"}],"collection":[{"href":"https:\/\/www.r2cpress.com.br\/v1\/wp-json\/wp\/v2\/posts"}],"about":[{"href":"https:\/\/www.r2cpress.com.br\/v1\/wp-json\/wp\/v2\/types\/post"}],"author":[{"embeddable":true,"href":"https:\/\/www.r2cpress.com.br\/v1\/wp-json\/wp\/v2\/users\/2"}],"replies":[{"embeddable":true,"href":"https:\/\/www.r2cpress.com.br\/v1\/wp-json\/wp\/v2\/comments?post=56907"}],"version-history":[{"count":3,"href":"https:\/\/www.r2cpress.com.br\/v1\/wp-json\/wp\/v2\/posts\/56907\/revisions"}],"predecessor-version":[{"id":56911,"href":"https:\/\/www.r2cpress.com.br\/v1\/wp-json\/wp\/v2\/posts\/56907\/revisions\/56911"}],"wp:attachment":[{"href":"https:\/\/www.r2cpress.com.br\/v1\/wp-json\/wp\/v2\/media?parent=56907"}],"wp:term":[{"taxonomy":"category","embeddable":true,"href":"https:\/\/www.r2cpress.com.br\/v1\/wp-json\/wp\/v2\/categories?post=56907"},{"taxonomy":"post_tag","embeddable":true,"href":"https:\/\/www.r2cpress.com.br\/v1\/wp-json\/wp\/v2\/tags?post=56907"}],"curies":[{"name":"wp","href":"https:\/\/api.w.org\/{rel}","templated":true}]}}