{"id":56958,"date":"2013-01-12T06:44:16","date_gmt":"2013-01-12T09:44:16","guid":{"rendered":"http:\/\/www.r2cpress.com.br\/v1\/?p=56958"},"modified":"2013-01-12T06:44:16","modified_gmt":"2013-01-12T09:44:16","slug":"diocese-de-ilheus-inicia-festejos-em-louvor-a-sao-sebastiao","status":"publish","type":"post","link":"https:\/\/www.r2cpress.com.br\/v1\/2013\/01\/12\/diocese-de-ilheus-inicia-festejos-em-louvor-a-sao-sebastiao\/","title":{"rendered":"Diocese de Ilh\u00e9us Inicia Festejos em Louvor a S\u00e3o Sebasti\u00e3o"},"content":{"rendered":"<p><em><strong>Por Paulo Costa<\/strong><\/em><br \/>\nCom a presen\u00e7a do Bispo Diocesano de Ilh\u00e9us, Dom Mauro Montagnoli, deu in\u00edcio ontem, 11 de janeiro de 2013, os Festejos em Louvor ao Padroeiro da Catedral e dos Estivadores na Cidade de Ilh\u00e9us. Esta Celebra\u00e7\u00e3o teve ainda a presen\u00e7a e como Concelebrante , o P\u00e1roco da Par\u00f3quia S\u00e3o Jorge e Vig\u00e1rio Geral, o Padre Edinilson Vivas  e tamb\u00e9m comunidades presentes; O Apostolado da Ora\u00e7\u00e3o e o Grupo da Maioridade. Al\u00e9m dessas pessoas tivemos a presen\u00e7a de um Frade , o Frei Giovanni Messias.<br \/>\n<center><a href=\"http:\/\/www.r2cpress.com.br\/v1\/wp-content\/uploads\/CAPA-10-F.jpg\"><img loading=\"lazy\" src=\"http:\/\/www.r2cpress.com.br\/v1\/wp-content\/uploads\/CAPA-10-F.jpg\" alt=\"CAPA 10 F\" width=\"550\" height=\"550\" class=\"aligncenter size-full wp-image-56959\" srcset=\"https:\/\/www.r2cpress.com.br\/v1\/wp-content\/uploads\/CAPA-10-F.jpg 550w, https:\/\/www.r2cpress.com.br\/v1\/wp-content\/uploads\/CAPA-10-F-150x150.jpg 150w, https:\/\/www.r2cpress.com.br\/v1\/wp-content\/uploads\/CAPA-10-F-300x300.jpg 300w\" sizes=\"(max-width: 550px) 100vw, 550px\" \/><\/a><\/center><br \/>\nParticiparam ainda, Coroinhas, Ministros da Liturgia e Eucaristia. Durante a sua Homilia, o Bispo Diocesano de Ilh\u00e9us, destacou a import\u00e2ncia de participarmos dos noven\u00e1rios em prepara\u00e7\u00e3o ao dia festivo em louvor aos padroeiros; tamb\u00e9m nos passou um pouco da Hist\u00f3ria sobre a vida de S\u00e3o Sebasti\u00e3o.<br \/>\nEle nos lembrou da import\u00e2ncia deste festa, mas deixou bem claro que S\u00e3o Sebasti\u00e3o aqui em Ilh\u00e9us \u00e9 Padroeiro da Catedral, dos Estivadores e n\u00e3o da Diocese de Ilh\u00e9us, que tem como Padroeiros: S\u00e3o Jorge e Nossa Senhora das Vit\u00f3rias.<br \/>\nO Tema Central para todas e tamb\u00e9m as Tr\u00eas festas em louvor ao Padroeiro S\u00e3o Sebasti\u00e3o \u00e9 este:  Jubileu da Diocese de Ilh\u00e9us, Cem Anos de Hist\u00f3ria e Luz da F\u00e9 no Deus Uno e Trino.<br \/>\nPor\u00e9m temos as festas das Par\u00f3quias de Barra do Rocha e Mara\u00fa, que s\u00e3o padroeiros tamb\u00e9m das Cidades pertencentes a Diocese de Ilh\u00e9us e l\u00e1 s\u00e3o tamb\u00e9m os mesmos temas e subtemas, pois estamos no Ano Celebrativo em comemora\u00e7\u00e3o ao Primeiro Centen\u00e1rio da nossa Diocese.<\/p>\n","protected":false},"excerpt":{"rendered":"<p>Por Paulo Costa Com a presen\u00e7a do Bispo Diocesano de Ilh\u00e9us, Dom Mauro Montagnoli, deu in\u00edcio ontem, 11 de janeiro de 2013, os Festejos em Louvor ao Padroeiro da Catedral e dos Estivadores na Cidade de Ilh\u00e9us. Esta Celebra\u00e7\u00e3o teve ainda a presen\u00e7a e como Concelebrante , o P\u00e1roco da Par\u00f3quia S\u00e3o Jorge e Vig\u00e1rio [&hellip;]<\/p>\n","protected":false},"author":2,"featured_media":0,"comment_status":"open","ping_status":"open","sticky":false,"template":"","format":"standard","meta":{"_links_to":"","_links_to_target":""},"categories":[14],"tags":[],"_links":{"self":[{"href":"https:\/\/www.r2cpress.com.br\/v1\/wp-json\/wp\/v2\/posts\/56958"}],"collection":[{"href":"https:\/\/www.r2cpress.com.br\/v1\/wp-json\/wp\/v2\/posts"}],"about":[{"href":"https:\/\/www.r2cpress.com.br\/v1\/wp-json\/wp\/v2\/types\/post"}],"author":[{"embeddable":true,"href":"https:\/\/www.r2cpress.com.br\/v1\/wp-json\/wp\/v2\/users\/2"}],"replies":[{"embeddable":true,"href":"https:\/\/www.r2cpress.com.br\/v1\/wp-json\/wp\/v2\/comments?post=56958"}],"version-history":[{"count":2,"href":"https:\/\/www.r2cpress.com.br\/v1\/wp-json\/wp\/v2\/posts\/56958\/revisions"}],"predecessor-version":[{"id":56961,"href":"https:\/\/www.r2cpress.com.br\/v1\/wp-json\/wp\/v2\/posts\/56958\/revisions\/56961"}],"wp:attachment":[{"href":"https:\/\/www.r2cpress.com.br\/v1\/wp-json\/wp\/v2\/media?parent=56958"}],"wp:term":[{"taxonomy":"category","embeddable":true,"href":"https:\/\/www.r2cpress.com.br\/v1\/wp-json\/wp\/v2\/categories?post=56958"},{"taxonomy":"post_tag","embeddable":true,"href":"https:\/\/www.r2cpress.com.br\/v1\/wp-json\/wp\/v2\/tags?post=56958"}],"curies":[{"name":"wp","href":"https:\/\/api.w.org\/{rel}","templated":true}]}}