{"id":5703,"date":"2011-01-03T19:40:42","date_gmt":"2011-01-03T22:40:42","guid":{"rendered":"http:\/\/www.r2cpress.com.br\/v1\/?p=5703"},"modified":"2011-01-03T19:40:42","modified_gmt":"2011-01-03T22:40:42","slug":"camara-municipal-de-ilheus-38","status":"publish","type":"post","link":"https:\/\/www.r2cpress.com.br\/v1\/2011\/01\/03\/camara-municipal-de-ilheus-38\/","title":{"rendered":"C\u00e2mara Municipal de Ilh\u00e9us"},"content":{"rendered":"<p><strong>Dinho G\u00e1s toma posse como presidente da C\u00e2mara Municipal de Ilh\u00e9us<\/strong><\/p>\n<p><a href=\"http:\/\/www.r2cpress.com.br\/v1\/wp-content\/uploads\/Posse-da-Nova-Mesa-Diretora-da-C\u00e2mara-de-Ilh\u00e9us.jpg\"><img loading=\"lazy\" src=\"http:\/\/www.r2cpress.com.br\/v1\/wp-content\/uploads\/Posse-da-Nova-Mesa-Diretora-da-C\u00e2mara-de-Ilh\u00e9us-300x225.jpg\" alt=\"\" title=\"Posse da Nova Mesa Diretora da C\u00e2mara de Ilh\u00e9us\" width=\"300\" height=\"225\" class=\"alignright size-medium wp-image-5704\" srcset=\"https:\/\/www.r2cpress.com.br\/v1\/wp-content\/uploads\/Posse-da-Nova-Mesa-Diretora-da-C\u00e2mara-de-Ilh\u00e9us-300x225.jpg 300w, https:\/\/www.r2cpress.com.br\/v1\/wp-content\/uploads\/Posse-da-Nova-Mesa-Diretora-da-C\u00e2mara-de-Ilh\u00e9us.jpg 640w\" sizes=\"(max-width: 300px) 100vw, 300px\" \/><\/a>Na manh\u00e3 do \u00faltimo s\u00e1bado (01), tomou posse a nova Mesa Diretora da C\u00e2mara de Vereadores de Ilh\u00e9us. Edivaldo Nascimento (Dinho G\u00e1s) vai dirigir o poder legislativo no bi\u00eanio 2011\/2012, acompanhado do vice-presidente Reynaldo Oliveira (Z\u00e9 Neguinho), o 1\u00ba secret\u00e1rio Valmir Freitas e o 2\u00ba secret\u00e1rio Tarc\u00edsio Paix\u00e3o. <\/p>\n<p>Estiveram presentes na posse algumas lideran\u00e7as pol\u00edticas, como a deputada estadual \u00c2ngela Sousa, o prefeito Newton Lima, o vice M\u00e1rio Alexandre e o ex-prefeito de Ilh\u00e9us Jabes Ribeiro.<\/p>\n<p>A Mesa Diretora eleita ter\u00e1 a miss\u00e3o de organizar o Poder Legislativo ilheense para os novos vereadores que ser\u00e3o eleitos nas pr\u00f3ximas elei\u00e7\u00f5es. Segundo a constitui\u00e7\u00e3o, mais parlamentares dever\u00e3o ingressar na C\u00e2mara, totalizando 21 vereadores.<\/p>\n<p>O presidente, Dinho G\u00e1s, fala sobre as propostas da Mesa Diretora para o mandato que se inicia. \u201cTemos in\u00fameros compromissos, ente eles aprovar leis importantes para o munic\u00edpio de Ilh\u00e9us e assim garantir a qualidade de vida dos ilheenses\u201d.<\/p>\n","protected":false},"excerpt":{"rendered":"<p>Dinho G\u00e1s toma posse como presidente da C\u00e2mara Municipal de Ilh\u00e9us Na manh\u00e3 do \u00faltimo s\u00e1bado (01), tomou posse a nova Mesa Diretora da C\u00e2mara de Vereadores de Ilh\u00e9us. Edivaldo Nascimento (Dinho G\u00e1s) vai dirigir o poder legislativo no bi\u00eanio 2011\/2012, acompanhado do vice-presidente Reynaldo Oliveira (Z\u00e9 Neguinho), o 1\u00ba secret\u00e1rio Valmir Freitas e o [&hellip;]<\/p>\n","protected":false},"author":2,"featured_media":0,"comment_status":"open","ping_status":"open","sticky":false,"template":"","format":"standard","meta":{"_links_to":"","_links_to_target":""},"categories":[22],"tags":[],"_links":{"self":[{"href":"https:\/\/www.r2cpress.com.br\/v1\/wp-json\/wp\/v2\/posts\/5703"}],"collection":[{"href":"https:\/\/www.r2cpress.com.br\/v1\/wp-json\/wp\/v2\/posts"}],"about":[{"href":"https:\/\/www.r2cpress.com.br\/v1\/wp-json\/wp\/v2\/types\/post"}],"author":[{"embeddable":true,"href":"https:\/\/www.r2cpress.com.br\/v1\/wp-json\/wp\/v2\/users\/2"}],"replies":[{"embeddable":true,"href":"https:\/\/www.r2cpress.com.br\/v1\/wp-json\/wp\/v2\/comments?post=5703"}],"version-history":[{"count":2,"href":"https:\/\/www.r2cpress.com.br\/v1\/wp-json\/wp\/v2\/posts\/5703\/revisions"}],"predecessor-version":[{"id":5706,"href":"https:\/\/www.r2cpress.com.br\/v1\/wp-json\/wp\/v2\/posts\/5703\/revisions\/5706"}],"wp:attachment":[{"href":"https:\/\/www.r2cpress.com.br\/v1\/wp-json\/wp\/v2\/media?parent=5703"}],"wp:term":[{"taxonomy":"category","embeddable":true,"href":"https:\/\/www.r2cpress.com.br\/v1\/wp-json\/wp\/v2\/categories?post=5703"},{"taxonomy":"post_tag","embeddable":true,"href":"https:\/\/www.r2cpress.com.br\/v1\/wp-json\/wp\/v2\/tags?post=5703"}],"curies":[{"name":"wp","href":"https:\/\/api.w.org\/{rel}","templated":true}]}}