{"id":5707,"date":"2011-01-03T19:44:23","date_gmt":"2011-01-03T22:44:23","guid":{"rendered":"http:\/\/www.r2cpress.com.br\/v1\/?p=5707"},"modified":"2011-01-03T19:44:23","modified_gmt":"2011-01-03T22:44:23","slug":"preso-homem-que-matou-namorada-de-16-anos-em-ilheus","status":"publish","type":"post","link":"https:\/\/www.r2cpress.com.br\/v1\/2011\/01\/03\/preso-homem-que-matou-namorada-de-16-anos-em-ilheus\/","title":{"rendered":"Preso homem que matou namorada de 16 anos em Ilh\u00e9us"},"content":{"rendered":"<p><strong><br \/>\nJaqueline Jesus de Lima foi estrangulada e corpo foi encontrado no \u00faltimo domingo (2)<\/strong><\/p>\n<p>O homem acusado de ter matado uma adolescente de 16 anos foi preso nesta segunda-feira (3) em Ilh\u00e9us, no sul da Bahia. Ubirajara Santos Souza, de 30 anos, que era namorado da v\u00edtima, confessou o crime.<\/p>\n<p>Segundo o delegado Norberto Cordeiro, Ubirajara levou a companheira para passear e, ap\u00f3s discutir sobre a suposta trai\u00e7\u00e3o, matou a adolescente Jaqueline Jesus Lima.<\/p>\n<p>O crime aconteceu no bairro Novo Ilh\u00e9us, pr\u00f3ximo a rodovia Ilh\u00e9us-Uru\u00e7uca, no \u00faltimo s\u00e1bado (1). Em depoimento, o acusado disse que estava b\u00eabado e que havia se drogado antes de cometer o crime.<\/p>\n<p><!--more--><\/p>\n<p>O delegado Norberto Cordeiro, que investiga o caso, declarou que Ubirajara ser\u00e1 autuado em flagrante. \u201cEle j\u00e1 est\u00e1 na carceragem e est\u00e1 a disposi\u00e7\u00e3o da justi\u00e7a\u201d. disse.<\/p>\n<p>Ainda de acordo com o delegado, embora o corpo tenha sido encontrado com algumas perfura\u00e7\u00f5es, a suspeita \u00e9 que a causa da morte foi de estrangulamento com as m\u00e3os.<\/p>\n<p>De acordo com a pol\u00edcia, Ubirajara j\u00e1 tinha passagens pela pol\u00edcia por furto, roubo e desordem, al\u00e9m de ser suspeito de hom\u00edcidio de um outro crime. Ele pode responder por homic\u00eddio qualificado e oculta\u00e7\u00e3o de cad\u00e1ver, podendo pegar at\u00e9 30 anos. A adolescente estava desaparecida havia cinco dias.<\/p>\n<p>Segundo informa\u00e7\u00f5es da TV Santa Cruz, Jaqueline morava com Ubirajara. Ele teria mentido para a fam\u00edlia da v\u00edtima, dizendo que ela n\u00e3o n\u00e3o estava desaparecida. O corpo da adolescente Jaqueline foi encontrado no domingo (2), j\u00e1 em estado de gigantismo, no fundo da casa do acusado.<\/p>\n<p>Mayra Lopes| Reda\u00e7\u00e3o <a href = \"http:\/\/www.correio24horas.com.br\/noticias\/detalhes\/detalhes-1\/artigo\/preso-homem-que-matou-namorada-de-16-anos-em-ilheus\/\" target = \"_news\"><b>CORREIO DA BAHIA<\/b><\/a><br \/>\nredacao@correio24horas.com.br<\/p>\n","protected":false},"excerpt":{"rendered":"<p>Jaqueline Jesus de Lima foi estrangulada e corpo foi encontrado no \u00faltimo domingo (2) O homem acusado de ter matado uma adolescente de 16 anos foi preso nesta segunda-feira (3) em Ilh\u00e9us, no sul da Bahia. Ubirajara Santos Souza, de 30 anos, que era namorado da v\u00edtima, confessou o crime. Segundo o delegado Norberto Cordeiro, [&hellip;]<\/p>\n","protected":false},"author":2,"featured_media":0,"comment_status":"open","ping_status":"open","sticky":false,"template":"","format":"standard","meta":{"_links_to":"","_links_to_target":""},"categories":[25],"tags":[],"_links":{"self":[{"href":"https:\/\/www.r2cpress.com.br\/v1\/wp-json\/wp\/v2\/posts\/5707"}],"collection":[{"href":"https:\/\/www.r2cpress.com.br\/v1\/wp-json\/wp\/v2\/posts"}],"about":[{"href":"https:\/\/www.r2cpress.com.br\/v1\/wp-json\/wp\/v2\/types\/post"}],"author":[{"embeddable":true,"href":"https:\/\/www.r2cpress.com.br\/v1\/wp-json\/wp\/v2\/users\/2"}],"replies":[{"embeddable":true,"href":"https:\/\/www.r2cpress.com.br\/v1\/wp-json\/wp\/v2\/comments?post=5707"}],"version-history":[{"count":3,"href":"https:\/\/www.r2cpress.com.br\/v1\/wp-json\/wp\/v2\/posts\/5707\/revisions"}],"predecessor-version":[{"id":5710,"href":"https:\/\/www.r2cpress.com.br\/v1\/wp-json\/wp\/v2\/posts\/5707\/revisions\/5710"}],"wp:attachment":[{"href":"https:\/\/www.r2cpress.com.br\/v1\/wp-json\/wp\/v2\/media?parent=5707"}],"wp:term":[{"taxonomy":"category","embeddable":true,"href":"https:\/\/www.r2cpress.com.br\/v1\/wp-json\/wp\/v2\/categories?post=5707"},{"taxonomy":"post_tag","embeddable":true,"href":"https:\/\/www.r2cpress.com.br\/v1\/wp-json\/wp\/v2\/tags?post=5707"}],"curies":[{"name":"wp","href":"https:\/\/api.w.org\/{rel}","templated":true}]}}