{"id":57369,"date":"2013-01-20T19:57:50","date_gmt":"2013-01-20T22:57:50","guid":{"rendered":"http:\/\/www.r2cpress.com.br\/v1\/?p=57369"},"modified":"2013-01-20T19:57:50","modified_gmt":"2013-01-20T22:57:50","slug":"lixo-um-desafio","status":"publish","type":"post","link":"https:\/\/www.r2cpress.com.br\/v1\/2013\/01\/20\/lixo-um-desafio\/","title":{"rendered":"LIXO \u2013 Um desafio"},"content":{"rendered":"<p><img loading=\"lazy\" src=\"http:\/\/www.r2cpress.com.br\/v1\/wp-content\/uploads\/zecarlos-r2cpress_reduzida.jpg\" width=\"300\" height=\"207\" class=\"alignright\" \/>Infelizmente este assunto parece ser o mais importante para a nossa cidade.<br \/>\n\u00c9 um grande desafio para o novo governo e ao compromisso assumido pelo nosso alcaide.<br \/>\nPor unanimidade e levando em considera\u00e7\u00e3o que uma cidade do tamanho de Ilh\u00e9us tem milhares de exce\u00e7\u00f5es, o quesito lixo \u00e9 o que mais inquieta a popula\u00e7\u00e3o, principalmente quando as chuvas de ver\u00e3o aparecem (sexta-feira e s\u00e1bado).<br \/>\nOs pontos de lix\u00f5es na cidade podem ser catalogados pelo setor de limpeza p\u00fablica e est\u00e3o \u00e0 vista de todos.<br \/>\nVamos dar aqui um exemplo que deve ser seguido.<br \/>\nA \u00e1rea disponibilizada pela CEPLAC e que fica ao lado do Shopping Popular, recebeu o nome de Pra\u00e7a dos Radialistas, est\u00e1 l\u00e1 toda arrumada e sem a presen\u00e7a do lixo.<br \/>\nSe essa \u00e1rea n\u00e3o fosse ocupada pelo sindicato, com certeza estaria formado mais um ponto de lixo no centro da cidade.<br \/>\nPortanto, insistimos com a presen\u00e7a do governo municipal nas ruas usando das suas prerrogativas, aplicando a legisla\u00e7\u00e3o do C\u00f3digo de Postura, do C\u00f3digo de Obras e outras leis e regulamentos de que disp\u00f5e a prefeitura.<br \/>\nInsistimos tamb\u00e9m numa campanha educacional, envolvendo os segmentos do com\u00e9rcio, sindicatos, associa\u00e7\u00f5es de bairro no sentido de se levar \u00e0 popula\u00e7\u00e3o o real sentido do que deve ser um povo educado e do valor de se exercer a cidadania.<br \/>\nSem educa\u00e7\u00e3o e cidadania o poder p\u00fablico sozinho n\u00e3o consegue realizar nada. Precisamos transformar as atitudes do cidad\u00e3o.<\/p>\n<p><!--more--><\/p>\n<p>Aqui perto da Sapetinga existia um grande e nojento lix\u00e3o. Depois de muitas cobran\u00e7as a prefeitura acabou com o ponto, fez o cal\u00e7amento da rua e passeios, a INFRAERO fez o muro do aeroporto e o col\u00e9gio militar instalou a sua porta principal no espa\u00e7o onde existia o lix\u00e3o, hoje est\u00e1 tudo arrumado e livre da porcaria.<br \/>\nComo nada que \u00e9 bom dura para sempre, alguns metros adiante, eis que alguns moradores j\u00e1 est\u00e3o criando um novo lix\u00e3o, desta vez na porta de um atual secret\u00e1rio municipal (ele inclusive pagou a uma ca\u00e7amba para retirar o lixo).<br \/>\nEsta Rua Brigadeiro Eduardo Gomes faz a liga\u00e7\u00e3o Sapetinga\/Centro do Pontal\/Aeroporto, possui muitas \u00e1rvores e como sugest\u00e3o seria oportuno que a prefeitura instalasse bancos, mesas de domin\u00f3 e\/ou outro equipamento do lado do muro do aeroporto, com a finalidade de tentar coibir a a\u00e7\u00e3o dessas pessoas mal educadas e que n\u00e3o conhecem o que \u00e9 cidadania.<br \/>\nEste exemplo foi dado por um morador dessa rua (G\u00e9rson da Vassoura, falecido recentemente), que em frente da sua casa fez a sua pracinha, com bancos e que ele cuidava com todo cuidado, conservando-a sempre limpa.<br \/>\nAcreditamos que pequenas a\u00e7\u00f5es nos locais onde est\u00e3o \u201cimplantados\u201d os lix\u00f5es com certeza iriam coibir a a\u00e7\u00e3o das pessoas mal educadas que t\u00eam o prazer de jogar o lixo nas ruas e avenidas.<br \/>\nQueremos a presen\u00e7a do governo nas ruas, mostrando a cara e aplicando suas a\u00e7\u00f5es legais para deixar a cidade livre do lixo e suas mazelas.<br \/>\nLimpou + arrumou + retirou = servi\u00e7o perfeito e completo.<br \/>\nE aqui come\u00e7a a hist\u00f3ria da frase:<br \/>\n<b>\u201c Foi um compromisso de campanha, \u00e9 um compromisso de governo e \u00e9 um compromisso com a minha vida. \u201c\u2013 Jabes Souza Ribeiro.<\/b><b><\/p>\n<p><\/b><b>Z\u00c9CARLOS JUNIOR<\/b><\/p>\n","protected":false},"excerpt":{"rendered":"<p>Infelizmente este assunto parece ser o mais importante para a nossa cidade. \u00c9 um grande desafio para o novo governo e ao compromisso assumido pelo nosso alcaide. Por unanimidade e levando em considera\u00e7\u00e3o que uma cidade do tamanho de Ilh\u00e9us tem milhares de exce\u00e7\u00f5es, o quesito lixo \u00e9 o que mais inquieta a popula\u00e7\u00e3o, principalmente [&hellip;]<\/p>\n","protected":false},"author":2,"featured_media":0,"comment_status":"open","ping_status":"open","sticky":false,"template":"","format":"standard","meta":{"_links_to":"","_links_to_target":""},"categories":[10],"tags":[],"_links":{"self":[{"href":"https:\/\/www.r2cpress.com.br\/v1\/wp-json\/wp\/v2\/posts\/57369"}],"collection":[{"href":"https:\/\/www.r2cpress.com.br\/v1\/wp-json\/wp\/v2\/posts"}],"about":[{"href":"https:\/\/www.r2cpress.com.br\/v1\/wp-json\/wp\/v2\/types\/post"}],"author":[{"embeddable":true,"href":"https:\/\/www.r2cpress.com.br\/v1\/wp-json\/wp\/v2\/users\/2"}],"replies":[{"embeddable":true,"href":"https:\/\/www.r2cpress.com.br\/v1\/wp-json\/wp\/v2\/comments?post=57369"}],"version-history":[{"count":2,"href":"https:\/\/www.r2cpress.com.br\/v1\/wp-json\/wp\/v2\/posts\/57369\/revisions"}],"predecessor-version":[{"id":57371,"href":"https:\/\/www.r2cpress.com.br\/v1\/wp-json\/wp\/v2\/posts\/57369\/revisions\/57371"}],"wp:attachment":[{"href":"https:\/\/www.r2cpress.com.br\/v1\/wp-json\/wp\/v2\/media?parent=57369"}],"wp:term":[{"taxonomy":"category","embeddable":true,"href":"https:\/\/www.r2cpress.com.br\/v1\/wp-json\/wp\/v2\/categories?post=57369"},{"taxonomy":"post_tag","embeddable":true,"href":"https:\/\/www.r2cpress.com.br\/v1\/wp-json\/wp\/v2\/tags?post=57369"}],"curies":[{"name":"wp","href":"https:\/\/api.w.org\/{rel}","templated":true}]}}