{"id":57415,"date":"2013-01-21T19:05:38","date_gmt":"2013-01-21T22:05:38","guid":{"rendered":"http:\/\/www.r2cpress.com.br\/v1\/?p=57415"},"modified":"2013-01-21T19:05:38","modified_gmt":"2013-01-21T22:05:38","slug":"prefeitura-de-itabuna-13","status":"publish","type":"post","link":"https:\/\/www.r2cpress.com.br\/v1\/2013\/01\/21\/prefeitura-de-itabuna-13\/","title":{"rendered":"Prefeitura de Itabuna"},"content":{"rendered":"<p><center><a href=\"http:\/\/www.r2cpress.com.br\/v1\/wp-content\/uploads\/CAPA_ita.jpg\"><img loading=\"lazy\" src=\"http:\/\/www.r2cpress.com.br\/v1\/wp-content\/uploads\/CAPA_ita.jpg\" alt=\"CAPA_ita\" width=\"550\" height=\"550\" class=\"aligncenter size-full wp-image-57416\" srcset=\"https:\/\/www.r2cpress.com.br\/v1\/wp-content\/uploads\/CAPA_ita.jpg 550w, https:\/\/www.r2cpress.com.br\/v1\/wp-content\/uploads\/CAPA_ita-150x150.jpg 150w, https:\/\/www.r2cpress.com.br\/v1\/wp-content\/uploads\/CAPA_ita-300x300.jpg 300w\" sizes=\"(max-width: 550px) 100vw, 550px\" \/><\/a><br \/>\n<strong>Assist\u00eancia Social visita \u00e1reas de risco em Itabuna<br \/>\nPrefeito recebe reivindica\u00e7\u00f5es de comunidades rurais<br \/>\nSEC assegura atendimento a alunos com necessidades especiais<br \/>\nCom\u00e9rcio ambulante da Pra\u00e7a Camac\u00e3 receber\u00e1 melhorias<\/strong><\/center><\/p>\n<p><!--more--><\/p>\n<p>***<\/p>\n<p><b>Assist\u00eancia Social visita \u00e1reas de risco em Itabuna<\/b><\/p>\n<p>O secret\u00e1rio de Assist\u00eancia Social, Jos\u00e9 Carlos Trindade, visitou na manh\u00e3 desta segunda-feira, 21, algumas \u00e1reas consideradas de risco no per\u00edodo chuvoso. O primeiro local foi o bairro Novo S\u00e3o Caetano, onde os fortes ventos e as chuvas de domingo arrancaram o telhado de uma casa. A moradora Jocileide Silvestre da Silva relatou que os danos n\u00e3o foram maiores porque contou com a ajuda de vizinhos para tentar salvar parte dos m\u00f3veis durante a tempestade. Trindade informou que vai aguardar um laudo do Departamento de Defesa Civil para saber se h\u00e1 necessidade de incluir a fam\u00edlia atingida no programa de aux\u00edlio \u00e0 moradia. O valor do beneficio \u00e9 de R$150,00.<\/p>\n<p>J\u00e1 na Rua de Palha, a enxurrada n\u00e3o chegou a invadir casas, mas deixou um rastro de lama e destrui\u00e7\u00e3o em toda \u00e1rea e muitas queixas dos moradores. Alguns alegam que h\u00e1 anos foram abandonados \u00e0 pr\u00f3pria sorte pela administra\u00e7\u00e3o municipal. O morador Lindenilson de Jesus dos Santos, disse ficou surpreso com a presen\u00e7a do secret\u00e1rio, acompanhado de t\u00e9cnicos da Assist\u00eancia Social e do vereador Francisco Edes, porque, segundo ele, &#8220;os pol\u00edticos s\u00f3 costumam aparecer aqui em \u00e9poca de campanha eleitoral&#8221;.<\/p>\n<p>Al\u00e9m da falta de infraestrutura, o morador contou que um dos principais problemas enfrentados na localidade \u00e9 a \u00e1gua, que \u00e9 salobra e s\u00f3 cai a cada 15 dias. Ele contou ainda que as fam\u00edlias que moram ali se utilizam da \u00e1gua do rio para atender as necessidades dom\u00e9sticas, como tomar banho, por exemplo.<\/p>\n<p>O secret\u00e1rio Jos\u00e9 Carlos Trindade tamb\u00e9m quis saber porque muitas fam\u00edlias da Rua de Palha est\u00e3o fora de programas sociais como o Bolsa Fam\u00edlia e Minha Casa, Minha Vida. Para ele, as fam\u00edlias enfrentam uma realidade triste, mas que ser\u00e1 mudada com as a\u00e7\u00f5es que ser\u00e3o realizadas pelo governo municipal. Trindade determinou \u00e0 Divis\u00e3o de Prote\u00e7\u00e3o Social B\u00e1sica o levantamento de todos os moradores exclu\u00eddos dos programas sociais. \u201cSei que est\u00e3o desacreditados, depois de tantas promessas n\u00e3o cumpridas de governos anteriores, mas vamos provar que \u00e9 poss\u00edvel mudar esse quadro desolador que vemos hoje na periferia de Itabuna pela determina\u00e7\u00e3o do prefeito Vane\u201d.<\/p>\n<p><strong>Prefeito recebe reivindica\u00e7\u00f5es de comunidades rurais <\/strong><\/p>\n<p>O prefeito Claudevane Leite recebeu na sexta-feira, 18, lideran\u00e7as do movimento de agricultura familiar de Itabuna para ouvir as principais necessidades da categoria. A reuni\u00e3o do prefeito, com as participa\u00e7\u00f5es do vice-prefeito e secret\u00e1rio de Planejamento e Tecnologia Wenceslau Junior, do secret\u00e1rio de Agricultura Lanns Almeida Filho, dos vereadores Aldenes Meira, presidente da C\u00e2mara de Vereadores, e Ant\u00f4nio Cavalcante e da diretoria do Sindicato Rural dos Trabalhadores de Itabuna (STR).<br \/>\nRepresentando as comunidades rurais estavam os l\u00edderes da Ro\u00e7a do Povo, Serrado, Morumbi, Manoel Chin\u00eas, Alemita, Asebi, Agrofan, Feira do Produtor, Minha Terra, Minha Vida e Associa\u00e7\u00e3o de Produtores Familiares de Itabuna. No encontro os produtores entregaram a Vane um documento com as reivindica\u00e7\u00f5es de todas as comunidades. Entre os pedidos est\u00e3o o agendamento de encontros com os presidentes de todas as associa\u00e7\u00f5es, melhorias nas escolas rurais, cria\u00e7\u00e3o de projetos na \u00e1rea de esportes, infraestrutura para armazenamento e distribui\u00e7\u00e3o de \u00e1gua, cascalhamento completo das estradas e bom funcionamento dos postos de sa\u00fade.<br \/>\nO vice-prefeito e secret\u00e1rio Wenceslau Junior pediu paci\u00eancia para os projetos que precisam de planejamento e prometeu agilidade para os emergenciais. Uma quest\u00e3o enfatizada por Aldenes Meira, presidente da C\u00e2mara de Vereadores, foi situa\u00e7\u00e3o das estradas. \u201c\u00c9 por elas que escoa a produ\u00e7\u00e3o e numa regi\u00e3o como a nossa em que chove muito, n\u00e3o \u00e9 barato manter a estrada em bom estado\u201d disse.<br \/>\n\u201cA agricultura \u00e9 uma via para o crescimento, precisamos fortalecer as cooperativas e as associa\u00e7\u00f5es que j\u00e1 existem\u201d afirmou o secret\u00e1rio de Agricultura Lanns Almeida Filho. O secret\u00e1rio informou que est\u00e1 em fase de elabora\u00e7\u00e3o um plano completo para as feiras livres, projeto que envolve diversas secretarias e que vai melhorar as condi\u00e7\u00f5es de trabalho dos produtores.<br \/>\nO prefeito Claudevane Leite deixou claro que pretende melhorar todo o servi\u00e7o p\u00fablico, beneficiando tanto a cidade como a zona rural. Vane apontou conquistas que j\u00e1 est\u00e3o consolidadas, como a ponte para a localidade de Itamarac\u00e1, a patrulha mec\u00e2nica para as estradas vicinais e o Sistema de Abastecimento de \u00c1gua para a localidade do Morumbi.  Vane determinou aos secret\u00e1rios presentes \u00e0 reuni\u00e3o o m\u00e1ximo de empenho para resolver as reivindica\u00e7\u00f5es dos pequenos produtores. &#8220;Queremos apoiar a agricultura familiar porque assim estaremos fortalecendo a economia, para a m\u00e9dio ou longo prazo ver o crescimento das comunidades, para que tenhamos emprego, renda e bem-estar para todos\u201d disse Vane. <\/p>\n<p><strong>SEC assegura atendimento a alunos com necessidades especiais<\/strong><\/p>\n<p>\tAl\u00e9m de assegurar o atendimento aos alunos com necessidades educacionais especiais, atrav\u00e9s da matr\u00edcula regular na Rede P\u00fablica Municipal de Ensino de Itabuna, a Secretaria da Educa\u00e7\u00e3o manter\u00e1 em pleno funcionamento o Centro Psicossocial de Educa\u00e7\u00e3o Inclusiva (Cepei) e anuncia a implanta\u00e7\u00e3o de Salas de Recursos Multifuncionais (SRM) em mais cinco unidades escolares.<br \/>\nO objetivo \u00e9 garantir o acesso, a perman\u00eancia e o sucesso dos alunos com defici\u00eancia de natureza f\u00edsica, intelectual ou sensorial, com transtornos globais de desenvolvimento neuropsicomotor, bem como alunos com comprometimento nas rela\u00e7\u00f5es sociais, na comunica\u00e7\u00e3o ou estereotipias motoras e com altas habilidades\/superdota\u00e7\u00e3o.<br \/>\n\tSegundo a assessora psicopedag\u00f3gica da Educa\u00e7\u00e3o Inclusiva da SEC, professora M\u00e1rcia Peixinho, todo o trabalho de inclus\u00e3o social para alunos com necessidades educacionais especiais ser\u00e1 pautado nos princ\u00edpios de respeito \u00e0 diversidade, \u00e0s diferen\u00e7as e ao direito \u00e0 igualdade de oportunidades.<br \/>\nEla ressalta que, neste sentido, a Secretaria da Educa\u00e7\u00e3o ir\u00e1 impulsionar as pol\u00edticas p\u00fablicas implementadas no setor com o fortalecimento do Cepei e a instala\u00e7\u00e3o de Salas de Recursos Multifuncionais nas escolas Ciso, Lourival Oliveira Soares, S\u00e3o Paulo da Cruz, Everaldo Cardoso e Educand\u00e1rio Isa Brito. Com isso, a Rede Municipal de Ensino passar\u00e1 a contar com 18 SRM, \tespa\u00e7os destinados ao atendimento aos alunos com defici\u00eancia (f\u00edsica, intelectual ou sensorial), com transtornos globais de desenvolvimento e alunos com altas habilidades.<br \/>\nA assessora da Educa\u00e7\u00e3o Inclusiva acrescenta que no Cepei s\u00e3o realizados atendimentos psicopedag\u00f3gico, psicol\u00f3gico e fonoaudiol\u00f3gico, al\u00e9m de aulas de musicoterapia, dan\u00e7a e movimento com profissionais especializados nestas \u00e1reas. \u201cNo centro tamb\u00e9m \u00e9 feito o trabalho de acolhimento familiar, atrav\u00e9s de aulas educativas, palestras, sess\u00f5es de filmes, oficinas de bordado, pintura, brech\u00f3s e canto-coral\u201d, argumentou.<br \/>\nM\u00e1rcia Peixinho diz ainda que as pol\u00edticas p\u00fablicas da Educa\u00e7\u00e3o Inclusiva em Itabuna ser\u00e3o focadas ainda na forma\u00e7\u00e3o continuada de professores para que possam ter conhecimentos e habilidades necess\u00e1rias para atender estudantes nas \u00e1reas das defici\u00eancias visual, auditiva, intelectual e dificuldades de aprendizagem.<\/p>\n<p><strong>Com\u00e9rcio ambulante da Pra\u00e7a Camac\u00e3 receber\u00e1 melhorias<\/strong><\/p>\n<p>A Prefeitura e ambulantes que comercializam alimentos na Pra\u00e7a Oct\u00e1vio Mangabeira (Pra\u00e7a Camac\u00e3), no centro de Itabuna, trataram sobre quest\u00f5es de organiza\u00e7\u00e3o, revitaliza\u00e7\u00e3o e seguran\u00e7a do local em reuni\u00e3o nesta segunda-feira, 21, no audit\u00f3rio do Escrit\u00f3rio Local da Ceplac. Participaram do encontro representantes das secretarias municipais de Ind\u00fastria, Com\u00e9rcio e Turismo, Finan\u00e7as, Desenvolvimento Urbano e da Procuradoria Geral do Munic\u00edpio, Vigil\u00e2ncia Sanit\u00e1ria, Guarda Municipal e  Sebrae.<br \/>\nO poder p\u00fablico municipal tomou a iniciativa do encontro devido \u00e0 situa\u00e7\u00e3o encontrada durante a fiscaliza\u00e7\u00e3o das barracas na semana passada. Algumas medidas ser\u00e3o tomadas para no curto prazo melhorar a condi\u00e7\u00e3o dos comerciantes, mas em m\u00e9dio prazo as barracas ser\u00e3o padronizadas e toda a estrutura passar\u00e1 por melhorias para atendimento ao p\u00fablico.<br \/>\nOs pontos decididos durante o encontro no audit\u00f3rio da Ceplac foram: instala\u00e7\u00e3o adequada da rede el\u00e9trica, formaliza\u00e7\u00e3o de cada ambulante como empreendedor individual, organiza\u00e7\u00e3o associativista e forma\u00e7\u00e3o de uma comiss\u00e3o para legaliza\u00e7\u00e3o da atividade perante a prefeitura. A Vigil\u00e2ncia Sanit\u00e1ria atuar\u00e1 nas orienta\u00e7\u00f5es para cuidados b\u00e1sicos no manuseio de alimentos enquanto o Sebrae se encarregou da aplica\u00e7\u00e3o  de cursos de qualifica\u00e7\u00e3o da m\u00e3o de obra.<br \/>\nFicou estabelecido que o hor\u00e1rio de funcionamento ser\u00e1 entre as 17h e 23h, diariamente. A ap\u00f3s esse hor\u00e1rio, as barracas ser\u00e3o retiradas e os comerciantes far\u00e3o a limpeza e o acondicionamento do lixo para coleta at\u00e9 \u00e0 meia-noite. Com isso, aquele espa\u00e7o p\u00fablico ficar\u00e1 liberado para estacionamento de ve\u00edculos durante todo o dia. As decis\u00f5es facilitaram o entendimento entre os comerciantes e o Munic\u00edpio e garantiram suporte para o melhor funcionamento das atividades dos ambulantes no local.  <\/p>\n<p>_________________________<br \/>\nPrefeitura Municipal de Itabuna<br \/>\nDepartamento de Comunica\u00e7\u00e3o Social<br \/>\nFotos:  Gabriel de Oliveira e Pedro Augusto<\/p>\n","protected":false},"excerpt":{"rendered":"<p>Assist\u00eancia Social visita \u00e1reas de risco em Itabuna Prefeito recebe reivindica\u00e7\u00f5es de comunidades rurais SEC assegura atendimento a alunos com necessidades especiais Com\u00e9rcio ambulante da Pra\u00e7a Camac\u00e3 receber\u00e1 melhorias<\/p>\n","protected":false},"author":2,"featured_media":0,"comment_status":"open","ping_status":"open","sticky":false,"template":"","format":"standard","meta":{"_links_to":"","_links_to_target":""},"categories":[15],"tags":[],"_links":{"self":[{"href":"https:\/\/www.r2cpress.com.br\/v1\/wp-json\/wp\/v2\/posts\/57415"}],"collection":[{"href":"https:\/\/www.r2cpress.com.br\/v1\/wp-json\/wp\/v2\/posts"}],"about":[{"href":"https:\/\/www.r2cpress.com.br\/v1\/wp-json\/wp\/v2\/types\/post"}],"author":[{"embeddable":true,"href":"https:\/\/www.r2cpress.com.br\/v1\/wp-json\/wp\/v2\/users\/2"}],"replies":[{"embeddable":true,"href":"https:\/\/www.r2cpress.com.br\/v1\/wp-json\/wp\/v2\/comments?post=57415"}],"version-history":[{"count":3,"href":"https:\/\/www.r2cpress.com.br\/v1\/wp-json\/wp\/v2\/posts\/57415\/revisions"}],"predecessor-version":[{"id":57419,"href":"https:\/\/www.r2cpress.com.br\/v1\/wp-json\/wp\/v2\/posts\/57415\/revisions\/57419"}],"wp:attachment":[{"href":"https:\/\/www.r2cpress.com.br\/v1\/wp-json\/wp\/v2\/media?parent=57415"}],"wp:term":[{"taxonomy":"category","embeddable":true,"href":"https:\/\/www.r2cpress.com.br\/v1\/wp-json\/wp\/v2\/categories?post=57415"},{"taxonomy":"post_tag","embeddable":true,"href":"https:\/\/www.r2cpress.com.br\/v1\/wp-json\/wp\/v2\/tags?post=57415"}],"curies":[{"name":"wp","href":"https:\/\/api.w.org\/{rel}","templated":true}]}}