{"id":57566,"date":"2013-01-24T14:26:41","date_gmt":"2013-01-24T17:26:41","guid":{"rendered":"http:\/\/www.r2cpress.com.br\/v1\/?p=57566"},"modified":"2013-01-24T14:26:41","modified_gmt":"2013-01-24T17:26:41","slug":"deputada-propoe-medidas-para-garantir-permanencia-da-costa-cruzeiros-em-ilheus","status":"publish","type":"post","link":"https:\/\/www.r2cpress.com.br\/v1\/2013\/01\/24\/deputada-propoe-medidas-para-garantir-permanencia-da-costa-cruzeiros-em-ilheus\/","title":{"rendered":"Deputada prop\u00f5e medidas para garantir  perman\u00eancia da Costa Cruzeiros em Ilh\u00e9us"},"content":{"rendered":"<p><center><a href=\"http:\/\/www.r2cpress.com.br\/v1\/wp-content\/uploads\/dep-costa-cruzeiro.jpg\"><img loading=\"lazy\" src=\"http:\/\/www.r2cpress.com.br\/v1\/wp-content\/uploads\/dep-costa-cruzeiro.jpg\" alt=\"dep costa cruzeiro\" width=\"550\" height=\"367\" class=\"aligncenter size-full wp-image-57567\" srcset=\"https:\/\/www.r2cpress.com.br\/v1\/wp-content\/uploads\/dep-costa-cruzeiro.jpg 550w, https:\/\/www.r2cpress.com.br\/v1\/wp-content\/uploads\/dep-costa-cruzeiro-300x200.jpg 300w\" sizes=\"(max-width: 550px) 100vw, 550px\" \/><\/a><\/center><\/p>\n<p>Pioneiros na vinda de transatl\u00e2nticos para Ilh\u00e9us, os navios da empresa Costa Cruzeiros n\u00e3o v\u00e3o mais atracar na cidade a partir da pr\u00f3xima temporada 2013\/2014, provocando um grande preju\u00edzo para o turismo regional. A informa\u00e7\u00e3o foi da diretora-presidente da LR Turismo, Avani Perez Duran, e do representante da Costa Crociere S.p.A., Geraldo Teotodo de Almeida, durante reuni\u00e3o com a deputada estadual \u00c2ngela Sousa (PSD). Preocupada com as consequ\u00eancias negativas que a sa\u00edda dos navios da Costa Cruzeiros vai trazer para a cidade, a deputada \u00c2ngela Sousa se reuniu com os vereadores Alisson Mendon\u00e7a, Cosme Ara\u00fajo, Lukas Paiva, Dero, Valmir Freitas e Tarcisio Paix\u00e3o, na tentativa de propor um movimento conjunto entre os poderes Executivo, Legislativo e a sociedade civil organizada para garantir a perman\u00eancia da parada dos navios na cidade.<\/p>\n<p>De acordo com a diretora-presidente da LR Turismo, Avani Duran, os principais motivos para a sa\u00edda dos navios da Costa Cruzeiros de Ilh\u00e9us s\u00e3o os altos custos das paradas e os elevados pre\u00e7os de servi\u00e7os praticados n\u00e3o somente em Ilh\u00e9us, mas nos demais portos brasileiros. Al\u00e9m disso, h\u00e1 existem exig\u00eancias legais de um grande percentual de brasileiros na tripula\u00e7\u00e3o, o que acaba encarecendo ainda mais os custos e comprometendo a qualidade dos servi\u00e7os. Por conta disso, muitas empresas tem preferido atuar em pa\u00edses da Europa e da \u00c1sia, onde existem n\u00e3o somente menores pre\u00e7os, como tamb\u00e9m mais incentivos para atrair os navios transatl\u00e2nticos para esses pa\u00edses.<\/p>\n<p><!--more--><\/p>\n<p>Somente para se ter ideia dos preju\u00edzos para Ilh\u00e9us, na \u00faltima temporada foram realizadas 26 paradas dos navios da Costa Cruzeiros na cidade, atualmente ser\u00e3o 19 paradas e na pr\u00f3xima temporada n\u00e3o est\u00e1 prevista a chegada desses navios no Porto do Malhado. Na avalia\u00e7\u00e3o da deputada estadual \u00c2ngela Sousa, isso trar\u00e1 s\u00e9rios problemas para o turismo regional, j\u00e1 que os transatl\u00e2nticos s\u00e3o respons\u00e1veis pela gera\u00e7\u00e3o de empregos diretos e indiretos e movimentam a economia da cidade. Somente nesta temporada ser\u00e3o cerca de 80 mil turistas que chegar\u00e3o a Ilh\u00e9us atrav\u00e9s dos transatl\u00e2nticos, visitando a cidade e aquecendo a economia. De acordo com dados da LR Turismo, cada visitante gasta em m\u00e9dia R$ 200,00 na cidade, gerando emprego e renda n\u00e3o somente para Ilh\u00e9us, como tamb\u00e9m em munic\u00edpios vizinhos.<\/p>\n<p>Para tentar reverter essa situa\u00e7\u00e3o e garantir a perman\u00eancia das paradas dos navios da Costa Cruzeiro em Ilh\u00e9us, a deputada estadual \u00c2ngela Sousa est\u00e1 propondo a elabora\u00e7\u00e3o de um documento conjunto constru\u00eddo e assinado pelos representes da Prefeitura de Ilh\u00e9us, C\u00e2mara de Vereadores, entidades ligadas ao com\u00e9rcio, turismo, servi\u00e7os e a sociedade civil organizada fazendo uma exposi\u00e7\u00e3o de motivos sobre a necessidade da perman\u00eancia dos navios da Costa Cruzeiros em Ilh\u00e9us. Esse documento ser\u00e1 encaminhado para a dire\u00e7\u00e3o da Costa Crociere S.p.A. na Am\u00e9rica do Sul e tamb\u00e9m na sede da It\u00e1lia demonstrando que Ilh\u00e9us tem o interesse de continuar com os navios atracando na cidade e reafirmando o quanto os transatl\u00e2nticos s\u00e3o importantes para o turismo e para a economia regional.<\/p>\n<p>Audi\u00eancia &#8211; \u00c2ngela Sousa tamb\u00e9m estar\u00e1 apresentando o problema e buscando alternativas na Comiss\u00e3o de Turismo da Assembleia Legislativa do Estado da Bahia, tendo em vista que a sa\u00edda dos navios da Costa Cruzeiros n\u00e3o afetar\u00e1 apenas Ilh\u00e9us, mas tamb\u00e9m diversos munic\u00edpios baianos, j\u00e1 que haver\u00e1 uma redu\u00e7\u00e3o de paradas no Porto de Salvador. A deputada tamb\u00e9m est\u00e1 propondo a realiza\u00e7\u00e3o de uma audi\u00eancia com o diretor-presidente da Companhia das Docas do Estado da Bahia (Codeba), Jos\u00e9 Rebou\u00e7as, para mostrar a preocupa\u00e7\u00e3o dos gestores locais com a sa\u00edda dos navios da Costa Cruzeiros e buscar a melhoria dos servi\u00e7os prestados no Porto de Ilh\u00e9us.<\/p>\n<p>Outra preocupa\u00e7\u00e3o da deputada \u00c2ngela Sousa \u00e9 que a sa\u00edda da Costa Cruzeiros possa acabar incentivando tamb\u00e9m a retirada dos navios de outras bandeiras, j\u00e1 que essa empresa foi a pioneira na chegada de navios na cidade e agora tamb\u00e9m \u00e9 a primeira a deixar esse porto. Considerada como uma das mais conceituadas empresas nesse ramo, a Costa Crociere S.p.A.  \u00e9 o maior grupo tur\u00edstico italiano e a companhia n\u00famero 1 na Europa, respons\u00e1vel pelas marcas Costa Crociere, AIDA Cruises e Iberocruceros. A sede do grupo \u00e9 em G\u00eanova. A Costa Crociere S.p.A. conta com a maior frota de todos os operadores europeus, com um total de 26 navios e capacidade total de cerca de 67.000 h\u00f3spedes. A empresa traz todos os anos milhares de turistas para Ilh\u00e9us e agora corre o risco de n\u00e3o mais atracar na cidade.<\/p>\n","protected":false},"excerpt":{"rendered":"<p>Pioneiros na vinda de transatl\u00e2nticos para Ilh\u00e9us, os navios da empresa Costa Cruzeiros n\u00e3o v\u00e3o mais atracar na cidade a partir da pr\u00f3xima temporada 2013\/2014, provocando um grande preju\u00edzo para o turismo regional. A informa\u00e7\u00e3o foi da diretora-presidente da LR Turismo, Avani Perez Duran, e do representante da Costa Crociere S.p.A., Geraldo Teotodo de Almeida, [&hellip;]<\/p>\n","protected":false},"author":2,"featured_media":0,"comment_status":"open","ping_status":"open","sticky":false,"template":"","format":"standard","meta":{"_links_to":"","_links_to_target":""},"categories":[22],"tags":[],"_links":{"self":[{"href":"https:\/\/www.r2cpress.com.br\/v1\/wp-json\/wp\/v2\/posts\/57566"}],"collection":[{"href":"https:\/\/www.r2cpress.com.br\/v1\/wp-json\/wp\/v2\/posts"}],"about":[{"href":"https:\/\/www.r2cpress.com.br\/v1\/wp-json\/wp\/v2\/types\/post"}],"author":[{"embeddable":true,"href":"https:\/\/www.r2cpress.com.br\/v1\/wp-json\/wp\/v2\/users\/2"}],"replies":[{"embeddable":true,"href":"https:\/\/www.r2cpress.com.br\/v1\/wp-json\/wp\/v2\/comments?post=57566"}],"version-history":[{"count":2,"href":"https:\/\/www.r2cpress.com.br\/v1\/wp-json\/wp\/v2\/posts\/57566\/revisions"}],"predecessor-version":[{"id":57569,"href":"https:\/\/www.r2cpress.com.br\/v1\/wp-json\/wp\/v2\/posts\/57566\/revisions\/57569"}],"wp:attachment":[{"href":"https:\/\/www.r2cpress.com.br\/v1\/wp-json\/wp\/v2\/media?parent=57566"}],"wp:term":[{"taxonomy":"category","embeddable":true,"href":"https:\/\/www.r2cpress.com.br\/v1\/wp-json\/wp\/v2\/categories?post=57566"},{"taxonomy":"post_tag","embeddable":true,"href":"https:\/\/www.r2cpress.com.br\/v1\/wp-json\/wp\/v2\/tags?post=57566"}],"curies":[{"name":"wp","href":"https:\/\/api.w.org\/{rel}","templated":true}]}}