{"id":57585,"date":"2013-01-24T18:41:27","date_gmt":"2013-01-24T21:41:27","guid":{"rendered":"http:\/\/www.r2cpress.com.br\/v1\/?p=57585"},"modified":"2013-01-24T18:41:27","modified_gmt":"2013-01-24T21:41:27","slug":"jabes-conversa-com-ministro-sobre-obras-na-regiao","status":"publish","type":"post","link":"https:\/\/www.r2cpress.com.br\/v1\/2013\/01\/24\/jabes-conversa-com-ministro-sobre-obras-na-regiao\/","title":{"rendered":"Jabes conversa com ministro sobre obras na regi\u00e3o"},"content":{"rendered":"<p>O prefeito de Ilh\u00e9us, Jabes Ribeiro, recebeu, em seu gabinete no Pal\u00e1cio Paranagu\u00e1, na tarde desta quinta-feira, 24, a visita do ministro dos Transportes Paulo S\u00e9rgio Passos, quando foram discutidos aspectos referentes \u00e0 Ferrovia de Integra\u00e7\u00e3o Oeste Leste (FIOL) e a duplica\u00e7\u00e3o da BR 415 (Ilh\u00e9us-Itabuna). Do encontro, participaram ainda o presidente da Valec, Josias de Souza Sampaio, e dos secret\u00e1rios executivos do minist\u00e9rio, Miguel Masela, e do Programa de Acelera\u00e7\u00e3o do Crescimento, do Minist\u00e9rio do Planejamento, al\u00e9m dos secret\u00e1rios municipais de Desenvolvimento Issac Albagli, e do Planejamento, Joaquim Bastos.<br \/>\n<div id=\"attachment_57586\" style=\"width: 560px\" class=\"wp-caption aligncenter\"><a href=\"http:\/\/www.r2cpress.com.br\/v1\/wp-content\/uploads\/Prefeito-Jabes-Ribeiro-recebe-o-Ministro-dos-Transportes-Paulo-S\u00e9rgio-Passos-Foto-Alfredo-FIlho-Secom-PMIlh\u00e9us.jpg\"><img aria-describedby=\"caption-attachment-57586\" loading=\"lazy\" src=\"http:\/\/www.r2cpress.com.br\/v1\/wp-content\/uploads\/Prefeito-Jabes-Ribeiro-recebe-o-Ministro-dos-Transportes-Paulo-S\u00e9rgio-Passos-Foto-Alfredo-FIlho-Secom-PMIlh\u00e9us.jpg\" alt=\"Prefeito Jabes Ribeiro recebe o Ministro dos Transportes Paulo S\u00e9rgio Passos - Foto Alfredo FIlho - Secom-PMIlh\u00e9us\" width=\"550\" height=\"312\" class=\"size-full wp-image-57586\" srcset=\"https:\/\/www.r2cpress.com.br\/v1\/wp-content\/uploads\/Prefeito-Jabes-Ribeiro-recebe-o-Ministro-dos-Transportes-Paulo-S\u00e9rgio-Passos-Foto-Alfredo-FIlho-Secom-PMIlh\u00e9us.jpg 550w, https:\/\/www.r2cpress.com.br\/v1\/wp-content\/uploads\/Prefeito-Jabes-Ribeiro-recebe-o-Ministro-dos-Transportes-Paulo-S\u00e9rgio-Passos-Foto-Alfredo-FIlho-Secom-PMIlh\u00e9us-300x170.jpg 300w\" sizes=\"(max-width: 550px) 100vw, 550px\" \/><\/a><p id=\"caption-attachment-57586\" class=\"wp-caption-text\">Prefeito Jabes Ribeiro recebe o Ministro dos Transportes Paulo S\u00e9rgio Passos &#8211; Foto Alfredo FIlho &#8211; Secom-PMIlh\u00e9us<\/p><\/div><br \/>\nEmbora a visita tenha sido de cortesia, Jabes Ribeiro afirmou que a conversa com o ministro foi bastante proveitosa e que trouxe novas esperan\u00e7as e perspectivas \u00e0 regi\u00e3o. \u201cO importante \u00e9 que podemos perceber o empenho do governo Federal e do minist\u00e9rio em agilizar os projetos desenvolvimentistas para a nossa regi\u00e3o\u201d,destacou o prefeito.<\/p>\n<p>O ministro S\u00e9rgio Passos destacou que os estudos sobre a duplica\u00e7\u00e3o da BR 415 est\u00e3o avan\u00e7ados. \u201cEstamos trabalhando para criar condi\u00e7\u00f5es de iniciarmos o mais r\u00e1pido poss\u00edvel a duplica\u00e7\u00e3o da rodovia Ilh\u00e9us-Itabuna\u201d, comentou. Com rela\u00e7\u00e3o \u00e0 FIOL, Passos disse que os quatro lotes devem estar conclu\u00eddos em 2015. \u201cH\u00e1 fortes indicativos de que entregaremos esta obra no tempo previsto; j\u00e1 vencemos grandes obst\u00e1culos, como as desapropria\u00e7\u00f5es, quest\u00f5es ambientais e conclu\u00edmos o projeto Executivo. Tudo isso permite acreditar que as obras v\u00e3o andar em um ritmo mais acelerado\u201d, atestou.<\/p>\n<p>Antes da visita ao prefeito Jabes Ribeiro, Passos participou de uma reuni\u00e3o de trabalho na sede da Associa\u00e7\u00e3o Comercial de Ilh\u00e9us, onde foi discutido com representantes das empresas da obra o andamento da FIOL.\u201cA reuni\u00e3o foi bastante proveitosa, pudemos fazer uma avalia\u00e7\u00e3o da obra, discutir tend\u00eancias e desafios e apontar os resultados obtidos at\u00e9 agora\u201d, explicou o ministro dos Transportes.<\/p>\n","protected":false},"excerpt":{"rendered":"<p>O prefeito de Ilh\u00e9us, Jabes Ribeiro, recebeu, em seu gabinete no Pal\u00e1cio Paranagu\u00e1, na tarde desta quinta-feira, 24, a visita do ministro dos Transportes Paulo S\u00e9rgio Passos, quando foram discutidos aspectos referentes \u00e0 Ferrovia de Integra\u00e7\u00e3o Oeste Leste (FIOL) e a duplica\u00e7\u00e3o da BR 415 (Ilh\u00e9us-Itabuna). Do encontro, participaram ainda o presidente da Valec, Josias [&hellip;]<\/p>\n","protected":false},"author":2,"featured_media":0,"comment_status":"open","ping_status":"open","sticky":false,"template":"","format":"standard","meta":{"_links_to":"","_links_to_target":""},"categories":[23],"tags":[],"_links":{"self":[{"href":"https:\/\/www.r2cpress.com.br\/v1\/wp-json\/wp\/v2\/posts\/57585"}],"collection":[{"href":"https:\/\/www.r2cpress.com.br\/v1\/wp-json\/wp\/v2\/posts"}],"about":[{"href":"https:\/\/www.r2cpress.com.br\/v1\/wp-json\/wp\/v2\/types\/post"}],"author":[{"embeddable":true,"href":"https:\/\/www.r2cpress.com.br\/v1\/wp-json\/wp\/v2\/users\/2"}],"replies":[{"embeddable":true,"href":"https:\/\/www.r2cpress.com.br\/v1\/wp-json\/wp\/v2\/comments?post=57585"}],"version-history":[{"count":2,"href":"https:\/\/www.r2cpress.com.br\/v1\/wp-json\/wp\/v2\/posts\/57585\/revisions"}],"predecessor-version":[{"id":57588,"href":"https:\/\/www.r2cpress.com.br\/v1\/wp-json\/wp\/v2\/posts\/57585\/revisions\/57588"}],"wp:attachment":[{"href":"https:\/\/www.r2cpress.com.br\/v1\/wp-json\/wp\/v2\/media?parent=57585"}],"wp:term":[{"taxonomy":"category","embeddable":true,"href":"https:\/\/www.r2cpress.com.br\/v1\/wp-json\/wp\/v2\/categories?post=57585"},{"taxonomy":"post_tag","embeddable":true,"href":"https:\/\/www.r2cpress.com.br\/v1\/wp-json\/wp\/v2\/tags?post=57585"}],"curies":[{"name":"wp","href":"https:\/\/api.w.org\/{rel}","templated":true}]}}