{"id":57879,"date":"2013-01-29T10:46:13","date_gmt":"2013-01-29T13:46:13","guid":{"rendered":"http:\/\/www.r2cpress.com.br\/v1\/?p=57879"},"modified":"2013-01-29T10:46:13","modified_gmt":"2013-01-29T13:46:13","slug":"espaco-para-adolescentes-funciona-no-teotonio-vilela","status":"publish","type":"post","link":"https:\/\/www.r2cpress.com.br\/v1\/2013\/01\/29\/espaco-para-adolescentes-funciona-no-teotonio-vilela\/","title":{"rendered":"Espa\u00e7o para Adolescentes funciona no Teot\u00f4nio Vilela"},"content":{"rendered":"<p><center><a href=\"http:\/\/www.r2cpress.com.br\/v1\/wp-content\/uploads\/1\u00aa-Gincana-dos-Adolescentes-do-Teot\u00f4nio-Vilela-foto-Karoline-VItal-3.jpg\"><img loading=\"lazy\" src=\"http:\/\/www.r2cpress.com.br\/v1\/wp-content\/uploads\/1\u00aa-Gincana-dos-Adolescentes-do-Teot\u00f4nio-Vilela-foto-Karoline-VItal-3.jpg\" alt=\"1\u00aa Gincana dos Adolescentes do Teot\u00f4nio Vilela - foto Karoline VItal (3)\" width=\"550\" height=\"413\" class=\"aligncenter size-full wp-image-57880\" srcset=\"https:\/\/www.r2cpress.com.br\/v1\/wp-content\/uploads\/1\u00aa-Gincana-dos-Adolescentes-do-Teot\u00f4nio-Vilela-foto-Karoline-VItal-3.jpg 550w, https:\/\/www.r2cpress.com.br\/v1\/wp-content\/uploads\/1\u00aa-Gincana-dos-Adolescentes-do-Teot\u00f4nio-Vilela-foto-Karoline-VItal-3-300x225.jpg 300w\" sizes=\"(max-width: 550px) 100vw, 550px\" \/><\/a><\/center><\/p>\n<p>O primeiro Espa\u00e7o de Conviv\u00eancia para Adolescentes de Ilh\u00e9us j\u00e1 est\u00e1 em funcionamento no bairro Teot\u00f4nio Vilela. As atividades foram abertas no \u00faltimo s\u00e1bado (26) com uma Gincana voltada para os jovens. O evento contou com 64 inscritos, com idade entre 12 e 18 anos. A partir desta semana, o projeto inicia seus trabalhos regulares, com atividades \u00e0s ter\u00e7as e quintas-feiras das 9 \u00e0s 11 horas e das 14 \u00e0s 16 horas. A sede provis\u00f3ria \u00e9 a Associa\u00e7\u00e3o de Moradores.<\/p>\n<p>            A Primeira Gincana dos Adolescentes foi o pontap\u00e9 inicial para integra\u00e7\u00e3o entre a equipe do Espa\u00e7o de Conviv\u00eancia e os adolescentes. O evento contou com o apoio da escola Em\u00edlia de Brito Correia, que disponibilizou espa\u00e7o para ponto de apoio. A estrutura de som, palco e os lanches foram conseguidos com a ajuda de parceiros.<\/p>\n<p><!--more--><\/p>\n<p> As brincadeiras da Gincana aconteceram ao longo da tarde. Os jovens foram divididos em quatro grupos, que cumpriram diversas tarefas. A mais importante foi a arrecada\u00e7\u00e3o de alimentos, que foram doados a fam\u00edlias de baixa renda da localidade. Foram conseguidos, aproximadamente, 70 quilos. A equipe vencedora foi o de cor branca e a vice foi o azul.  Ambas foram premiadas com medalhas.<\/p>\n<p>Al\u00e9m dos adolescentes, o Espa\u00e7o de Conviv\u00eancia acompanha tamb\u00e9m suas fam\u00edlias. O foco maior das a\u00e7\u00f5es \u00e9 a preven\u00e7\u00e3o do uso de drogas. Elaborado por profissionais do Sistema \u00danico de Sa\u00fade (SUS) e Sistema \u00danico de Assist\u00eancia Social (SUAS) da regi\u00e3o Norte\/ Nordeste, o projeto \u00e9 um espa\u00e7o de escuta qualificada para resolu\u00e7\u00e3o de conflitos pessoais, familiares e sociais. Para isso, ir\u00e3o favorecer escolhas positivas, incentivar afetividade, criatividade e protagonismo juvenil, com est\u00edmulos \u00e0s artes e ao esporte, desenvolvimento da espiritualidade, visitas domiciliares e cursos profissionalizantes.<\/p>\n<p>De acordo com a enfermeira Gabrielle Fonseca, a escolha do Teot\u00f4nio Vilela foi definida por se tratar de uma das mais \u00e1reas populosas de Ilh\u00e9us, com alta vulnerabilidade social e infraestrutura urbana prec\u00e1ria. O bairro tamb\u00e9m j\u00e1 possui uma estrutura de servi\u00e7os de sa\u00fade e assist\u00eancia social, que facilitar\u00e1 os trabalhos. A princ\u00edpio, o Espa\u00e7o de Conviv\u00eancia atender\u00e1 100 pessoas por um per\u00edodo de 10 meses. Para que as a\u00e7\u00f5es sejam continuadas, a equipe espera o estabelecimento de novas parcerias.<\/p>\n<p>O Espa\u00e7o de Conviv\u00eancia para Adolescentes conta com suporte da Universidade Estadual de Santa Cruz (Uesc), Centro Regional de refer\u00eancia para Forma\u00e7\u00e3o Permanente (CRR), Secretaria Nacional de Pol\u00edticas sobre Drogas (Senad). Recebem ainda apoio da Superintend\u00eancia de Preven\u00e7\u00e3o e Tratamento do Usu\u00e1rio de Droga e Apoio Familiar (SUPRAD) e Centro de Estudos e Terapia de Abuso de Drogas da Universidade Federal da Bahia (Cetad). <\/p>\n","protected":false},"excerpt":{"rendered":"<p>O primeiro Espa\u00e7o de Conviv\u00eancia para Adolescentes de Ilh\u00e9us j\u00e1 est\u00e1 em funcionamento no bairro Teot\u00f4nio Vilela. As atividades foram abertas no \u00faltimo s\u00e1bado (26) com uma Gincana voltada para os jovens. O evento contou com 64 inscritos, com idade entre 12 e 18 anos. A partir desta semana, o projeto inicia seus trabalhos regulares, [&hellip;]<\/p>\n","protected":false},"author":2,"featured_media":0,"comment_status":"open","ping_status":"open","sticky":false,"template":"","format":"standard","meta":{"_links_to":"","_links_to_target":""},"categories":[5],"tags":[],"_links":{"self":[{"href":"https:\/\/www.r2cpress.com.br\/v1\/wp-json\/wp\/v2\/posts\/57879"}],"collection":[{"href":"https:\/\/www.r2cpress.com.br\/v1\/wp-json\/wp\/v2\/posts"}],"about":[{"href":"https:\/\/www.r2cpress.com.br\/v1\/wp-json\/wp\/v2\/types\/post"}],"author":[{"embeddable":true,"href":"https:\/\/www.r2cpress.com.br\/v1\/wp-json\/wp\/v2\/users\/2"}],"replies":[{"embeddable":true,"href":"https:\/\/www.r2cpress.com.br\/v1\/wp-json\/wp\/v2\/comments?post=57879"}],"version-history":[{"count":2,"href":"https:\/\/www.r2cpress.com.br\/v1\/wp-json\/wp\/v2\/posts\/57879\/revisions"}],"predecessor-version":[{"id":57882,"href":"https:\/\/www.r2cpress.com.br\/v1\/wp-json\/wp\/v2\/posts\/57879\/revisions\/57882"}],"wp:attachment":[{"href":"https:\/\/www.r2cpress.com.br\/v1\/wp-json\/wp\/v2\/media?parent=57879"}],"wp:term":[{"taxonomy":"category","embeddable":true,"href":"https:\/\/www.r2cpress.com.br\/v1\/wp-json\/wp\/v2\/categories?post=57879"},{"taxonomy":"post_tag","embeddable":true,"href":"https:\/\/www.r2cpress.com.br\/v1\/wp-json\/wp\/v2\/tags?post=57879"}],"curies":[{"name":"wp","href":"https:\/\/api.w.org\/{rel}","templated":true}]}}