{"id":57897,"date":"2013-01-29T13:11:07","date_gmt":"2013-01-29T16:11:07","guid":{"rendered":"http:\/\/www.r2cpress.com.br\/v1\/?p=57897"},"modified":"2013-01-29T13:11:07","modified_gmt":"2013-01-29T16:11:07","slug":"prazo-para-renovacao-de-alvara-de-casas-comerciais-encerra-31-de-janeiro","status":"publish","type":"post","link":"https:\/\/www.r2cpress.com.br\/v1\/2013\/01\/29\/prazo-para-renovacao-de-alvara-de-casas-comerciais-encerra-31-de-janeiro\/","title":{"rendered":"Prazo para renova\u00e7\u00e3o de alvar\u00e1 de casas comerciais encerra 31 de janeiro"},"content":{"rendered":"<p>A Prefeitura Municipal de Ilh\u00e9us alerta para o encerramento do prazo de renova\u00e7\u00e3o da Taxa de Licen\u00e7a e Funcionamento dos estabelecimentos comerciais e industriais instalados na cidade, no pr\u00f3ximo dia 31 de janeiro. O documento de arrecada\u00e7\u00e3o (DAM) referente \u00e0 taxa est\u00e1 dispon\u00edvel no site institucional da prefeitura \u2013 www.ilheus.ba.gov.br \u2013 e tamb\u00e9m no setor de Tributos, localizado no Pal\u00e1cio Paranagu\u00e1, sede do Executivo, no centro da cidade.<\/p>\n<p>O atendimento ao p\u00fablico no setor de Tributos funciona de segunda a sexta-feira, das 8h30min \u00e0s 12 horas e das 13h30min \u00e0s 18 horas, com intervalo para o almo\u00e7o. Os usu\u00e1rios podem pagar o DAM em estabelecimentos banc\u00e1rios e casas lot\u00e9ricas.<\/p>\n","protected":false},"excerpt":{"rendered":"<p>A Prefeitura Municipal de Ilh\u00e9us alerta para o encerramento do prazo de renova\u00e7\u00e3o da Taxa de Licen\u00e7a e Funcionamento dos estabelecimentos comerciais e industriais instalados na cidade, no pr\u00f3ximo dia 31 de janeiro. O documento de arrecada\u00e7\u00e3o (DAM) referente \u00e0 taxa est\u00e1 dispon\u00edvel no site institucional da prefeitura \u2013 www.ilheus.ba.gov.br \u2013 e tamb\u00e9m no setor [&hellip;]<\/p>\n","protected":false},"author":2,"featured_media":0,"comment_status":"open","ping_status":"open","sticky":false,"template":"","format":"standard","meta":{"_links_to":"","_links_to_target":""},"categories":[23],"tags":[],"_links":{"self":[{"href":"https:\/\/www.r2cpress.com.br\/v1\/wp-json\/wp\/v2\/posts\/57897"}],"collection":[{"href":"https:\/\/www.r2cpress.com.br\/v1\/wp-json\/wp\/v2\/posts"}],"about":[{"href":"https:\/\/www.r2cpress.com.br\/v1\/wp-json\/wp\/v2\/types\/post"}],"author":[{"embeddable":true,"href":"https:\/\/www.r2cpress.com.br\/v1\/wp-json\/wp\/v2\/users\/2"}],"replies":[{"embeddable":true,"href":"https:\/\/www.r2cpress.com.br\/v1\/wp-json\/wp\/v2\/comments?post=57897"}],"version-history":[{"count":2,"href":"https:\/\/www.r2cpress.com.br\/v1\/wp-json\/wp\/v2\/posts\/57897\/revisions"}],"predecessor-version":[{"id":57899,"href":"https:\/\/www.r2cpress.com.br\/v1\/wp-json\/wp\/v2\/posts\/57897\/revisions\/57899"}],"wp:attachment":[{"href":"https:\/\/www.r2cpress.com.br\/v1\/wp-json\/wp\/v2\/media?parent=57897"}],"wp:term":[{"taxonomy":"category","embeddable":true,"href":"https:\/\/www.r2cpress.com.br\/v1\/wp-json\/wp\/v2\/categories?post=57897"},{"taxonomy":"post_tag","embeddable":true,"href":"https:\/\/www.r2cpress.com.br\/v1\/wp-json\/wp\/v2\/tags?post=57897"}],"curies":[{"name":"wp","href":"https:\/\/api.w.org\/{rel}","templated":true}]}}