{"id":57988,"date":"2013-01-30T19:30:39","date_gmt":"2013-01-30T22:30:39","guid":{"rendered":"http:\/\/www.r2cpress.com.br\/v1\/?p=57988"},"modified":"2013-01-30T19:30:39","modified_gmt":"2013-01-30T22:30:39","slug":"pontal-olivenca-uma-extensao-do-passado-ii","status":"publish","type":"post","link":"https:\/\/www.r2cpress.com.br\/v1\/2013\/01\/30\/pontal-olivenca-uma-extensao-do-passado-ii\/","title":{"rendered":"PONTAL \u2013 OLIVEN\u00c7A uma extens\u00e3o do passado \u2013II"},"content":{"rendered":"<div id=\"attachment_57989\" style=\"width: 560px\" class=\"wp-caption aligncenter\"><a href=\"http:\/\/www.r2cpress.com.br\/v1\/wp-content\/uploads\/pontal-oliven\u00e7a-II-rezende.jpg\"><img aria-describedby=\"caption-attachment-57989\" loading=\"lazy\" class=\"size-full wp-image-57989\" alt=\"Foto de 1967\" src=\"http:\/\/www.r2cpress.com.br\/v1\/wp-content\/uploads\/pontal-oliven\u00e7a-II-rezende.jpg\" width=\"550\" height=\"378\" srcset=\"https:\/\/www.r2cpress.com.br\/v1\/wp-content\/uploads\/pontal-oliven\u00e7a-II-rezende.jpg 550w, https:\/\/www.r2cpress.com.br\/v1\/wp-content\/uploads\/pontal-oliven\u00e7a-II-rezende-300x206.jpg 300w\" sizes=\"(max-width: 550px) 100vw, 550px\" \/><\/a><p id=\"caption-attachment-57989\" class=\"wp-caption-text\">Foto de 1967<\/p><\/div>\n<p><img loading=\"lazy\" class=\"alignleft\" alt=\"\" src=\"http:\/\/www.r2cpress.com.br\/v1\/wp-content\/uploads\/rezende-novo-email.jpg\" width=\"300\" height=\"102\" \/>Esta Pra\u00e7a em Oliven\u00e7a, nos remete a lembrar de nosso tempo de crian\u00e7a e adolescente (1957 a 1969). Naquela \u00e9poca, ela era mais importante do que mesmo o balne\u00e1rio Tororomba. Nela se realizava a sua maior tradi\u00e7\u00e3o \u2013 A PUXADA DO MASTRO DE S\u00c3O SEBASTI\u00c3O \u2013 que iniciava por volta das quatro da madrugada do dia 06 de janeiro (Dia de Reis), n\u00e3o importando em que dia da semana ca\u00edsse o dia 06.<\/p>\n<p>Era um come\u00e7o de uma jornada, que terminava por volta das 19:00 horas em frente \u00e0 igreja matriz de Nossa Senhora da Escada, onde finalmente era celebrada uma missa, e l\u00e1 no seu interior colocavam-se as cordas que serviram para puxarem os mastros.<\/p>\n<p>Era um dia todo especial para os habitantes, n\u00e3o s\u00f3 de Oliven\u00e7a, mas para os que viviam naquela redondeza, num agitamento sem igual. Os nativos, na sua maioria cabocla, se vestiam a rigor. Usavam suas roupas mais bonitas, e ou at\u00e9 mesmo confeccionadas para aquela ocasi\u00e3o.<\/p>\n<p>Como n\u00e3o se lembrar de Everaldo Rezende Mendon\u00e7a, branco de olhos azuis, que desde sua adolesc\u00eancia e at\u00e9 onde sua sa\u00fade permitiu, se tornou o \u201cSINEIRO\u201d oficial da festa, que partia para mata junto com os \u201cmachadeiros\u201d, para escolherem as duas \u00e1rvores (troncos), para substitu\u00edrem o mastro principal e o secund\u00e1rio (que servia para proteger a imagem de S\u00e3o Sebasti\u00e3o) em frente \u00e0 igreja.<\/p>\n<div id=\"attachment_57990\" style=\"width: 560px\" class=\"wp-caption aligncenter\"><a href=\"http:\/\/www.r2cpress.com.br\/v1\/wp-content\/uploads\/pontal-oliven\u00e7a-II-rezende_2.jpg\"><img aria-describedby=\"caption-attachment-57990\" loading=\"lazy\" class=\"size-full wp-image-57990\" alt=\"Tronco\/Praia\" src=\"http:\/\/www.r2cpress.com.br\/v1\/wp-content\/uploads\/pontal-oliven\u00e7a-II-rezende_2.jpg\" width=\"550\" height=\"335\" srcset=\"https:\/\/www.r2cpress.com.br\/v1\/wp-content\/uploads\/pontal-oliven\u00e7a-II-rezende_2.jpg 550w, https:\/\/www.r2cpress.com.br\/v1\/wp-content\/uploads\/pontal-oliven\u00e7a-II-rezende_2-300x182.jpg 300w\" sizes=\"(max-width: 550px) 100vw, 550px\" \/><\/a><p id=\"caption-attachment-57990\" class=\"wp-caption-text\">Tronco\/Praia<\/p><\/div>\n<p>O tronco principal era arrastado pela praia pelos adultos, j\u00e1 o tronco menor, era arrastado pelas crian\u00e7as, que se deliciavam, arrastando para \u00e1s \u00e1guas do mar, a fim de facilitar o seu deslocamento e aproveitavam para banhar-se, jogar \u00e1gua para cima, pular, mergulhar e subir at\u00e9 a restinga para deliciar das frutas silvestres que l\u00e1 n\u00e3o faltavam como: Ara\u00e7\u00e1 (Fruto parecido com a goiaba, mas de menor tamanho e gosto um pouco \u00e1cido), Cardo de Praia (Planta espinhosa, com o fruto de mesocarpo comest\u00edvel de cor esbranqui\u00e7ada e sementes pretas, Garu (Fruto de casca avermelhada e mesocarpo tipo uma massa adocicada), ma\u00e7aranduba (fruta de cor avermelhada, seu mesocarpo comest\u00edvel, adocicada com um leite viscoso), Coco de Xang\u00f3 ou Xand\u00f3, fruta tipo parecido com uma espiga de milho, com fruto de cor alaranjado para o vermelho quando madura, de sabor doce).<\/p>\n<p><!--more--><\/p>\n<p>A sa\u00edda se dava em frente \u00e0 fazenda Ypiranga de Vivaldo Mendon\u00e7a, onde desde cedo j\u00e1 era armado uma barraquinha na praia, com bolos de milho, tapioca e outras guloseimas como: xer\u00e9m, puba na palha de bananeira, al\u00e9m do cafezinho e algumas aguardentes, para esquentar o sangue, como diziam os cablocos.<\/p>\n<p>Era a concentra\u00e7\u00e3o desde aproximadamente das 11:00 horas, que findava quando os \u201cmachadeiros\u201d deixavam a mata trazendo os troncos, e a\u00ed sim, come\u00e7ava o cortejo numa esp\u00e9cie de penit\u00eancia, isto por volta das 15:00 horas. Os que ali estavam em sua maioria, cumpriam suas promessas pela gra\u00e7a alcan\u00e7ada. Chegando a Oliven\u00e7a em torno das 18:00 horas.<\/p>\n<p>No trajeto, no lugar chamado \u201c\u00c1gua dos Milagres\u201d, era a vez de entrar em cena os m\u00fasicos, que cham\u00e1vamos de \u201cZabumba\u201d, com suas vestimentas a car\u00e1ter, com suas gaitas, realexos, tri\u00e2ngulos e caixas (instrumentos musicais). Um som t\u00e3o suave, que penetrava em nossos ouvidos como um verdadeiro b\u00e1lsamo em louvor a DEUS. Eles acompanhavam o cortejo at\u00e9 a porta da igreja, onde o foguet\u00f3rio brindava a todos.<\/p>\n<p>J\u00e1 no dia 20 de janeiro, o dia consagrado a S\u00e3o Sebasti\u00e3o, se erguia o novo mastro, e o antigo se fazia uma grande fogueira \u00e0 noite para completar aquele folclore, que o os tempos modernos apagou de Oliven\u00e7a. Hoje o que se ver n\u00e3o \u00e9 mais uma tradi\u00e7\u00e3o (folclore), e sim, uma mistura com trio el\u00e9trico, carros de som e cada um a seu bel prazer, desfigurando com suas m\u00fasicas variadas do pior ao p\u00e9ssimo, que nada tem haver com outrora.<\/p>\n<p>T\u00ednhamos j\u00e1 as m\u00fasicas decoradas para cantar em todo trajeto, de mais ou menos dois quil\u00f4metros, e para quem n\u00e3o lembra mais, vai a\u00ed para matar a saudade. \u201cAru\u00ea d\u00e3o! aru\u00ea, d\u00e3o, d\u00e3o! Eia, leva, puxa o mastro, que \u00e9 de S\u00e3o Sebasti\u00e3o\u201d \u2013 \u201cAru\u00ea, d\u00e3o, aru\u00ea d\u00e3o, d\u00e3o! Leva pessoal, e aguenta corda e viva S\u00e3o Sebasti\u00e3o\u201d e algumas outras que n\u00e3o me lembro mais.<\/p>\n<p>Ora, n\u00e3o somos contr\u00e1rios \u00e0 moderniza\u00e7\u00e3o, mas existem tradi\u00e7\u00f5es que precisam ser mantidas na sua originalidade, pois esta \u00e9 a raz\u00e3o principal para que os turistas assistam a festa como na realidade acontece em todo Brasil, onde estas tradi\u00e7\u00f5es do passado s\u00e3o mantidas at\u00e9 hoje.<\/p>\n<p>O maior exemplo disso \u00e9 o nosso bairro do Pontal, que j\u00e1 vinha introduzindo aos poucos, aquele \u201cvelhos carnavais\u201d de marchinhas e blocos. E este ano deslanchar\u00e1 de vez, com a inclus\u00e3o do baile \u00e0 noite, como se fosse o velho clube Social do Pontal. Tudo liderado pelo colega Abobreira, o Sr. Cl\u00e9lio, e de toda equipe da nova Associa\u00e7\u00e3o dos Moradores do Pontal (AMOP).<\/p>\n<p>Fico feliz por saber que nosso trabalho no livro \u201cPontal Ontem &amp; hoje \u2013 Mem\u00f3rias\u201d atingiu o seu conclame e tenho quase que certeza, que as outras tradi\u00e7\u00f5es citadas no livro do Pontal ir\u00e3o voltar, para o bem desta comunidade.<\/p>\n<p>Jos\u00e9 Rezende Mendon\u00e7a.<br \/>\nPontalense desde 1951.<\/p>\n<p>Para ler a <strong>1\u00aa PARTE<\/strong> clique <a href = \"http:\/\/www.r2cpress.com.br\/v1\/2013\/01\/22\/pontal-olivenca-uma-extensao-no-passado\/\" target = \"_news\"><b>AQUI.<\/b><\/a><\/p>\n","protected":false},"excerpt":{"rendered":"<p>Esta Pra\u00e7a em Oliven\u00e7a, nos remete a lembrar de nosso tempo de crian\u00e7a e adolescente (1957 a 1969). Naquela \u00e9poca, ela era mais importante do que mesmo o balne\u00e1rio Tororomba. Nela se realizava a sua maior tradi\u00e7\u00e3o \u2013 A PUXADA DO MASTRO DE S\u00c3O SEBASTI\u00c3O \u2013 que iniciava por volta das quatro da madrugada do [&hellip;]<\/p>\n","protected":false},"author":2,"featured_media":0,"comment_status":"open","ping_status":"open","sticky":false,"template":"","format":"standard","meta":{"_links_to":"","_links_to_target":""},"categories":[10],"tags":[],"_links":{"self":[{"href":"https:\/\/www.r2cpress.com.br\/v1\/wp-json\/wp\/v2\/posts\/57988"}],"collection":[{"href":"https:\/\/www.r2cpress.com.br\/v1\/wp-json\/wp\/v2\/posts"}],"about":[{"href":"https:\/\/www.r2cpress.com.br\/v1\/wp-json\/wp\/v2\/types\/post"}],"author":[{"embeddable":true,"href":"https:\/\/www.r2cpress.com.br\/v1\/wp-json\/wp\/v2\/users\/2"}],"replies":[{"embeddable":true,"href":"https:\/\/www.r2cpress.com.br\/v1\/wp-json\/wp\/v2\/comments?post=57988"}],"version-history":[{"count":3,"href":"https:\/\/www.r2cpress.com.br\/v1\/wp-json\/wp\/v2\/posts\/57988\/revisions"}],"predecessor-version":[{"id":57993,"href":"https:\/\/www.r2cpress.com.br\/v1\/wp-json\/wp\/v2\/posts\/57988\/revisions\/57993"}],"wp:attachment":[{"href":"https:\/\/www.r2cpress.com.br\/v1\/wp-json\/wp\/v2\/media?parent=57988"}],"wp:term":[{"taxonomy":"category","embeddable":true,"href":"https:\/\/www.r2cpress.com.br\/v1\/wp-json\/wp\/v2\/categories?post=57988"},{"taxonomy":"post_tag","embeddable":true,"href":"https:\/\/www.r2cpress.com.br\/v1\/wp-json\/wp\/v2\/tags?post=57988"}],"curies":[{"name":"wp","href":"https:\/\/api.w.org\/{rel}","templated":true}]}}