{"id":5802,"date":"2011-01-05T10:03:44","date_gmt":"2011-01-05T13:03:44","guid":{"rendered":"http:\/\/www.r2cpress.com.br\/v1\/?p=5802"},"modified":"2011-01-05T10:03:44","modified_gmt":"2011-01-05T13:03:44","slug":"envolvido-em-morte-de-meninas-se-entrega","status":"publish","type":"post","link":"https:\/\/www.r2cpress.com.br\/v1\/2011\/01\/05\/envolvido-em-morte-de-meninas-se-entrega\/","title":{"rendered":"Envolvido em morte de meninas se entrega"},"content":{"rendered":"<p><div id=\"attachment_5803\" style=\"width: 310px\" class=\"wp-caption alignleft\"><a href=\"http:\/\/www.r2cpress.com.br\/v1\/wp-content\/uploads\/Riso.jpg\"><img aria-describedby=\"caption-attachment-5803\" loading=\"lazy\" src=\"http:\/\/www.r2cpress.com.br\/v1\/wp-content\/uploads\/Riso.jpg\" alt=\"\" title=\"Riso\" width=\"300\" height=\"211\" class=\"size-full wp-image-5803\" \/><\/a><p id=\"caption-attachment-5803\" class=\"wp-caption-text\">Com a pris\u00e3o de Riso, pol\u00edcia busca \u00faltimo envolvido, que teria dirigido autom\u00f3vel (Foto: Vaner Casaes\/Ag\u00eancia A TARDE).<\/p><\/div>O delegado Omar Andrade, titular da Delegacia de S\u00e3o Caetano (4\u00aa CP), afirmou que ainda n\u00e3o existem provas da participa\u00e7\u00e3o de Risovaldo Hora Costa, 20 anos, o Riso, nos assassinatos de Gabriela Alves Nunes, 13, e Jana\u00edna Cristina Brito Concei\u00e7\u00e3o, 16, decapitadas no \u00faltimo dia 19 de novembro. Na noite de segunda-feira, 3, Risovaldo se entregou, acompanhado da advogada Karine Ara\u00fajo. Riso ficar\u00e1 preso at\u00e9 o final do inqu\u00e9rito, para n\u00e3o atrapalhar as investiga\u00e7\u00f5es.<\/p>\n<p>Ele \u2013 que em 2009 foi preso por tr\u00e1fico de drogas \u2013 disse que estava \u201cescondido no mato\u201d. Ap\u00f3s se entregar, revelou que conheceu as meninas em Nova Divineia (IAPI), um dia antes do crime, tendo iniciado um namoro com Jana\u00edna, com quem passou a noite.<\/p>\n<p>No dia seguinte, viu Jana\u00edna namorando V\u00edtor Almeida, o Branco, 26. \u00c0 noite, recebeu um chamado de Branco, por telefone. Foi a\u00ed que encontrou as garotas bastante machucadas, com a cabe\u00e7a e os l\u00e1bios sangrando e com os cabelos cortados. \u201cOlha a\u00ed suas namoradas, as alem\u00e3s (inimigas)\u201d, teria dito Branco.<\/p>\n<p><!--more--><\/p>\n<p>Riso diz que tentou interceder pelas jovens, mas foi amea\u00e7ado de morte e fugiu. A vers\u00e3o foi sustentada pelos outros presos e testemunhas, que dizem ter visto Riso apavorado ap\u00f3s sair do local do crime. Para o delegado, com exce\u00e7\u00e3o dele, todos os outros decapitaram as v\u00edtimas com um fac\u00e3o.<\/p>\n<p>At\u00e9 esta ter\u00e7a, 4, Andrade tinha como certo que as meninas fugiram para Nova Divineia porque Jana\u00edna j\u00e1 namorava com Riso, que disse s\u00f3 as ter conhecido um dia antes do crime. Afirmou, ainda, que Gabriela conhecia o local, pois uma prima mora l\u00e1 e ela teria ido a um anivers\u00e1rio uma semana antes. Em depoimento, a prima de Gabriela garantiu que a jovem n\u00e3o a procurou.<\/p>\n<p><strong>Pr\u00f3ximos passos<\/strong> &#8211; Antes de fechar o inqu\u00e9rito, o delegado pretende fazer uma reconstitui\u00e7\u00e3o do crime e uma acarea\u00e7\u00e3o entre todos os presos. Eles poder\u00e3o ser indiciados por homic\u00eddio triplamente qualificado: motivo f\u00fatil, meio cruel e impossibilidade de defesa.<\/p>\n<p>A pol\u00edcia tenta identificar o s\u00e9timo acusado de envolvimento no crime: o motorista do carro que transportou os corpos de Nova Divineia at\u00e9 a Avenida San Martin.<\/p>\n<p><strong>Entenda o crime<\/strong> &#8211; As adolescentes Gabriela Alves Nunes, de 13 anos, e Jana\u00edna Cristina Brito Concei\u00e7\u00e3o, de 16 anos, fugiram de casa, no bairro Engenho Velho de Brotas, regi\u00e3o popular de Salvador, no dia 17 de novembro, deixando para a fam\u00edlia um bilhete dizendo que ficariam bem.<\/p>\n<p>Dois dias depois, as meninas foram encontradas decapitadas na Avenida San Martin, regi\u00e3o comercial de Salvador. A investiga\u00e7\u00e3o apontou que elas foram mortas em uma casa em constru\u00e7\u00e3o na Nova Divin\u00e9ia e tiveram os corpos abandonados na San Martin para despistar a pol\u00edcia.<\/p>\n<p>Segundo depoimentos dos envolvidos, as meninas foram mortas, pois teriam rela\u00e7\u00f5es com traficantes do Engenho Velho da Federa\u00e7\u00e3o, rivais dos acusados. <\/p>\n<p>Jo\u00e3o E\u00e7a l A TARDE<br \/>\nNo <a href = \"http:\/\/atarde.com.br\/cidades\/noticia.jsf?id=5669593\" target = \"_news\"><b>A TARDE ON LINE<\/b><\/a><\/p>\n","protected":false},"excerpt":{"rendered":"<p>O delegado Omar Andrade, titular da Delegacia de S\u00e3o Caetano (4\u00aa CP), afirmou que ainda n\u00e3o existem provas da participa\u00e7\u00e3o de Risovaldo Hora Costa, 20 anos, o Riso, nos assassinatos de Gabriela Alves Nunes, 13, e Jana\u00edna Cristina Brito Concei\u00e7\u00e3o, 16, decapitadas no \u00faltimo dia 19 de novembro. Na noite de segunda-feira, 3, Risovaldo se [&hellip;]<\/p>\n","protected":false},"author":2,"featured_media":0,"comment_status":"open","ping_status":"open","sticky":false,"template":"","format":"standard","meta":{"_links_to":"","_links_to_target":""},"categories":[25],"tags":[],"_links":{"self":[{"href":"https:\/\/www.r2cpress.com.br\/v1\/wp-json\/wp\/v2\/posts\/5802"}],"collection":[{"href":"https:\/\/www.r2cpress.com.br\/v1\/wp-json\/wp\/v2\/posts"}],"about":[{"href":"https:\/\/www.r2cpress.com.br\/v1\/wp-json\/wp\/v2\/types\/post"}],"author":[{"embeddable":true,"href":"https:\/\/www.r2cpress.com.br\/v1\/wp-json\/wp\/v2\/users\/2"}],"replies":[{"embeddable":true,"href":"https:\/\/www.r2cpress.com.br\/v1\/wp-json\/wp\/v2\/comments?post=5802"}],"version-history":[{"count":2,"href":"https:\/\/www.r2cpress.com.br\/v1\/wp-json\/wp\/v2\/posts\/5802\/revisions"}],"predecessor-version":[{"id":5805,"href":"https:\/\/www.r2cpress.com.br\/v1\/wp-json\/wp\/v2\/posts\/5802\/revisions\/5805"}],"wp:attachment":[{"href":"https:\/\/www.r2cpress.com.br\/v1\/wp-json\/wp\/v2\/media?parent=5802"}],"wp:term":[{"taxonomy":"category","embeddable":true,"href":"https:\/\/www.r2cpress.com.br\/v1\/wp-json\/wp\/v2\/categories?post=5802"},{"taxonomy":"post_tag","embeddable":true,"href":"https:\/\/www.r2cpress.com.br\/v1\/wp-json\/wp\/v2\/tags?post=5802"}],"curies":[{"name":"wp","href":"https:\/\/api.w.org\/{rel}","templated":true}]}}