{"id":58040,"date":"2013-01-31T14:44:44","date_gmt":"2013-01-31T17:44:44","guid":{"rendered":"http:\/\/www.r2cpress.com.br\/v1\/?p=58040"},"modified":"2013-01-31T17:13:51","modified_gmt":"2013-01-31T20:13:51","slug":"prefeitura-de-ilheus-9","status":"publish","type":"post","link":"https:\/\/www.r2cpress.com.br\/v1\/2013\/01\/31\/prefeitura-de-ilheus-9\/","title":{"rendered":"Prefeitura de Ilh\u00e9us"},"content":{"rendered":"<p><center><a href=\"http:\/\/www.r2cpress.com.br\/v1\/wp-content\/uploads\/CAPA-R2CPRESS2.jpg\"><img loading=\"lazy\" src=\"http:\/\/www.r2cpress.com.br\/v1\/wp-content\/uploads\/CAPA-R2CPRESS2.jpg\" alt=\"CAPA R2CPRESS\" width=\"550\" height=\"550\" class=\"aligncenter size-full wp-image-58043\" srcset=\"https:\/\/www.r2cpress.com.br\/v1\/wp-content\/uploads\/CAPA-R2CPRESS2.jpg 550w, https:\/\/www.r2cpress.com.br\/v1\/wp-content\/uploads\/CAPA-R2CPRESS2-150x150.jpg 150w, https:\/\/www.r2cpress.com.br\/v1\/wp-content\/uploads\/CAPA-R2CPRESS2-300x300.jpg 300w\" sizes=\"(max-width: 550px) 100vw, 550px\" \/><\/a><br \/>\n<strong>Sa\u00fade vistoria local para implanta\u00e7\u00e3o do Pronto Atendimento da Dengue<br \/>\nSecret\u00e1ria de Sa\u00fade de Ilh\u00e9us participa de encontro com Ministro<br \/>\nPrefeitura retoma obra de requalifica\u00e7\u00e3o da Orla Sul<br \/>\n<\/strong><\/center><\/p>\n<p><!--more--><\/p>\n<p>***<\/p>\n<p><strong>Sa\u00fade vistoria local para implanta\u00e7\u00e3o do Pronto Atendimento da Dengue<\/strong><\/p>\n<p>A Prefeitura de Ilh\u00e9us, atrav\u00e9s da Secretaria Municipal de Sa\u00fade, iniciou nesta quinta-feira, 31, os preparativos para a implanta\u00e7\u00e3o do Pronto Atendimento da Dengue, no Hospital Geral Luis Viana Filho, no Bairro Alto da Conquista. Nesta manh\u00e3, a secret\u00e1ria Led\u00edvia Espinheira visitou as depend\u00eancias da institui\u00e7\u00e3o onde funcionar\u00e1 o servi\u00e7o para averiguar as condi\u00e7\u00f5es f\u00edsicas do local. A proposta do espa\u00e7o \u00e9 ampliar o atendimento \u00e0 popula\u00e7\u00e3o, principalmente nesta \u00e9poca do ano, historicamente mais propensa \u00e0 ocorr\u00eancia de epidemias da doen\u00e7a.<\/p>\n<p>Led\u00edvia Espinheira afirmou que o PA da Dengue, resultado de parceria entre a prefeitura e o hospital, contar\u00e1 com o trabalho de m\u00e9dicos, enfermeiros e t\u00e9cnicos de enfermagem. \u201cVamos trabalhar agora na forma\u00e7\u00e3o da equipe e na implementa\u00e7\u00e3o dos ajustes f\u00edsicos\u201d, completou a secret\u00e1ria de Sa\u00fade.<\/p>\n<p> <!--more--><\/p>\n<p>Prioridades &#8211; Ao lado da reativa\u00e7\u00e3o da rede b\u00e1sica de sa\u00fade e da amplia\u00e7\u00e3o do atendimento de emerg\u00eancia, o combate \u00e0 dengue \u00e9 uma das metas priorit\u00e1rias da secret\u00e1ria Led\u00edvia Espinheira. \u201cEm parceria com a nossa popula\u00e7\u00e3o e com os diversos \u00f3rg\u00e3os ligados ao setor, estaremos trabalhando de forma intensa para que a popula\u00e7\u00e3o tenha o melhor atendimento poss\u00edvel e que os \u00edndices gerais de infesta\u00e7\u00e3o da        dengue sejam recolocados em n\u00edveis aceit\u00e1veis\u201d, enfatiza a secret\u00e1ria.<\/p>\n<p>Dengue &#8211; A dengue \u00e9 uma doen\u00e7a infecciosa causada por um arbov\u00edrus (existem quatro tipos diferentes de v\u00edrus da dengue: DEN-1, DEN-2, DEN-3 e DEN-4), que ocorre principalmente em \u00e1reas tropicais e subtropicais do mundo, inclusive no Brasil. As epidemias geralmente ocorrem no ver\u00e3o, durante ou imediatamente ap\u00f3s per\u00edodos chuvosos.<\/p>\n<p>A dengue cl\u00e1ssica se inicia de maneira s\u00fabita e pode provocar febre alta, dor de cabe\u00e7a, dor atr\u00e1s dos olhos e dores nas costas. Segundo os m\u00e9dicos, a febre dura cerca de cinco dias, com melhora progressiva dos sintomas em 10 dias. Em alguns poucos pacientes, continuam os especialistas, podem ocorrer hemorragias discretas na boca, na urina ou no nariz.<\/p>\n<p>A melhor forma de se evitar a dengue continua sendo o combate aos focos de ac\u00famulo de \u00e1gua, locais prop\u00edcios para a cria\u00e7\u00e3o do Aedes aegypti, mosquito transmissor da doen\u00e7a, que se reproduz em \u00e1gua parada. Por isso, refor\u00e7ando a preven\u00e7\u00e3o \u00e0 doen\u00e7a, \u00e9 fundamental n\u00e3o acumular \u00e1gua em latas, embalagens, copos pl\u00e1sticos, tampinhas de refrigerantes, pneus velhos, vasinhos de plantas, jarros de flores, garrafas, caixas d\u2019\u00e1gua, cisternas, sacos pl\u00e1sticos e lixeiras, entre outros.<\/p>\n<p><strong>Secret\u00e1ria de Sa\u00fade de Ilh\u00e9us participa de encontro com Ministro<\/strong><\/p>\n<p>Secret\u00e1ria de Sa\u00fade de Ilh\u00e9us participa de encontro com Ministro<\/p>\n<p>A secret\u00e1ria de Sa\u00fade do Munic\u00edpio de Ilh\u00e9us, Led\u00edvia Espinheira, participa do Encontro Nacional de Secret\u00e1rios de Sa\u00fade, em Bras\u00edlia, convocado pelo ministro Alexandre Padilha. No evento, que ocorre nesta quinta, 31, e sexta-feira, 1 \u00ba de fevereiro, o Minist\u00e9rio da Sa\u00fade vai detalhar os programas nacionais aos secret\u00e1rios  municipais, e disponibilizar um assessoria para orient\u00e1-los sobre os procedimentos adequados para a implanta\u00e7\u00e3o dos programas federais nos munic\u00edpios.<\/p>\n<p>Na pr\u00f3xima ter\u00e7a-feira, dia 3, Led\u00edvia Espinheira se reunir\u00e1, em Ilh\u00e9us, com t\u00e9cnicos e representantes do Programa de Sa\u00fade B\u00e1sica da Secretaria de Sa\u00fade da Bahia (Sesab). Ser\u00e3o discutidas a\u00e7\u00f5es de recupera\u00e7\u00e3o das unidades municipais e melhorias na presta\u00e7\u00e3o dos servi\u00e7os e atendimento aos usu\u00e1rios. \u201cEstamos somando todos os esfor\u00e7os para superar os obst\u00e1culos encontrados na sa\u00fade do munic\u00edpio de Ilh\u00e9us, e oferecer melhores servi\u00e7os \u00e0 popula\u00e7\u00e3o\u201d, destaca a secret\u00e1ria.<\/p>\n<p><strong>Prefeitura retoma obra de requalifica\u00e7\u00e3o da Orla Sul<\/strong><\/p>\n<p>A Prefeitura de Ilh\u00e9us, atrav\u00e9s da Secretaria de Desenvolvimento Urbano (Sedur), retomou na tarde desta quarta-feira, 30, os trabalhos de requalifica\u00e7\u00e3o da Orla Sul, incluindo a Rua Portugal, no Bairro S\u00e3o Francisco, importante via de acesso \u00e0s praias, que estava interditada h\u00e1 mais de seis meses. Os servi\u00e7os v\u00e3o ampliar a mobilidade urbana, facilitar o acesso aos bairros do entorno, e promover o bem estar dos ilheenses e turistas.<\/p>\n<p>Al\u00e9m da drenagem do canal, a requalifica\u00e7\u00e3o da \u00e1rea inclui obras de pavimenta\u00e7\u00e3o, paisagismo e a ilumina\u00e7\u00e3o em duas vias da rodovia Ilh\u00e9us-Oliven\u00e7a, compreendidas entre o quilometro Zero, at\u00e9 o trevo na entrada da Ceplus. A a\u00e7\u00e3o resulta da parceria entre a Prefeitura Municipal e o Minist\u00e9rio do Turismo.<\/p>\n<p>Com a paralisa\u00e7\u00e3o da obra, moradores da avenida, transeuntes e profissionais que atum no local e nas proximidades passaram a enfrentaram v\u00e1rios problemas. Segundo comerciantes e empres\u00e1rios, houve queda na demanda, pois os clientes ficaram impossibilitados de estacionar o carro, transitar com conforto, al\u00e9m do mau cheiro provocado pelo esgoto nos dias de chuva.<\/p>\n<p>A propriet\u00e1ria de uma academia, Florianita Mendon\u00e7a, por exemplo, destaca a redu\u00e7\u00e3o no n\u00famero de clientes. \u201cA quantidade de alunos deveria ter aumentado, principalmente agora, na alta esta\u00e7\u00e3o, mas muitos n\u00e3o querem vir malhar, porque n\u00e3o t\u00eam onde estacionar. Em cinco anos, esse ver\u00e3o foi o que teve a menor procura\u201d conta.<\/p>\n","protected":false},"excerpt":{"rendered":"<p>Sa\u00fade vistoria local para implanta\u00e7\u00e3o do Pronto Atendimento da Dengue Secret\u00e1ria de Sa\u00fade de Ilh\u00e9us participa de encontro com Ministro Prefeitura retoma obra de requalifica\u00e7\u00e3o da Orla Sul<\/p>\n","protected":false},"author":2,"featured_media":0,"comment_status":"open","ping_status":"open","sticky":false,"template":"","format":"standard","meta":{"_links_to":"","_links_to_target":""},"categories":[23],"tags":[],"_links":{"self":[{"href":"https:\/\/www.r2cpress.com.br\/v1\/wp-json\/wp\/v2\/posts\/58040"}],"collection":[{"href":"https:\/\/www.r2cpress.com.br\/v1\/wp-json\/wp\/v2\/posts"}],"about":[{"href":"https:\/\/www.r2cpress.com.br\/v1\/wp-json\/wp\/v2\/types\/post"}],"author":[{"embeddable":true,"href":"https:\/\/www.r2cpress.com.br\/v1\/wp-json\/wp\/v2\/users\/2"}],"replies":[{"embeddable":true,"href":"https:\/\/www.r2cpress.com.br\/v1\/wp-json\/wp\/v2\/comments?post=58040"}],"version-history":[{"count":4,"href":"https:\/\/www.r2cpress.com.br\/v1\/wp-json\/wp\/v2\/posts\/58040\/revisions"}],"predecessor-version":[{"id":58050,"href":"https:\/\/www.r2cpress.com.br\/v1\/wp-json\/wp\/v2\/posts\/58040\/revisions\/58050"}],"wp:attachment":[{"href":"https:\/\/www.r2cpress.com.br\/v1\/wp-json\/wp\/v2\/media?parent=58040"}],"wp:term":[{"taxonomy":"category","embeddable":true,"href":"https:\/\/www.r2cpress.com.br\/v1\/wp-json\/wp\/v2\/categories?post=58040"},{"taxonomy":"post_tag","embeddable":true,"href":"https:\/\/www.r2cpress.com.br\/v1\/wp-json\/wp\/v2\/tags?post=58040"}],"curies":[{"name":"wp","href":"https:\/\/api.w.org\/{rel}","templated":true}]}}