{"id":58055,"date":"2013-01-31T17:38:18","date_gmt":"2013-01-31T20:38:18","guid":{"rendered":"http:\/\/www.r2cpress.com.br\/v1\/?p=58055"},"modified":"2013-01-31T17:38:18","modified_gmt":"2013-01-31T20:38:18","slug":"divida-acumulada-da-prefeitura-municipal-de-ilheus-com-a-embasa","status":"publish","type":"post","link":"https:\/\/www.r2cpress.com.br\/v1\/2013\/01\/31\/divida-acumulada-da-prefeitura-municipal-de-ilheus-com-a-embasa\/","title":{"rendered":"D\u00edvida acumulada da Prefeitura Municipal de Ilh\u00e9us com a Embasa"},"content":{"rendered":"<p>Durante a entrevista coletiva concedida \u00e0 imprensa na tarde desta quinta-feira, 31, o prefeito de Ilh\u00e9us mostrou mais um d\u00e9bito exorbitante deixado pela gest\u00e3o passada. Conforme documento anexado a esta mensagem, a Prefeitura de Ilh\u00e9us acumula uma d\u00edvida de R$ 4.252.745,47 junto \u00e0 Embasa, referente aos servi\u00e7os prestados pelo fornecimento de \u00e1gua, e, ou, esgotamento sanit\u00e1rio.<\/p>\n<p><center><iframe loading=\"lazy\" src=\"http:\/\/www.slideshare.net\/slideshow\/embed_code\/16281723\" width=\"479\" height=\"511\" frameborder=\"0\" marginwidth=\"0\" marginheight=\"0\" scrolling=\"no\" style=\"border:1px solid #CCC;border-width:1px 1px 0;margin-bottom:5px\" allowfullscreen webkitallowfullscreen mozallowfullscreen> <\/iframe> <\/p>\n<div style=\"margin-bottom:5px\"> <strong> <a href=\"http:\/\/www.slideshare.net\/r2cpress\/certido-positiva-de-dbito-nmero-01322013\" title=\"Certid\u00e3o positiva de d\u00e9bito n\u00famero 0132.2013\" target=\"_blank\">Certid\u00e3o positiva de d\u00e9bito n\u00famero 0132.2013<\/a> <\/strong> from <strong><a href=\"http:\/\/www.slideshare.net\/r2cpress\" target=\"_blank\">Roberto Rabat Chame<\/a><\/strong> <\/div>\n<p><strong>Para ler em TELA CHEIA clique onde est\u00e3o as 4 setinhas (lado direito)<\/strong><\/center><\/p>\n<p>&#8212;<br \/>\nSecretaria de Comunica\u00e7\u00e3o (Secom).<\/p>\n","protected":false},"excerpt":{"rendered":"<p>Durante a entrevista coletiva concedida \u00e0 imprensa na tarde desta quinta-feira, 31, o prefeito de Ilh\u00e9us mostrou mais um d\u00e9bito exorbitante deixado pela gest\u00e3o passada. Conforme documento anexado a esta mensagem, a Prefeitura de Ilh\u00e9us acumula uma d\u00edvida de R$ 4.252.745,47 junto \u00e0 Embasa, referente aos servi\u00e7os prestados pelo fornecimento de \u00e1gua, e, ou, esgotamento [&hellip;]<\/p>\n","protected":false},"author":2,"featured_media":0,"comment_status":"open","ping_status":"open","sticky":false,"template":"","format":"standard","meta":{"_links_to":"","_links_to_target":""},"categories":[23],"tags":[],"_links":{"self":[{"href":"https:\/\/www.r2cpress.com.br\/v1\/wp-json\/wp\/v2\/posts\/58055"}],"collection":[{"href":"https:\/\/www.r2cpress.com.br\/v1\/wp-json\/wp\/v2\/posts"}],"about":[{"href":"https:\/\/www.r2cpress.com.br\/v1\/wp-json\/wp\/v2\/types\/post"}],"author":[{"embeddable":true,"href":"https:\/\/www.r2cpress.com.br\/v1\/wp-json\/wp\/v2\/users\/2"}],"replies":[{"embeddable":true,"href":"https:\/\/www.r2cpress.com.br\/v1\/wp-json\/wp\/v2\/comments?post=58055"}],"version-history":[{"count":2,"href":"https:\/\/www.r2cpress.com.br\/v1\/wp-json\/wp\/v2\/posts\/58055\/revisions"}],"predecessor-version":[{"id":58057,"href":"https:\/\/www.r2cpress.com.br\/v1\/wp-json\/wp\/v2\/posts\/58055\/revisions\/58057"}],"wp:attachment":[{"href":"https:\/\/www.r2cpress.com.br\/v1\/wp-json\/wp\/v2\/media?parent=58055"}],"wp:term":[{"taxonomy":"category","embeddable":true,"href":"https:\/\/www.r2cpress.com.br\/v1\/wp-json\/wp\/v2\/categories?post=58055"},{"taxonomy":"post_tag","embeddable":true,"href":"https:\/\/www.r2cpress.com.br\/v1\/wp-json\/wp\/v2\/tags?post=58055"}],"curies":[{"name":"wp","href":"https:\/\/api.w.org\/{rel}","templated":true}]}}