{"id":58096,"date":"2013-02-01T10:28:06","date_gmt":"2013-02-01T13:28:06","guid":{"rendered":"http:\/\/www.r2cpress.com.br\/v1\/?p=58096"},"modified":"2013-02-01T10:28:06","modified_gmt":"2013-02-01T13:28:06","slug":"secretaria-de-educacao-de-ilheus-prepara-jornada-pedagogica","status":"publish","type":"post","link":"https:\/\/www.r2cpress.com.br\/v1\/2013\/02\/01\/secretaria-de-educacao-de-ilheus-prepara-jornada-pedagogica\/","title":{"rendered":"Secretaria de Educa\u00e7\u00e3o de Ilh\u00e9us prepara jornada pedag\u00f3gica"},"content":{"rendered":"<p><div id=\"attachment_58097\" style=\"width: 310px\" class=\"wp-caption alignright\"><a href=\"http:\/\/www.r2cpress.com.br\/v1\/wp-content\/uploads\/Secret\u00e1ria-de-Educa\u00e7\u00e3o-Marl\u00facia-Rocha-Foto-Secom-Ilh\u00e9us.jpg\"><img aria-describedby=\"caption-attachment-58097\" loading=\"lazy\" src=\"http:\/\/www.r2cpress.com.br\/v1\/wp-content\/uploads\/Secret\u00e1ria-de-Educa\u00e7\u00e3o-Marl\u00facia-Rocha-Foto-Secom-Ilh\u00e9us-300x199.jpg\" alt=\"Secret\u00e1ria de Educa\u00e7\u00e3o Marl\u00facia Rocha - Foto Secom Ilh\u00e9us\" width=\"300\" height=\"199\" class=\"size-medium wp-image-58097\" srcset=\"https:\/\/www.r2cpress.com.br\/v1\/wp-content\/uploads\/Secret\u00e1ria-de-Educa\u00e7\u00e3o-Marl\u00facia-Rocha-Foto-Secom-Ilh\u00e9us-300x199.jpg 300w, https:\/\/www.r2cpress.com.br\/v1\/wp-content\/uploads\/Secret\u00e1ria-de-Educa\u00e7\u00e3o-Marl\u00facia-Rocha-Foto-Secom-Ilh\u00e9us.jpg 500w\" sizes=\"(max-width: 300px) 100vw, 300px\" \/><\/a><p id=\"caption-attachment-58097\" class=\"wp-caption-text\">Secret\u00e1ria de Educa\u00e7\u00e3o Marl\u00facia Rocha &#8211; Foto Secom Ilh\u00e9us<\/p><\/div>A Prefeitura Municipal de Ilh\u00e9us, atrav\u00e9s da Secretaria de Educa\u00e7\u00e3o, realiza nos pr\u00f3ximos dias 18, 19 e 20 de fevereiro a Jornada Pedag\u00f3gica 2013. Segundo a secret\u00e1ria Marl\u00facia Rocha, o objetivo do evento \u00e9 debater com gestores das unidades educacionais da rede municipal, quest\u00f5es espec\u00edficas da educa\u00e7\u00e3o, com foco no desenvolvimento dos alunos.  <\/p>\n<p>         Nos dois primeiros dias, os educadores participar\u00e3o de palestras e debates, com tem\u00e1ticas referentes ao avan\u00e7o do processo educacional.  J\u00e1 no dia 20, as atividades acontecer\u00e3o nas pr\u00f3prias unidades escolares, onde os professores discutir\u00e3o o cronograma de trabalho para este ano letivo.<\/p>\n<p>         O evento \u00e9 voltado para todos os professes e gestores da educa\u00e7\u00e3o da rede municipal. A abertura contar\u00e1 com a presen\u00e7a do Prefeito Jabes Ribeiro e titulares das pastas municipais.<\/p>\n","protected":false},"excerpt":{"rendered":"<p>A Prefeitura Municipal de Ilh\u00e9us, atrav\u00e9s da Secretaria de Educa\u00e7\u00e3o, realiza nos pr\u00f3ximos dias 18, 19 e 20 de fevereiro a Jornada Pedag\u00f3gica 2013. Segundo a secret\u00e1ria Marl\u00facia Rocha, o objetivo do evento \u00e9 debater com gestores das unidades educacionais da rede municipal, quest\u00f5es espec\u00edficas da educa\u00e7\u00e3o, com foco no desenvolvimento dos alunos. Nos dois [&hellip;]<\/p>\n","protected":false},"author":2,"featured_media":0,"comment_status":"open","ping_status":"open","sticky":false,"template":"","format":"standard","meta":{"_links_to":"","_links_to_target":""},"categories":[23],"tags":[],"_links":{"self":[{"href":"https:\/\/www.r2cpress.com.br\/v1\/wp-json\/wp\/v2\/posts\/58096"}],"collection":[{"href":"https:\/\/www.r2cpress.com.br\/v1\/wp-json\/wp\/v2\/posts"}],"about":[{"href":"https:\/\/www.r2cpress.com.br\/v1\/wp-json\/wp\/v2\/types\/post"}],"author":[{"embeddable":true,"href":"https:\/\/www.r2cpress.com.br\/v1\/wp-json\/wp\/v2\/users\/2"}],"replies":[{"embeddable":true,"href":"https:\/\/www.r2cpress.com.br\/v1\/wp-json\/wp\/v2\/comments?post=58096"}],"version-history":[{"count":2,"href":"https:\/\/www.r2cpress.com.br\/v1\/wp-json\/wp\/v2\/posts\/58096\/revisions"}],"predecessor-version":[{"id":58099,"href":"https:\/\/www.r2cpress.com.br\/v1\/wp-json\/wp\/v2\/posts\/58096\/revisions\/58099"}],"wp:attachment":[{"href":"https:\/\/www.r2cpress.com.br\/v1\/wp-json\/wp\/v2\/media?parent=58096"}],"wp:term":[{"taxonomy":"category","embeddable":true,"href":"https:\/\/www.r2cpress.com.br\/v1\/wp-json\/wp\/v2\/categories?post=58096"},{"taxonomy":"post_tag","embeddable":true,"href":"https:\/\/www.r2cpress.com.br\/v1\/wp-json\/wp\/v2\/tags?post=58096"}],"curies":[{"name":"wp","href":"https:\/\/api.w.org\/{rel}","templated":true}]}}