{"id":58184,"date":"2013-02-01T20:06:03","date_gmt":"2013-02-01T23:06:03","guid":{"rendered":"http:\/\/www.r2cpress.com.br\/v1\/?p=58184"},"modified":"2013-02-01T20:06:03","modified_gmt":"2013-02-01T23:06:03","slug":"prefeitura-de-itabuna-22","status":"publish","type":"post","link":"https:\/\/www.r2cpress.com.br\/v1\/2013\/02\/01\/prefeitura-de-itabuna-22\/","title":{"rendered":"Prefeitura de Itabuna"},"content":{"rendered":"<p><center><a href=\"http:\/\/www.r2cpress.com.br\/v1\/wp-content\/uploads\/Hospital-de-Base-passar\u00e1-por-faxina\u00e7o-Foto-Gabriel-de-Oliveira-1-MONT.jpg\"><img loading=\"lazy\" src=\"http:\/\/www.r2cpress.com.br\/v1\/wp-content\/uploads\/Hospital-de-Base-passar\u00e1-por-faxina\u00e7o-Foto-Gabriel-de-Oliveira-1-MONT.jpg\" alt=\"Hospital de Base passar\u00e1 por faxina\u00e7o  - Foto Gabriel de  Oliveira (1) MONT\" width=\"500\" height=\"500\" class=\"aligncenter size-full wp-image-58186\" srcset=\"https:\/\/www.r2cpress.com.br\/v1\/wp-content\/uploads\/Hospital-de-Base-passar\u00e1-por-faxina\u00e7o-Foto-Gabriel-de-Oliveira-1-MONT.jpg 500w, https:\/\/www.r2cpress.com.br\/v1\/wp-content\/uploads\/Hospital-de-Base-passar\u00e1-por-faxina\u00e7o-Foto-Gabriel-de-Oliveira-1-MONT-150x150.jpg 150w, https:\/\/www.r2cpress.com.br\/v1\/wp-content\/uploads\/Hospital-de-Base-passar\u00e1-por-faxina\u00e7o-Foto-Gabriel-de-Oliveira-1-MONT-300x300.jpg 300w\" sizes=\"(max-width: 500px) 100vw, 500px\" \/><\/a><br \/>\n<strong>Sal\u00e1rios da Educa\u00e7\u00e3o ser\u00e3o creditados na segunda-feira<br \/>\nHospital de Base passar\u00e1 por \u201cfaxina\u00e7o\u201d este m\u00eas<br \/>\nNovos agentes de tr\u00e2nsito s\u00e3o capacitados em Itabuna<\/strong><\/center><\/p>\n<p><!--more--><\/p>\n<p>***<\/p>\n<p><strong>Sal\u00e1rios da Educa\u00e7\u00e3o ser\u00e3o creditados na segunda-feira<\/strong><\/p>\n<p>            Um problema t\u00e9cnico em uma das institui\u00e7\u00f5es banc\u00e1rias envolvidas no pagamento do sal\u00e1rio do m\u00eas de janeiro dos servidores da Rede Municipal de Ensino de Itabuna adiou para a manh\u00e3 de segunda-feira, 4 de fevereiro, o cr\u00e9dito na conta corrente dos servidores. Segundo o secret\u00e1rio da Fazenda, Marcos Antonio de Cerqueira, os arquivos eletr\u00f4nicos j\u00e1 foram produzidos e entrar\u00e3o no sistema dos bancos naquela data.<\/p>\n<p>            O secret\u00e1rio havia confirmado pela manh\u00e3 em reuni\u00e3o com os representantes da categoria no Centro Administrativo Municipal que o cr\u00e9dito seria feito na sexta-feira, mas a quest\u00e3o t\u00e9cnica envolvendo um dos bancos dificultou o cumprimento do acordo. De acordo com secret\u00e1rio da Fazenda, a folha de pagamento da Educa\u00e7\u00e3o do m\u00eas de janeiro absorver\u00e1 recursos da ordem de R$ 4.173.602,20 (quatro milh\u00f5es, cento e setenta tr\u00eas mil, seiscentos e dois reais e vinte centavos). <\/p>\n<p><strong>Hospital de Base passar\u00e1 por \u201cfaxina\u00e7o\u201d este m\u00eas<\/strong><\/p>\n<p>A dire\u00e7\u00e3o do Hospital de Base programa para este m\u00eas, um \u201cfaxina\u00e7o&#8221;, constante de limpeza e reparos na emerg\u00eancia do hospital. Ser\u00e3o melhorados 40 itens para cumprir o protocolo funcional da emerg\u00eancia e solucionar defici\u00eancias graves na estrutura do espa\u00e7o. A faxina deve durar entre 40 e 50 dias, por isso a \u00e1rea da emerg\u00eancia ficar\u00e1 isolada. Participar\u00e3o do \u201cfaxina\u00e7o\u201d a equipe do hospital, empresas privadas e volunt\u00e1rios.<br \/>\nSegundo o m\u00e9dico Paulo Bicalho, diretor-presidente da Funda\u00e7\u00e3o de Aten\u00e7\u00e3o a Sa\u00fade de Itabuna &#8211; FASI, administradora do hospital, o atendimento n\u00e3o ser\u00e1 prejudicado, pois um espa\u00e7o provis\u00f3rio, paralelo ao atual e adequado \u00e0s necessidades est\u00e1 sendo preparado. A emerg\u00eancia provis\u00f3ria ter\u00e1 recep\u00e7\u00e3o, banheiros, espa\u00e7o de apoio e 16 leitos. Novas entradas ser\u00e3o abertas para permitir acesso \u00e0 \u00e1rea, que \u00e9 um espa\u00e7o que foi constru\u00eddo em 2005, mas nunca foi utilizado.<br \/>\nO \u201cfaxina\u00e7o\u201d incluir\u00e1, al\u00e9m da limpeza geral, pintura, troca de piso, reforma na ventila\u00e7\u00e3o, revis\u00e3o da parte el\u00e9trica e do esgotamento e conserto de equipamentos. Paulo Bicalho afirmou que tudo o que estiver fora de padr\u00e3o ser\u00e1 contemplado pelo \u201cfaxina\u00e7o\u201d e at\u00e9 o toldo da entrada do hospital ser\u00e1 substitu\u00eddo.<br \/>\nA a\u00e7\u00e3o inclui a implanta\u00e7\u00e3o de novo sistema de telefonia, para melhorar a comunica\u00e7\u00e3o entre m\u00e9dicos, enfermeiros e recepcionistas. Ap\u00f3s as modifica\u00e7\u00f5es as cadeiras de rodas e macas ficar\u00e3o posicionadas na entrada da recep\u00e7\u00e3o para facilitar o atendimento de urg\u00eancias. No estacionamento ser\u00e3o colocados dois quiosques para a imprensa e um quiosque para funcionamento de um posto policial. Oferecendo aos profissionais acesso a internet, energia, ar condicionado, \u00e1gua, seguran\u00e7a e conforto.<\/p>\n<p>Novas a\u00e7\u00f5es<br \/>\nA preocupa\u00e7\u00e3o da administra\u00e7\u00e3o municipal \u00e9 promover um melhor atendimento para a popula\u00e7\u00e3o e a aten\u00e7\u00e3o aos pacientes \u00e9 uma das prioridades. Nesse intuito os colaboradores j\u00e1 est\u00e3o sendo preparados para melhor receber a popula\u00e7\u00e3o.<br \/>\nUma ger\u00eancia administrativa do setor de emerg\u00eancia foi implantada a fim de agilizar a solu\u00e7\u00e3o dos problemas mais simples, bem como uma coordena\u00e7\u00e3o de m\u00e9dicos e enfermeiros. Segundo o diretor Paulo Bicalho \u201co espa\u00e7o da emerg\u00eancia \u00e9 favor\u00e1vel n\u00e3o \u00e9 necess\u00e1rio aumentar, mas sim adequar \u00e0s necessidades\u201d disse.<br \/>\nSegundo Paulo Bicalho a Fasi tem porte para manter outras unidades, mas mant\u00eam apenas o Hospital de Base. Ele informou que est\u00e1 em estudo a cria\u00e7\u00e3o de uma Regula\u00e7\u00e3o de Internamentos, um servi\u00e7o online que passar\u00e1 informa\u00e7\u00f5es sobre vagas  para hospitais da regi\u00e3o Sul da Bahia que internam seus pacientes em Itabuna.<br \/>\nOutra a\u00e7\u00e3o anunciada pelo diretor \u00e9 o curso de capacita\u00e7\u00e3o para servidores em gest\u00e3o de compras, contratos e licita\u00e7\u00f5es. O curso faz parte da revis\u00e3o administrativa da institui\u00e7\u00e3o, orientada para atender a determina\u00e7\u00e3o do prefeito Claudevane Leite de atender a popula\u00e7\u00e3o com agilidade e transpar\u00eancia. Segundo Bicalho, todas as licita\u00e7\u00f5es e compras do Hospital de Base estar\u00e3o na internet atrav\u00e9s do SIGA3 (Sistema Integrado de Gest\u00e3o e Auditoria) e o TCM ter\u00e1 acesso instant\u00e2neo a essas contas.<br \/>\nAl\u00e9m da emerg\u00eancia, outros setores do hospital tamb\u00e9m devem passar por \u201cfaxina\u00e7o\u201d e reparo nos equipamentos em uma etapa posterior. O dirigente da Fasi acredita que no fim do primeiro trimestre, com a gest\u00e3o plena e a chegada dos recursos financeiros, os problemas do Hospital de Base ser\u00e3o resolvidos. \u201cCom essa limpeza e as provid\u00eancias tomadas agora, a popula\u00e7\u00e3o j\u00e1 vai notar a mudan\u00e7a que queremos\u201d frisou Paulo Bicalho. <\/p>\n<p><strong>Novos agentes de tr\u00e2nsito s\u00e3o capacitados em Itabuna<\/strong><\/p>\n<p>A partir deste m\u00eas de fevereiro, o trabalho de fiscaliza\u00e7\u00e3o e orienta\u00e7\u00e3o no tr\u00e2nsito de Itabuna passar\u00e1 a contar com mais 10 agentes, que est\u00e3o sendo incorporados ao quadro de servidores da Secretaria Municipal de Transportes e Tr\u00e2nsito (Settran) ap\u00f3s aprova\u00e7\u00e3o em concurso p\u00fablico realizado em 2008. Visando qualificar os novos agentes para atuar nas ruas de Itabuna, a Settran iniciou na quinta-feira, 31, um curso de qualifica\u00e7\u00e3o com aulas te\u00f3ricas e pr\u00e1ticas.<br \/>\nAs aulas te\u00f3ricas ser\u00e3o ministradas por t\u00e9cnicos da Secretaria de Transportes de Tr\u00e2nsito, incluindo profissionais advogados, psic\u00f3logos e pedagogos. A capacita\u00e7\u00e3o ser\u00e1 conclu\u00edda com a atua\u00e7\u00e3o dos novos agentes em campo sendo monitorados por outros servidores.<br \/>\n\tNa capacita\u00e7\u00e3o, que ter\u00e1 dura\u00e7\u00e3o total de 80 horas, s\u00e3o abordados temas como C\u00f3digo de Tr\u00e2nsito Brasileiro (Lei n\u00ba 9.503, de 23 de setembro de 1997), resolu\u00e7\u00f5es do Conselho Nacional de Tr\u00e2nsito, o papel do agente de tr\u00e2nsito, no\u00e7\u00f5es de primeiros socorros, educa\u00e7\u00e3o para o tr\u00e2nsito e rela\u00e7\u00f5es interpessoais. De acordo com o secret\u00e1rio titular da Settran, Clodovil Moreira Soares, com os novos servidores, o trabalho de fiscaliza\u00e7\u00e3o no tr\u00e2nsito passa a contar com 55 agentes.<br \/>\n\tO secret\u00e1rio ressalta que, com a amplia\u00e7\u00e3o do quadro de agentes, o trabalho de fiscaliza\u00e7\u00e3o e orienta\u00e7\u00e3o no tr\u00e2nsito de Itabuna ser\u00e1 intensificado. Ele informada ainda que a capacita\u00e7\u00e3o dos agentes ter\u00e1 uma const\u00e2ncia nas a\u00e7\u00f5es da Settran, inclusive com reciclagem peri\u00f3dica. <\/p>\n<p>&#8212;-<br \/>\nPrefeitura de Itabuna<br \/>\nDepartamento de Comunica\u00e7\u00e3o Social<br \/>\nFotos: Gabriel de Oliveira<\/p>\n","protected":false},"excerpt":{"rendered":"<p>Sal\u00e1rios da Educa\u00e7\u00e3o ser\u00e3o creditados na segunda-feira Hospital de Base passar\u00e1 por \u201cfaxina\u00e7o\u201d este m\u00eas Novos agentes de tr\u00e2nsito s\u00e3o capacitados em Itabuna<\/p>\n","protected":false},"author":2,"featured_media":0,"comment_status":"open","ping_status":"open","sticky":false,"template":"","format":"standard","meta":{"_links_to":"","_links_to_target":""},"categories":[15],"tags":[],"_links":{"self":[{"href":"https:\/\/www.r2cpress.com.br\/v1\/wp-json\/wp\/v2\/posts\/58184"}],"collection":[{"href":"https:\/\/www.r2cpress.com.br\/v1\/wp-json\/wp\/v2\/posts"}],"about":[{"href":"https:\/\/www.r2cpress.com.br\/v1\/wp-json\/wp\/v2\/types\/post"}],"author":[{"embeddable":true,"href":"https:\/\/www.r2cpress.com.br\/v1\/wp-json\/wp\/v2\/users\/2"}],"replies":[{"embeddable":true,"href":"https:\/\/www.r2cpress.com.br\/v1\/wp-json\/wp\/v2\/comments?post=58184"}],"version-history":[{"count":2,"href":"https:\/\/www.r2cpress.com.br\/v1\/wp-json\/wp\/v2\/posts\/58184\/revisions"}],"predecessor-version":[{"id":58188,"href":"https:\/\/www.r2cpress.com.br\/v1\/wp-json\/wp\/v2\/posts\/58184\/revisions\/58188"}],"wp:attachment":[{"href":"https:\/\/www.r2cpress.com.br\/v1\/wp-json\/wp\/v2\/media?parent=58184"}],"wp:term":[{"taxonomy":"category","embeddable":true,"href":"https:\/\/www.r2cpress.com.br\/v1\/wp-json\/wp\/v2\/categories?post=58184"},{"taxonomy":"post_tag","embeddable":true,"href":"https:\/\/www.r2cpress.com.br\/v1\/wp-json\/wp\/v2\/tags?post=58184"}],"curies":[{"name":"wp","href":"https:\/\/api.w.org\/{rel}","templated":true}]}}