{"id":5829,"date":"2011-01-05T17:09:14","date_gmt":"2011-01-05T20:09:14","guid":{"rendered":"http:\/\/www.r2cpress.com.br\/v1\/?p=5829"},"modified":"2011-01-05T17:09:14","modified_gmt":"2011-01-05T20:09:14","slug":"clube-de-corrida-vo3-representou-ilheus-na-sao-silvestre","status":"publish","type":"post","link":"https:\/\/www.r2cpress.com.br\/v1\/2011\/01\/05\/clube-de-corrida-vo3-representou-ilheus-na-sao-silvestre\/","title":{"rendered":"Clube de Corrida VO3 representou Ilh\u00e9us na S\u00e3o Silvestre"},"content":{"rendered":"<p><center> <a href=\"http:\/\/www.r2cpress.com.br\/v1\/wp-content\/uploads\/mont-capa5.jpg\"><img loading=\"lazy\" src=\"http:\/\/www.r2cpress.com.br\/v1\/wp-content\/uploads\/mont-capa5-272x300.jpg\" alt=\"\" title=\"mont capa\" width=\"272\" height=\"300\" class=\"alignnone size-medium wp-image-5830\" srcset=\"https:\/\/www.r2cpress.com.br\/v1\/wp-content\/uploads\/mont-capa5-272x300.jpg 272w, https:\/\/www.r2cpress.com.br\/v1\/wp-content\/uploads\/mont-capa5.jpg 687w\" sizes=\"(max-width: 272px) 100vw, 272px\" \/><\/a><\/center><\/p>\n<p>O Clube de corrida VO3 esteve presente na \u00faltima edi\u00e7\u00e3o da Corrida de S\u00e3o Silvestre, no dia 31 de dezembro de 2010. Alberto Kruschewsky, s\u00f3cio fundador do clube, sua esposa Rita M\u00e1rcia Kruschewsky, Jo\u00e3o Tude Freire e Andr\u00e9 Carvalho percorreram os 15 Km da prova juntamente com os 22.000 atletas amadores, sendo agraciados com medalha de finisher, para aqueles que finalizam a prova. Todos foram un\u00e2nimes em afirmar ser o evento uma festa imperd\u00edvel para aqueles que admiram ou praticam a corrida.<\/p>\n<p>Este ano a VO3 planeja estar presente com mais competidores no evento. <\/p>\n","protected":false},"excerpt":{"rendered":"<p>O Clube de corrida VO3 esteve presente na \u00faltima edi\u00e7\u00e3o da Corrida de S\u00e3o Silvestre, no dia 31 de dezembro de 2010. Alberto Kruschewsky, s\u00f3cio fundador do clube, sua esposa Rita M\u00e1rcia Kruschewsky, Jo\u00e3o Tude Freire e Andr\u00e9 Carvalho percorreram os 15 Km da prova juntamente com os 22.000 atletas amadores, sendo agraciados com medalha [&hellip;]<\/p>\n","protected":false},"author":2,"featured_media":0,"comment_status":"open","ping_status":"open","sticky":false,"template":"","format":"standard","meta":{"_links_to":"","_links_to_target":""},"categories":[11],"tags":[],"_links":{"self":[{"href":"https:\/\/www.r2cpress.com.br\/v1\/wp-json\/wp\/v2\/posts\/5829"}],"collection":[{"href":"https:\/\/www.r2cpress.com.br\/v1\/wp-json\/wp\/v2\/posts"}],"about":[{"href":"https:\/\/www.r2cpress.com.br\/v1\/wp-json\/wp\/v2\/types\/post"}],"author":[{"embeddable":true,"href":"https:\/\/www.r2cpress.com.br\/v1\/wp-json\/wp\/v2\/users\/2"}],"replies":[{"embeddable":true,"href":"https:\/\/www.r2cpress.com.br\/v1\/wp-json\/wp\/v2\/comments?post=5829"}],"version-history":[{"count":2,"href":"https:\/\/www.r2cpress.com.br\/v1\/wp-json\/wp\/v2\/posts\/5829\/revisions"}],"predecessor-version":[{"id":5832,"href":"https:\/\/www.r2cpress.com.br\/v1\/wp-json\/wp\/v2\/posts\/5829\/revisions\/5832"}],"wp:attachment":[{"href":"https:\/\/www.r2cpress.com.br\/v1\/wp-json\/wp\/v2\/media?parent=5829"}],"wp:term":[{"taxonomy":"category","embeddable":true,"href":"https:\/\/www.r2cpress.com.br\/v1\/wp-json\/wp\/v2\/categories?post=5829"},{"taxonomy":"post_tag","embeddable":true,"href":"https:\/\/www.r2cpress.com.br\/v1\/wp-json\/wp\/v2\/tags?post=5829"}],"curies":[{"name":"wp","href":"https:\/\/api.w.org\/{rel}","templated":true}]}}